{"id":130715,"date":"2025-05-27T02:22:12","date_gmt":"2025-05-27T02:22:12","guid":{"rendered":"https:\/\/www.europesays.com\/fr\/130715\/"},"modified":"2025-05-27T02:22:12","modified_gmt":"2025-05-27T02:22:12","slug":"japonais-canadiens-la-france-recupere-les-voyageurs-mis-en-fuite-par-trump-2","status":"publish","type":"post","link":"https:\/\/www.europesays.com\/fr\/130715\/","title":{"rendered":"Japonais, Canadiens\u2026 La France r\u00e9cup\u00e8re les voyageurs mis en fuite par Trump"},"content":{"rendered":"<p>Port\u00e9 par une dynamique internationale inattendue, le <a href=\"https:\/\/www.20minutes.fr\/dossier\/tourisme\" target=\"_blank\" class=\"color-ultramarine c-link\" rel=\"noopener\">tourisme<\/a> fran\u00e7ais s\u00e9duit de plus en plus de visiteurs d\u00e9sireux d\u2019\u00e9viter les <a href=\"https:\/\/www.20minutes.fr\/monde\/etats-unis\/\" target=\"_blank\" class=\"color-ultramarine c-link\" rel=\"noopener\">Etats-Unis<\/a> de Donald Trump. \u00ab\u00a0Nous voyons arriver 30\u00a0% de plus de touristes canadiens et japonais, parce qu\u2019ils ne souhaitent pas aujourd\u2019hui visiter les Etats-Unis de Trump\u00a0\u00bb, a d\u00e9clar\u00e9 lundi Nathalie Delattre, ministre d\u00e9l\u00e9gu\u00e9e au Tourisme, en d\u00e9placement en Corse.<\/p>\n<p>Selon elle, la France b\u00e9n\u00e9ficie pleinement de cette \u00ab\u00a0man\u0153uvre d\u2019\u00e9vitement\u00a0\u00bb initi\u00e9e par certains voyageurs, notamment en provenance du <a href=\"https:\/\/www.20minutes.fr\/dossier\/japon\" target=\"_blank\" class=\"color-ultramarine c-link\" rel=\"noopener\">Japon<\/a> et du <a href=\"https:\/\/www.20minutes.fr\/dossier\/canada\" target=\"_blank\" class=\"color-ultramarine c-link\" rel=\"noopener\">Canada<\/a>, mais aussi de l\u2019arriv\u00e9e de \u00ab\u00a0touristes \u00e9mergents\u00a0\u00bb, comme les Br\u00e9siliens. Un effet d\u2019aubaine que le gouvernement entend pleinement exploiter\u00a0: \u00ab\u00a0Nous allons pouvoir leur d\u00e9montrer l\u2019hospitalit\u00e9 \u00e0 la fran\u00e7aise\u00a0\u00bb, a-t-elle affirm\u00e9 lors d\u2019un point presse dans la citadelle d\u2019Ajaccio.<\/p>\n<p>Des r\u00e9servations estivales \u00ab\u00a0bonnes\u00a0\u00bb<\/p>\n<p>Malgr\u00e9 l\u2019absence de grands \u00e9v\u00e9nements internationaux en\u00a02025, Nathalie Delattre se montre confiante\u00a0: \u00ab\u00a0Les r\u00e9servations estivales s\u2019annoncent tr\u00e8s bonnes\u00a0\u00bb et la France \u00ab\u00a0peut esp\u00e9rer battre encore un record\u00a0\u00bb, apr\u00e8s avoir franchi la barre symbolique des 100\u00a0millions de visiteurs en\u00a02024, ann\u00e9e olympique. Un chiffre en hausse de 12\u00a0% par rapport \u00e0\u00a02023.<\/p>\n<\/p>\n<p>La ministre a \u00e9galement rappel\u00e9 le poids strat\u00e9gique de l\u2019<a href=\"https:\/\/www.20minutes.fr\/economie\/\" target=\"_blank\" class=\"color-ultramarine c-link\" rel=\"noopener\">\u00e9conomie touristique<\/a>, qui repr\u00e9sente \u00ab\u00a08\u00a0% de notre richesse nationale\u00a0\u00bb, g\u00e9n\u00e8re \u00ab\u00a015\u00a0milliards dans notre balance commerciale\u00a0\u00bb et soutient \u00ab\u00a0deux millions d\u2019emplois\u00a0\u00bb. Elle a particuli\u00e8rement salu\u00e9 la Corse, qualifi\u00e9e de \u00ab\u00a0territoire-p\u00e9pite\u00a0\u00bb, o\u00f9 le tourisme p\u00e8se \u00ab\u00a0cinq fois plus qu\u2019au niveau national\u00a0\u00bb. L\u2019\u00eele attire plus de trois millions de visiteurs chaque ann\u00e9e et g\u00e9n\u00e8re 3,4\u00a0milliards d\u2019euros de recettes.<\/p>\n<p>Faire la promotion l\u2019\u0153notourisme<\/p>\n<p>Parmi les axes de d\u00e9veloppement, Nathalie Delattre veut accentuer la promotion de l\u2019\u0153notourisme, \u00ab\u00a0tr\u00e8s demand\u00e9 par l\u2019ensemble de nos touristes \u00e9trangers\u00a0\u00bb. Ce segment en plein essor a progress\u00e9 de 20\u00a0% en huit ans, attirant d\u00e9sormais 12\u00a0millions de visiteurs par an autour du vin et des terroirs.<\/p>\n<p><a href=\"https:\/\/www.20minutes.fr\/dossier\/tourisme\" target=\"_blank\" class=\"c-link c-btn c-btn--primary\" rel=\"noopener\">Notre dossier sur le tourisme<\/a><\/p>\n<p>Face \u00e0 la concurrence internationale, la ministre appelle \u00e0 \u00ab\u00a0faire preuve d\u2019agressivit\u00e9 commerciale\u00a0\u00bb pour conserver la place de la France en t\u00eate des destinations mondiales. Mais elle alerte \u00e9galement sur les d\u00e9fis \u00e0 venir\u00a0: p\u00e9nurie de saisonniers, tensions sur le logement touristique et besoin d\u2019investissements dans un contexte de \u00ab\u00a0rigueur budg\u00e9taire\u00a0\u00bb.<\/p>\n","protected":false},"excerpt":{"rendered":"Port\u00e9 par une dynamique internationale inattendue, le tourisme fran\u00e7ais s\u00e9duit de plus en plus de visiteurs d\u00e9sireux d\u2019\u00e9viter&hellip;\n","protected":false},"author":2,"featured_media":130716,"comment_status":"","ping_status":"","sticky":false,"template":"","format":"standard","meta":{"footnotes":""},"categories":[4],"tags":[47,11,574,73,1011,27,662,2070,12,626,25,104,602],"class_list":{"0":"post-130715","1":"post","2":"type-post","3":"status-publish","4":"format-standard","5":"has-post-thumbnail","7":"category-france","8":"tag-actualite","9":"tag-actualites","10":"tag-canada","11":"tag-etats-unis","12":"tag-fr","13":"tag-france","14":"tag-ile-de-france","15":"tag-japon","16":"tag-news","17":"tag-paris","18":"tag-republique-francaise","19":"tag-societe","20":"tag-tourisme"},"share_on_mastodon":{"url":"https:\/\/pubeurope.com\/@fr\/114577417347382132","error":""},"_links":{"self":[{"href":"https:\/\/www.europesays.com\/fr\/wp-json\/wp\/v2\/posts\/130715","targetHints":{"allow":["GET"]}}],"collection":[{"href":"https:\/\/www.europesays.com\/fr\/wp-json\/wp\/v2\/posts"}],"about":[{"href":"https:\/\/www.europesays.com\/fr\/wp-json\/wp\/v2\/types\/post"}],"author":[{"embeddable":true,"href":"https:\/\/www.europesays.com\/fr\/wp-json\/wp\/v2\/users\/2"}],"replies":[{"embeddable":true,"href":"https:\/\/www.europesays.com\/fr\/wp-json\/wp\/v2\/comments?post=130715"}],"version-history":[{"count":0,"href":"https:\/\/www.europesays.com\/fr\/wp-json\/wp\/v2\/posts\/130715\/revisions"}],"wp:featuredmedia":[{"embeddable":true,"href":"https:\/\/www.europesays.com\/fr\/wp-json\/wp\/v2\/media\/130716"}],"wp:attachment":[{"href":"https:\/\/www.europesays.com\/fr\/wp-json\/wp\/v2\/media?parent=130715"}],"wp:term":[{"taxonomy":"category","embeddable":true,"href":"https:\/\/www.europesays.com\/fr\/wp-json\/wp\/v2\/categories?post=130715"},{"taxonomy":"post_tag","embeddable":true,"href":"https:\/\/www.europesays.com\/fr\/wp-json\/wp\/v2\/tags?post=130715"}],"curies":[{"name":"wp","href":"https:\/\/api.w.org\/{rel}","templated":true}]}}