{"id":130717,"date":"2025-05-27T02:23:11","date_gmt":"2025-05-27T02:23:11","guid":{"rendered":"https:\/\/www.europesays.com\/fr\/130717\/"},"modified":"2025-05-27T02:23:11","modified_gmt":"2025-05-27T02:23:11","slug":"lancien-gardien-allemand-oliver-kahn-a-depose-un-plan-de-cession","status":"publish","type":"post","link":"https:\/\/www.europesays.com\/fr\/130717\/","title":{"rendered":"l\u2019ancien gardien allemand Oliver Kahn a d\u00e9pos\u00e9 un plan de cession"},"content":{"rendered":"<p>Ce lundi apr\u00e8s-midi, Sud-Ouest annonce que l\u2019ancien footballeur allemand Oliver Kahn a d\u00e9pos\u00e9 une offre de reprise pour le club girondin.<\/p>\n<p class=\"fig-paragraph\">L\u2019ancien gardien allemand et ancien pr\u00e9sident du Bayern Munich Oliver Kahn a transmis lundi un document au tribunal de commerce de Bordeaux qui doit examiner mardi le plan de continuation, avec remboursement des cr\u00e9anciers, d\u00e9fendu par les Girondins (N2).<\/p>\n<p class=\"fig-paragraph\">Ce document, qualifi\u00e9 par un administrateur judiciaire joint par l\u2019AFP comme \u00abune lettre d\u2019intention non engageante \u00e0 ce stade\u00bb, pourrait influencer la d\u00e9cision du tribunal de commerce d\u2019autoriser la poursuite du plan de continuation des Girondins ou \u00eatre consid\u00e9r\u00e9 comme un plan de cession si la Chambre du Conseil le juge s\u00e9rieux.<\/p>\n<p class=\"fig-paragraph\">Mardi, les Girondins, en situation de redressement judiciaire depuis l\u2019\u00e9t\u00e9 dernier et qui ont \u00e9chou\u00e9 sportivement pour remonter en National \u00e0 l\u2019issue de la saison, doivent d\u00e9fendre leur plan de continuation devant l\u2019instance dont ils ont ramen\u00e9 la dette de 94 millions d\u2019euros \u00e0 26 millions d\u2019euros remboursables sur dix ans maximum.<\/p>\n<p class=\"fig-paragraph\">Les cr\u00e9anciers, regroup\u00e9s par classes de parties affect\u00e9es (regroupement par statut, prioritaire ou pas, et par int\u00e9r\u00eat \u00e9conomique commun), voteront pour accepter ou refuser les sommes propos\u00e9es, avec un verdict sur la viabilit\u00e9 du plan pr\u00e9vu entre le 10 et le 17 juin.<\/p>\n<p>30 millions d\u2019euros<\/p>\n<p class=\"fig-paragraph\">Le dossier transmis par Kahn et ses associ\u00e9s peut-il bouleverser ce sc\u00e9nario et \u00eatre jug\u00e9 \u00abmieux-disant\u00bb par l\u2019instance, c\u2019est-\u00e0-dire plus \u00e0 m\u00eame d\u2019assurer la p\u00e9rennit\u00e9 du club que le plan de continuation en cours\u00a0? R\u00e9ponse mardi.<\/p>\n<p class=\"fig-paragraph\">L\u2019int\u00e9r\u00eat d\u2019Oliver Kahn, 55 ans, pour une reprise des Girondins date de janvier, avec une visite en compagnie de son partenaire d\u2019affaires, l\u2019ex-pr\u00e9sident de l\u2019Olympique de Marseille Jacques-Henri Eyraud le mois suivant \u00e0 Bordeaux o\u00f9 il avait rencontr\u00e9 le maire de la ville Pierre Hurmic et la pr\u00e9sidente de la M\u00e9tropole Christine Bost. Le 11 avril, Kahn avait annonc\u00e9 avoir propos\u00e9 30 millions d\u2019euros pour le rachat des Girondins, dans un podcast produit par le quotidien allemand Bild, ajoutant avoir accompagn\u00e9 cette offre d\u2019une \u00abpreuve de ces fonds\u00bb.<\/p>\n<p class=\"fig-paragraph\">Il avait alors expliqu\u00e9 \u00eatre \u00abdepuis longtemps en discussion intensives avec les propri\u00e9taires et les actionnaires sur une entr\u00e9e potentielle (au capital du club, NDLR). Ce n\u2019est pas facile, c\u2019est tr\u00e8s complexe, toutefois nous avons fait un premier pas en proposant 30 millions d\u2019euros\u00bb.<\/p>\n<p class=\"fig-paragraph\">\u00c0 plusieurs reprises, le propri\u00e9taire actuel Gerard Lopez a indiqu\u00e9 qu\u2019il n\u2019entendait pas vendre les Girondins mais qu\u2019il \u00e9tait ouvert \u00e0 l\u2019arriv\u00e9e d\u2019actionnaires minoritaires. Sous sa direction depuis 2021, les Girondins ont \u00e9t\u00e9 rel\u00e9gu\u00e9s en Ligue 2, puis se sont plac\u00e9s l\u2019\u00e9t\u00e9 dernier sous la protection du tribunal de commerce, abandonnant statut professionnel et centre de formation, plongeant en National 2.<\/p>\n","protected":false},"excerpt":{"rendered":"Ce lundi apr\u00e8s-midi, Sud-Ouest annonce que l\u2019ancien footballeur allemand Oliver Kahn a d\u00e9pos\u00e9 une offre de reprise pour&hellip;\n","protected":false},"author":2,"featured_media":130718,"comment_status":"","ping_status":"","sticky":false,"template":"","format":"standard","meta":{"footnotes":""},"categories":[2],"tags":[11,454,69,448,83,451,64,450,449,1011,27,8379,2908,452,453,66,446,447,12,70,455],"class_list":{"0":"post-130717","1":"post","2":"type-post","3":"status-publish","4":"format-standard","5":"has-post-thumbnail","7":"category-actualites","8":"tag-actualites","9":"tag-ballon-dor","10":"tag-bundesliga","11":"tag-champions-league","12":"tag-coupe-de-france","13":"tag-coupe-du-monde","14":"tag-equipe-de-france","15":"tag-euro","16":"tag-europa-league","17":"tag-fr","18":"tag-france","19":"tag-gerard-lopez","20":"tag-girondins-de-bordeaux","21":"tag-italie","22":"tag-liga","23":"tag-ligue-1","24":"tag-ligue-2","25":"tag-ligue-des-champions","26":"tag-news","27":"tag-premier-league","28":"tag-uefa"},"share_on_mastodon":{"url":"https:\/\/pubeurope.com\/@fr\/114577421395576624","error":""},"_links":{"self":[{"href":"https:\/\/www.europesays.com\/fr\/wp-json\/wp\/v2\/posts\/130717","targetHints":{"allow":["GET"]}}],"collection":[{"href":"https:\/\/www.europesays.com\/fr\/wp-json\/wp\/v2\/posts"}],"about":[{"href":"https:\/\/www.europesays.com\/fr\/wp-json\/wp\/v2\/types\/post"}],"author":[{"embeddable":true,"href":"https:\/\/www.europesays.com\/fr\/wp-json\/wp\/v2\/users\/2"}],"replies":[{"embeddable":true,"href":"https:\/\/www.europesays.com\/fr\/wp-json\/wp\/v2\/comments?post=130717"}],"version-history":[{"count":0,"href":"https:\/\/www.europesays.com\/fr\/wp-json\/wp\/v2\/posts\/130717\/revisions"}],"wp:featuredmedia":[{"embeddable":true,"href":"https:\/\/www.europesays.com\/fr\/wp-json\/wp\/v2\/media\/130718"}],"wp:attachment":[{"href":"https:\/\/www.europesays.com\/fr\/wp-json\/wp\/v2\/media?parent=130717"}],"wp:term":[{"taxonomy":"category","embeddable":true,"href":"https:\/\/www.europesays.com\/fr\/wp-json\/wp\/v2\/categories?post=130717"},{"taxonomy":"post_tag","embeddable":true,"href":"https:\/\/www.europesays.com\/fr\/wp-json\/wp\/v2\/tags?post=130717"}],"curies":[{"name":"wp","href":"https:\/\/api.w.org\/{rel}","templated":true}]}}