{"id":130721,"date":"2025-05-27T02:25:13","date_gmt":"2025-05-27T02:25:13","guid":{"rendered":"https:\/\/www.europesays.com\/fr\/130721\/"},"modified":"2025-05-27T02:25:13","modified_gmt":"2025-05-27T02:25:13","slug":"cindy-caputo-quitte-las-saint-etienne-apres-cinq-saisons","status":"publish","type":"post","link":"https:\/\/www.europesays.com\/fr\/130721\/","title":{"rendered":"Cindy Caputo quitte l\u2019AS Saint-\u00c9tienne apr\u00e8s cinq saisons"},"content":{"rendered":"<p style=\"text-align:justify\">Cindy Caputo a annonc\u00e9 son d\u00e9part de l\u2019AS Saint-\u00c9tienne, mettant fin \u00e0 une aventure de cinq saisons sous le maillot vert. Courtis\u00e9e par plusieurs clubs europ\u00e9ens l\u2019\u00e9t\u00e9 dernier, elle avait choisi de prolonger d\u2019un an. Cette fois-ci, elle se lance \u00e0 la recherche d\u2019un nouveau d\u00e9fi. \u201cPeuple vert, apr\u00e8s cinq ann\u00e9es pass\u00e9es sous les couleurs de l\u2019ASSE, il est temps pour moi de vous dire au revoir et de tourner une page importante de ma carri\u00e8re.<\/p>\n<p style=\"text-align:justify\">Ce n\u2019est pas facile de dire au revoir \u00e0 un club qui a autant compt\u00e9 pour moi, mais je pars avec le c\u0153ur rempli de gratitude, de souvenirs et de fiert\u00e9.<\/p>\n<p style=\"text-align:justify\">Je tiens \u00e0 remercier l\u2019ensemble du club : dirigeants, entra\u00eeneurs, staff technique et m\u00e9dical, b\u00e9n\u00e9voles\u2026 Vous avez tous contribu\u00e9 \u00e0 faire de ces ann\u00e9es une superbe exp\u00e9rience humaine et sportive. Gr\u00e2ce \u00e0 vous, j\u2019ai grandi, appris, et v\u00e9cu des moments intenses, sur le terrain comme en dehors.<\/p>\n<p style=\"text-align:justify\">Merci \u00e0 mes co\u00e9quipi\u00e8res pour les batailles men\u00e9es ensemble, les victoires c\u00e9l\u00e9br\u00e9es, les d\u00e9faites surmont\u00e9es, et surtout pour les liens qui se sont cr\u00e9\u00e9s. Ce sont ces valeurs et ces \u00e9motions qui font la richesse du football et que je n\u2019oublierai jamais.<\/p>\n<p style=\"text-align:justify\">Enfin, un immense merci \u00e0 vous, supporters, fid\u00e8les parmi les fid\u00e8les. Vous qui \u00eates si passionn\u00e9s par ce club, vous qui avez toujours \u00e9t\u00e9 l\u00e0 pour nous pousser, m\u00eame dans les moments les plus compliqu\u00e9s. Vous qui \u00eates l\u2019\u00e2me de ce club.<\/p>\n<p style=\"text-align:justify\">Soyez en s\u00fbrs : l\u2019ASSE aura toujours une place sp\u00e9ciale dans mon c\u0153ur,\u201d a-t-elle laiss\u00e9 sur sa page du r\u00e9seau X.<\/p>\n<p>\u00a0<\/p>\n<p style=\"text-align:justify\">Le d\u00e9part de Cindy Caputo s\u2019inscrit dans une p\u00e9riode de profond remaniement pour l\u2019ASSE. Apr\u00e8s une saison compliqu\u00e9e marqu\u00e9e par le limogeage de Laurent Mortel en janvier et une s\u00e9rie de mauvais r\u00e9sultats (seulement deux victoires sur les 19 derni\u00e8res journ\u00e9es), le maintien a \u00e9t\u00e9 obtenu de justesse gr\u00e2ce \u00e0 un nul inesp\u00e9r\u00e9 contre Strasbourg (1-1).<\/p>\n<p style=\"text-align:justify\">Meilleure buteuse du club, Cindy Caputo laisse derri\u00e8re elle une empreinte forte \u00e0 Saint-\u00c9tienne. Son prochain club reste \u00e0 d\u00e9couvrir, mais son talent et son exp\u00e9rience ne manqueront pas d\u2019attirer de nouvelles opportunit\u00e9s.<\/p>\n<p>\u00a0<\/p>\n<p style=\"text-align:right\">Agb\u00e9m\u00e9gno DAGBOVI<\/p>\n<p style=\"text-align:right\">Cr\u00e9dit Photo : <strong>ASSE<\/strong><\/p>\n<p>                                                                            (function(d, s, id) {<br \/>\n            var js, fjs = d.getElementsByTagName(s)[0];<br \/>\n            if (d.getElementById(id)) return;<br \/>\n            js = d.createElement(s); js.id = id;<br \/>\n            js.src = \u00ab\u00a0\/\/connect.facebook.net\/fr_FR\/sdk.js#xfbml=1&#038;version=v2.8\u00a0\u00bb;<br \/>\n            fjs.parentNode.insertBefore(js, fjs);<br \/>\n        }(document, &lsquo;script&rsquo;, &lsquo;facebook-jssdk&rsquo;));<\/p>\n","protected":false},"excerpt":{"rendered":"Cindy Caputo a annonc\u00e9 son d\u00e9part de l\u2019AS Saint-\u00c9tienne, mettant fin \u00e0 une aventure de cinq saisons sous&hellip;\n","protected":false},"author":2,"featured_media":130722,"comment_status":"","ping_status":"","sticky":false,"template":"","format":"standard","meta":{"footnotes":""},"categories":[9653],"tags":[1111,11,18874,461,2430,3985,1777,674,1295,63,1011,27,12,25,4001],"class_list":{"0":"post-130721","1":"post","2":"type-post","3":"status-publish","4":"format-standard","5":"has-post-thumbnail","7":"category-saint-etienne","8":"tag-actu","9":"tag-actualites","10":"tag-arkema","11":"tag-asse","12":"tag-auvergne-rhone-alpes","13":"tag-depart","14":"tag-eu","15":"tag-europe","16":"tag-feminin","17":"tag-football","18":"tag-fr","19":"tag-france","20":"tag-news","21":"tag-republique-francaise","22":"tag-saint-etienne"},"share_on_mastodon":{"url":"https:\/\/pubeurope.com\/@fr\/114577429211006329","error":""},"_links":{"self":[{"href":"https:\/\/www.europesays.com\/fr\/wp-json\/wp\/v2\/posts\/130721","targetHints":{"allow":["GET"]}}],"collection":[{"href":"https:\/\/www.europesays.com\/fr\/wp-json\/wp\/v2\/posts"}],"about":[{"href":"https:\/\/www.europesays.com\/fr\/wp-json\/wp\/v2\/types\/post"}],"author":[{"embeddable":true,"href":"https:\/\/www.europesays.com\/fr\/wp-json\/wp\/v2\/users\/2"}],"replies":[{"embeddable":true,"href":"https:\/\/www.europesays.com\/fr\/wp-json\/wp\/v2\/comments?post=130721"}],"version-history":[{"count":0,"href":"https:\/\/www.europesays.com\/fr\/wp-json\/wp\/v2\/posts\/130721\/revisions"}],"wp:featuredmedia":[{"embeddable":true,"href":"https:\/\/www.europesays.com\/fr\/wp-json\/wp\/v2\/media\/130722"}],"wp:attachment":[{"href":"https:\/\/www.europesays.com\/fr\/wp-json\/wp\/v2\/media?parent=130721"}],"wp:term":[{"taxonomy":"category","embeddable":true,"href":"https:\/\/www.europesays.com\/fr\/wp-json\/wp\/v2\/categories?post=130721"},{"taxonomy":"post_tag","embeddable":true,"href":"https:\/\/www.europesays.com\/fr\/wp-json\/wp\/v2\/tags?post=130721"}],"curies":[{"name":"wp","href":"https:\/\/api.w.org\/{rel}","templated":true}]}}