{"id":130738,"date":"2025-05-27T02:40:14","date_gmt":"2025-05-27T02:40:14","guid":{"rendered":"https:\/\/www.europesays.com\/fr\/130738\/"},"modified":"2025-05-27T02:40:14","modified_gmt":"2025-05-27T02:40:14","slug":"le-futur-bowling-de-lorangerie-sort-de-terre","status":"publish","type":"post","link":"https:\/\/www.europesays.com\/fr\/130738\/","title":{"rendered":"Le futur bowling de l\u2019Orangerie sort de terre"},"content":{"rendered":"<p class=\"st-surtitre\">\n            Apr\u00e8s la d\u00e9molition de l\u2019ancien b\u00e2timent, un \u00e9quipement neuf, adapt\u00e9 aux enjeux \u00e9nerg\u00e9tiques gr\u00e2ce \u00e0 un b\u00e9ton bas carbone, est en cours de construction. Il ouvrira ses portes avant les f\u00eates de fin d\u2019ann\u00e9e.\n        <\/p>\n<p><img decoding=\"async\" alt=\"\" data-fileentryid=\"534991390\" src=\"https:\/\/www.europesays.com\/fr\/wp-content\/uploads\/2025\/05\/orangerie_int-1-jpg.jpeg\" style=\"margin:10px; float:left\"\/>\u00a0Sous l\u2019\u0153il impassible des cigognes, une grue (de chantier)\u00a0 installe avec pr\u00e9cision un pan de mur en b\u00e9ton, d\u2019une couleur ocre inhabituelle, ce mardi 26 mai. Ce mat\u00e9riau est celui choisi par l\u2019entreprise Rimea, \u00e0 la t\u00eate du bowling de l\u2019Orangerie. L\u2019ancien \u00e9tablissement, ferm\u00e9 en d\u00e9cembre 2022, a \u00e9t\u00e9 d\u00e9moli en 2024, pour laisser place \u00e0 un nouveau projet, qui commence \u00e0 sortir de terre.<br \/>\u00ab\u00a0Nous avons travaill\u00e9 pendant six ans sur ce projet pour l\u2019affiner. Le parc est class\u00e9 au titre des monuments historiques et les am\u00e9nagements doivent donc respecter un certain nombre de crit\u00e8res, d\u00e9crit Richard Meyer, le g\u00e9rant de Rimea. Nous allons rendre au parc plus de surface d\u00e9min\u00e9ralis\u00e9e qu\u2019auparavant et gr\u00e2ce au partenariat avec l\u2019entreprise Fehr, le b\u00e2timent limite son impact environnemental.\u00a0\u00bb \u00ab\u00a0Le futur bowling r\u00e9pond aux enjeux climatiques et aux usages de ce parc embl\u00e9matique de Strasbourg\u00a0\u00bb, se r\u00e9jouit Suzanne Brolly, adjointe \u00e0 la maire charg\u00e9e de la ville r\u00e9siliente. L\u2019\u00e9quipement sera en effet construit en b\u00e9ton pr\u00e9fabriqu\u00e9 thermique, con\u00e7u gr\u00e2ce \u00e0 du ciment \u00e0 base d\u2019argile non calcin\u00e9e, qui donne la teinte ocre \u00e0 l\u2019ensemble. \u00ab\u00a0Cette solution permet de r\u00e9duire de 50% l\u2019empreinte carbone du b\u00e9ton\u00a0\u00bb, avance Laurent Fehr, directeur du d\u00e9veloppement de la soci\u00e9t\u00e9 \u00e9ponyme.<\/p>\n<p>Int\u00e9gration paysag\u00e8re<\/p>\n<p>La soci\u00e9t\u00e9 Rimea pr\u00e9voit une ouverture avant les f\u00eates de fin d\u2019ann\u00e9e du nouvel \u00e9quipement, qui comprendra 32 pistes (et pourra donc accueillir des comp\u00e9titions), une brasserie, des jeux d\u2019arcade, un restaurant, une salle de billard, un salon de th\u00e9 et des salles de s\u00e9minaire. \u00ab\u00a0Le bowling s\u2019int\u00e9grera harmonieusement \u00e0 son environnement direct dans le parc\u00a0\u00bb, note avec satisfaction Marina Lafay, \u00e9lue r\u00e9f\u00e9rente du quartier de l\u2019Orangerie.<br \/>Le parc de l\u2019Orangerie<a href=\"https:\/\/www.strasbourg.eu\/-\/orangerie-avenir-du-parc-se-dessine-20250304\" rel=\"nofollow noopener\" target=\"_blank\"> fait actuellement l\u2019objet d\u2019un plan de gestion<\/a> sur 10 ans. En parall\u00e8le, les anciens zoo et mini-ferme ont laiss\u00e9 place \u00e0 <a href=\"https:\/\/www.strasbourg.eu\/-\/un-parc-pedagogique-a-la-place-du-zoo-de-l-orangerie\" rel=\"nofollow noopener\" target=\"_blank\">un projet multi-associatif<\/a> centr\u00e9 sur l\u2019\u00e9ducation \u00e0 la nature et la sensibilisation au bien-\u00eatre animal. Enfin, une nouvelle aire de jeux verra prochainement le jour. En attendant l\u2019ouverture du bowling, qui comprendra un bloc de toilettes publiques accessibles 24h\/24, des toilettes provisoires sont mises \u00e0 la disposition des usag\u00e8res et usagers.<\/p>\n<p>Lisette Gries<br \/>Photos J\u00e9r\u00f4me Dorkel<\/p>\n","protected":false},"excerpt":{"rendered":"Apr\u00e8s la d\u00e9molition de l\u2019ancien b\u00e2timent, un \u00e9quipement neuf, adapt\u00e9 aux enjeux \u00e9nerg\u00e9tiques gr\u00e2ce \u00e0 un b\u00e9ton bas&hellip;\n","protected":false},"author":2,"featured_media":130739,"comment_status":"","ping_status":"","sticky":false,"template":"","format":"standard","meta":{"footnotes":""},"categories":[2820],"tags":[1111,11,436,1777,674,1011,27,775,12,25,640,2086],"class_list":{"0":"post-130738","1":"post","2":"type-post","3":"status-publish","4":"format-standard","5":"has-post-thumbnail","7":"category-strasbourg","8":"tag-actu","9":"tag-actualites","10":"tag-environnement","11":"tag-eu","12":"tag-europe","13":"tag-fr","14":"tag-france","15":"tag-grand-est","16":"tag-news","17":"tag-republique-francaise","18":"tag-strasbourg","19":"tag-travaux"},"share_on_mastodon":{"url":"https:\/\/pubeurope.com\/@fr\/114577488200162018","error":""},"_links":{"self":[{"href":"https:\/\/www.europesays.com\/fr\/wp-json\/wp\/v2\/posts\/130738","targetHints":{"allow":["GET"]}}],"collection":[{"href":"https:\/\/www.europesays.com\/fr\/wp-json\/wp\/v2\/posts"}],"about":[{"href":"https:\/\/www.europesays.com\/fr\/wp-json\/wp\/v2\/types\/post"}],"author":[{"embeddable":true,"href":"https:\/\/www.europesays.com\/fr\/wp-json\/wp\/v2\/users\/2"}],"replies":[{"embeddable":true,"href":"https:\/\/www.europesays.com\/fr\/wp-json\/wp\/v2\/comments?post=130738"}],"version-history":[{"count":0,"href":"https:\/\/www.europesays.com\/fr\/wp-json\/wp\/v2\/posts\/130738\/revisions"}],"wp:featuredmedia":[{"embeddable":true,"href":"https:\/\/www.europesays.com\/fr\/wp-json\/wp\/v2\/media\/130739"}],"wp:attachment":[{"href":"https:\/\/www.europesays.com\/fr\/wp-json\/wp\/v2\/media?parent=130738"}],"wp:term":[{"taxonomy":"category","embeddable":true,"href":"https:\/\/www.europesays.com\/fr\/wp-json\/wp\/v2\/categories?post=130738"},{"taxonomy":"post_tag","embeddable":true,"href":"https:\/\/www.europesays.com\/fr\/wp-json\/wp\/v2\/tags?post=130738"}],"curies":[{"name":"wp","href":"https:\/\/api.w.org\/{rel}","templated":true}]}}