{"id":13074,"date":"2025-04-09T16:37:25","date_gmt":"2025-04-09T16:37:25","guid":{"rendered":"https:\/\/www.europesays.com\/fr\/13074\/"},"modified":"2025-04-09T16:37:25","modified_gmt":"2025-04-09T16:37:25","slug":"ulysse-star-academy-explique-pourquoi-il-napparait-jamais-avec-marine-pendant-la-tournee","status":"publish","type":"post","link":"https:\/\/www.europesays.com\/fr\/13074\/","title":{"rendered":"Ulysse (Star Academy) explique pourquoi il n&rsquo;appara\u00eet jamais avec Marine pendant la tourn\u00e9e"},"content":{"rendered":"<p>Ce mardi 8 avril, Ulysse a fait une mise au point sur les r\u00e9seaux sociaux \u00e0 propos de sa relation avec Marine pendant la tourn\u00e9e de la Star Academy. Le chanteur a expliqu\u00e9 pourquoi elle n&rsquo;apparaissait jamais \u00e0 ses c\u00f4t\u00e9s.<\/p>\n<p>La tourn\u00e9e de la Star Academy bat son plein. Depuis plusieurs semaines, Charles, Franck, Emma, Marguerite, Ulysse, Ebony, Marine, Maureen et Ma\u00efa parcourent les routes de France, Suisse et Belgique pour rencontrer leur public. Une exp\u00e9rience \u00e9prouvante pour les neuf \u00e9l\u00e8ves de la Star Academy. \u00ab\u00a0C&rsquo;est vrai qu&rsquo;\u00e0 des moments, on peut faire des petites overdoses des uns et des autres\u00a0\u00bb, avait confi\u00e9 Ulysse aux cam\u00e9ras de 50&prime; Inside sur<a href=\"https:\/\/www.programme-tv.net\/news\/tv\/373174-on-peut-faire-des-petites-overdoses-les-uns-des-autres-ulysse-star-academy-se-prononce-sur-la-cohabitation-parfois-difficile-avec-les-autres-eleves-pendant-la-tournee\/\" data-api-deeplink=\"teleloisirs:\/\/news\/373174\" target=\"_blank\" rel=\"noopener\"> la cohabitation avec ses camarades dans le tourbus<\/a>. Une contrainte qui avait d\u00e9j\u00e0 \u00e9t\u00e9 difficile \u00e0 g\u00e9rer pour le chanteur au ch\u00e2teau de Dammarie-les-Lys. Depuis la fin de la quotidienne de la Star Academy en tourn\u00e9e sur TF1+, Ulysse continue de documenter le Star Academy Tour 2025 sur TikTok. Des vlogs dans lesquels l&rsquo;absence de Marine \u2013 <a href=\"https:\/\/www.programme-tv.net\/news\/musique\/375183-ca-me-stresse-marine-star-academy-en-plein-dilemme-ce-choix-qu-elle-a-du-mal-a-faire-pour-la-suite-de-sa-carriere\/\" data-api-deeplink=\"teleloisirs:\/\/news\/375183\" target=\"_blank\" rel=\"noopener\">la grande gagnante de la saison 12<\/a> \u2013 a \u00e9t\u00e9 remarqu\u00e9e.<\/p>\n<p>Ulysse (Star Academy) explique pourquoi Marine n&rsquo;appara\u00eet pas dans ses vlogs<\/p>\n<p>Alors qu&rsquo;<a href=\"https:\/\/www.programme-tv.net\/news\/people\/370471-quand-il-est-revenu-marine-se-confie-sur-les-hauts-et-les-bas-de-sa-relation-avec-ulysse\/\" data-api-deeplink=\"teleloisirs:\/\/news\/370471\" target=\"_blank\" rel=\"noopener\">ils \u00e9taient comme chien et chat au ch\u00e2teau de la Star Academy<\/a>, Marine et Ulysse n&rsquo;apparaissent que rarement ensemble pendant la tourn\u00e9e. Une distance qui a interrog\u00e9 les fans. \u00ab\u00a0Pourquoi il n&rsquo;y a jamais Larine sur tes vlogs ?!\u00a0\u00bb, \u00ab\u00a0Il n&rsquo;y a jamais Marine dans les vlogs ! Dommage le duo \u00e9tait dr\u00f4le dans le ch\u00e2teau\u00a0\u00bb, \u00ab\u00a0Marine prend un autre bus on ne la voit jamais ?\u00a0\u00bb, \u00ab\u00a0Toujours pas Marine\u00a0\u00bb, ont comment\u00e9 les internautes sur<a href=\"https:\/\/www.tiktok.com\/@ulyssesaragas\/video\/7490601439266344215?lang=fr\" target=\"_blank\" rel=\"noopener\"> le compte TikTok du Marseillais<\/a>. Un questionnement auquel Ulysse a enfin d\u00e9cid\u00e9 de r\u00e9pondre. <b>\u00ab\u00a0Et non toujours pas, je filme les personnes avec lesquelles je reste, je ne fais pas une quotidienne\u00a0\u00bb<\/b>, a-t-il r\u00e9pondu. De quoi jeter un froid&#8230;<\/p>\n<p>                        Les fans d&rsquo;Ulysse (Star Academy) prennent sa d\u00e9fense apr\u00e8s des attaques sur les r\u00e9seaux sociaux<\/p>\n<p>Si certains fans ont reproch\u00e9 \u00e0 Ulysse l&rsquo;absence de Marine dans ses vlogs, d&rsquo;autres ont imm\u00e9diatement pris sa d\u00e9fense. \u00ab\u00a0Il filme qui il veut et ce qu&rsquo;il veut\u00a0\u00bb, \u00ab\u00a0Les gens veulent que tu filmes que Marine\u00a0\u00bb, \u00ab\u00a0Les gens qui cherchent Marine vous savez r\u00e9fl\u00e9chir ? Le vlog dure 4 minutes et vous jugez vraiment 4 minutes sur une journ\u00e9e de 24h\u00a0\u00bb, J&rsquo;adore Marine, c&rsquo;est m\u00eame ma pr\u00e9f\u00e9r\u00e9e de la saison mais je trouve insupportable certains commentaires. C&rsquo;est tes vlogs, tu mets qui tu veux dedans !\u00a0\u00bb, ont r\u00e9agi plusieurs internautes. Un soutien qui devrait rassurer le rockeur.<\/p>\n<p>        <script async src=\"\/\/www.tiktok.com\/embed.js\"><\/script><\/p>\n","protected":false},"excerpt":{"rendered":"Ce mardi 8 avril, Ulysse a fait une mise au point sur les r\u00e9seaux sociaux \u00e0 propos de&hellip;\n","protected":false},"author":2,"featured_media":13075,"comment_status":"","ping_status":"","sticky":false,"template":"","format":"standard","meta":{"footnotes":""},"categories":[1359],"tags":[1111,244,1697,5933,58,59,1011,27,5932,973,5095,5930,5251,5931],"class_list":{"0":"post-13074","1":"post","2":"type-post","3":"status-publish","4":"format-standard","5":"has-post-thumbnail","7":"category-people","8":"tag-actu","9":"tag-commentaire","10":"tag-concert","11":"tag-dans-les-coulisses-deu2026","12":"tag-divertissement","13":"tag-entertainment","14":"tag-fr","15":"tag-france","16":"tag-marine-star-academy-2024","17":"tag-people","18":"tag-star-academy","19":"tag-tournu00e9e","20":"tag-tu00e9lu00e9-loisirs","21":"tag-ulysse-star-academy-2024"},"share_on_mastodon":{"url":"https:\/\/pubeurope.com\/@fr\/114308988488321068","error":""},"_links":{"self":[{"href":"https:\/\/www.europesays.com\/fr\/wp-json\/wp\/v2\/posts\/13074","targetHints":{"allow":["GET"]}}],"collection":[{"href":"https:\/\/www.europesays.com\/fr\/wp-json\/wp\/v2\/posts"}],"about":[{"href":"https:\/\/www.europesays.com\/fr\/wp-json\/wp\/v2\/types\/post"}],"author":[{"embeddable":true,"href":"https:\/\/www.europesays.com\/fr\/wp-json\/wp\/v2\/users\/2"}],"replies":[{"embeddable":true,"href":"https:\/\/www.europesays.com\/fr\/wp-json\/wp\/v2\/comments?post=13074"}],"version-history":[{"count":0,"href":"https:\/\/www.europesays.com\/fr\/wp-json\/wp\/v2\/posts\/13074\/revisions"}],"wp:featuredmedia":[{"embeddable":true,"href":"https:\/\/www.europesays.com\/fr\/wp-json\/wp\/v2\/media\/13075"}],"wp:attachment":[{"href":"https:\/\/www.europesays.com\/fr\/wp-json\/wp\/v2\/media?parent=13074"}],"wp:term":[{"taxonomy":"category","embeddable":true,"href":"https:\/\/www.europesays.com\/fr\/wp-json\/wp\/v2\/categories?post=13074"},{"taxonomy":"post_tag","embeddable":true,"href":"https:\/\/www.europesays.com\/fr\/wp-json\/wp\/v2\/tags?post=13074"}],"curies":[{"name":"wp","href":"https:\/\/api.w.org\/{rel}","templated":true}]}}