{"id":130762,"date":"2025-05-27T02:56:12","date_gmt":"2025-05-27T02:56:12","guid":{"rendered":"https:\/\/www.europesays.com\/fr\/130762\/"},"modified":"2025-05-27T02:56:12","modified_gmt":"2025-05-27T02:56:12","slug":"ile-de-france-les-taxis-ont-manifeste-dans-les-aeroports-dorly-et-de-roissy","status":"publish","type":"post","link":"https:\/\/www.europesays.com\/fr\/130762\/","title":{"rendered":"Ile-de-France\u00a0: les taxis ont manifest\u00e9 dans les a\u00e9roports d&rsquo;Orly et de Roissy"},"content":{"rendered":"\n<p>A l\u2019issue d\u2019une rencontre avec les repr\u00e9sentants des chauffeurs, Fran\u00e7ois Bayrou avait annonc\u00e9 samedi soir le r\u00e9examen \u00e0 partir de mardi de la convention qui pr\u00e9voit une unification des tarifs pour le transport des malades, ainsi qu\u2019un travail sur le respect des r\u00e8gles par les plateformes de VTC, deux revendications majeures des taxis.<\/p>\n<p>Dimanche, les chauffeurs de taxis avaient d\u00e9cid\u00e9 de prolonger leur mobilisation.<\/p>\n<p>\u201cCharles de Gaulle et Orly sont occup\u00e9s comme pr\u00e9vu depuis 6H\u201c, a indiqu\u00e9 lundi matin Emmanuelle Cordier, pr\u00e9sidente de la F\u00e9d\u00e9ration nationale du taxi (FNDT).<\/p>\n<p> \u201cmouvement statique\u201d<\/p>\n<p>Cette action, pr\u00e9vue entre 6H et 8H, consistait en un \u201cmouvement statique\u201d: \u201csi vous vous mettez devant des terminaux, plus personne ne peut les atteindre\u201d, a d\u00e9clar\u00e9 le secr\u00e9taire f\u00e9d\u00e9ral de la FNDT, Dominique Buisson, qui n\u2019a pas pr\u00e9cis\u00e9 le nombre de taxis participant \u00e0 l\u2019action.<\/p>\n<p>Les chauffeurs devaient ensuite rejoindre leurs coll\u00e8gues Boulevard Raspail \u00e0 Paris, pr\u00e8s du minist\u00e8re des Transports, o\u00f9 ils sont rassembl\u00e9s depuis le d\u00e9but de leur mouvement.<\/p>\n<p>\u201cAujourd\u2019hui c\u2019est soft, c\u2019est \u00e0 partir de mercredi o\u00f9 il y aura vraiment aura un blocage si v\u00e9ritablement les r\u00e9unions ne donnent pas plus que \u00e7a\u201d, a ajout\u00e9 M. Buisson.<\/p>\n<p>Les chauffeurs de taxis sont mobilis\u00e9s depuis une semaine contre une convention qui va modifier leur r\u00e9mun\u00e9ration pour le transport de malades. Le nouveau syst\u00e8me entend reposer sur une prise en charge de 13 euros par l\u2019Assurance maladie, puis un tarif kilom\u00e9trique. Il est con\u00e7u pour dissuader les retours \u00e0 vide ou les temps d\u2019attente trop longs.<\/p>\n<p>Cette tarification doit entrer en vigueur le 1er octobre. L\u2019objectif est de limiter la croissance des d\u00e9penses de transport sanitaire qui ont atteint 6,74 milliards d\u2019euros en 2024, dont 3,07 milliards pour les taxis conventionn\u00e9s (un bond de 45% depuis 2019).<\/p>\n<p>Le r\u00e9examen pr\u00e9vu dans les prochaines semaines devra toutefois se faire \u201csans changer la date d\u2019application\u201d du texte et la cible en mati\u00e8re d\u2019\u00e9conomies, a pr\u00e9cis\u00e9 Fran\u00e7ois Bayrou.<\/p>\n","protected":false},"excerpt":{"rendered":"A l\u2019issue d\u2019une rencontre avec les repr\u00e9sentants des chauffeurs, Fran\u00e7ois Bayrou avait annonc\u00e9 samedi soir le r\u00e9examen \u00e0&hellip;\n","protected":false},"author":2,"featured_media":130763,"comment_status":"","ping_status":"","sticky":false,"template":"","format":"standard","meta":{"footnotes":""},"categories":[1592],"tags":[1111,11,659,25046,732,1777,674,1011,27,431,662,12,16483,626,25,16484,25500,2803,800],"class_list":{"0":"post-130762","1":"post","2":"type-post","3":"status-publish","4":"format-standard","5":"has-post-thumbnail","7":"category-ile-de-france","8":"tag-actu","9":"tag-actualites","10":"tag-aeroport-dorly","11":"tag-aeroport-de-roissy","12":"tag-assurance-maladie","13":"tag-eu","14":"tag-europe","15":"tag-fr","16":"tag-france","17":"tag-francois-bayrou","18":"tag-ile-de-france","19":"tag-news","20":"tag-orly","21":"tag-paris","22":"tag-republique-francaise","23":"tag-roissy","24":"tag-tarification","25":"tag-transport","26":"tag-transports"},"share_on_mastodon":{"url":"https:\/\/pubeurope.com\/@fr\/114577551177763868","error":""},"_links":{"self":[{"href":"https:\/\/www.europesays.com\/fr\/wp-json\/wp\/v2\/posts\/130762","targetHints":{"allow":["GET"]}}],"collection":[{"href":"https:\/\/www.europesays.com\/fr\/wp-json\/wp\/v2\/posts"}],"about":[{"href":"https:\/\/www.europesays.com\/fr\/wp-json\/wp\/v2\/types\/post"}],"author":[{"embeddable":true,"href":"https:\/\/www.europesays.com\/fr\/wp-json\/wp\/v2\/users\/2"}],"replies":[{"embeddable":true,"href":"https:\/\/www.europesays.com\/fr\/wp-json\/wp\/v2\/comments?post=130762"}],"version-history":[{"count":0,"href":"https:\/\/www.europesays.com\/fr\/wp-json\/wp\/v2\/posts\/130762\/revisions"}],"wp:featuredmedia":[{"embeddable":true,"href":"https:\/\/www.europesays.com\/fr\/wp-json\/wp\/v2\/media\/130763"}],"wp:attachment":[{"href":"https:\/\/www.europesays.com\/fr\/wp-json\/wp\/v2\/media?parent=130762"}],"wp:term":[{"taxonomy":"category","embeddable":true,"href":"https:\/\/www.europesays.com\/fr\/wp-json\/wp\/v2\/categories?post=130762"},{"taxonomy":"post_tag","embeddable":true,"href":"https:\/\/www.europesays.com\/fr\/wp-json\/wp\/v2\/tags?post=130762"}],"curies":[{"name":"wp","href":"https:\/\/api.w.org\/{rel}","templated":true}]}}