{"id":130764,"date":"2025-05-27T02:57:10","date_gmt":"2025-05-27T02:57:10","guid":{"rendered":"https:\/\/www.europesays.com\/fr\/130764\/"},"modified":"2025-05-27T02:57:10","modified_gmt":"2025-05-27T02:57:10","slug":"un-appartement-haussmannien-revisite-dans-un-esprit-brutaliste-a-paris","status":"publish","type":"post","link":"https:\/\/www.europesays.com\/fr\/130764\/","title":{"rendered":"Un appartement haussmannien revisit\u00e9 dans un esprit brutaliste \u00e0 Paris"},"content":{"rendered":"<p><img fetchpriority=\"high\" decoding=\"async\" width=\"1920\" height=\"1325\" src=\"https:\/\/www.europesays.com\/fr\/wp-content\/uploads\/2025\/05\/beautreillis-salleamanger-12.jpg\" alt=\"\" class=\"wp-image-48469\"  \/><\/p>\n<p class=\"has-drop-cap\">Il aura presque fallu repartir de z\u00e9ro. Missionn\u00e9 par une petite famille, l\u2019architecte et designer Thomas Vlach, de <strong>Studio Vlach<\/strong>, a totalement repens\u00e9 et r\u00e9nov\u00e9 cet appartement parisien situ\u00e9 dans le 4\u00e8me arrondissement de la capitale. Abrit\u00e9 dans un immeuble haussmannien datant de 1880, l\u2019appartement se d\u00e9ploie sur 104m\u00b2 et trois pi\u00e8ces traversantes. Un \u00e9crin lumineux qu\u2019il a fallu rendre fonctionnel, pour r\u00e9pondre au mode de vie des propri\u00e9taires. La cuisine, qui \u00e9tait jusqu\u2019alors isol\u00e9e, a ainsi \u00e9t\u00e9 rapproch\u00e9e des pi\u00e8ces de vie et du double salon, et l\u2019architecte a m\u00eame ajout\u00e9 une salle de bain et un dressing au reste de l\u2019habitation.<\/p>\n<p>C\u00f4t\u00e9 d\u00e9coration, le chef d\u2019orchestre du projet a mis\u00e9 sur une ambiance chaleureuse qui rend \u00e0 la fois hommage au caract\u00e8re haussmannien de la b\u00e2tisse et abrite des pi\u00e8ces plus contemporaines. Celui qui se dit sensible au fonctionnalisme et au brutalisme, mais aussi au travail de Joseph Dirand, <a href=\"https:\/\/www.milkdecoration.com\/tag\/pierre-yovanovitch\/\" target=\"_blank\" rel=\"noreferrer noopener\">Pierre Yovanovitch<\/a> et Tadao Ando, multiplie ici les effets de style. D\u00e9sireux de construire un lieu singulier et coh\u00e9rent, Thomas Vlach a dessin\u00e9 plusieurs pi\u00e8ces sp\u00e9cifiquement pour l\u2019appartement, \u00e0 l\u2019instar du miroir organique de la salle \u00e0 manger ou la biblioth\u00e8que du salon. Le tout est mis en sc\u00e8ne aux c\u00f4t\u00e9s de <a href=\"https:\/\/www.milkdecoration.com\/tag\/mobilier\/\" target=\"_blank\" rel=\"noreferrer noopener\">mobilier<\/a> vintage chin\u00e9 ou encore de pi\u00e8ces de collection appartenant \u00e0 la propri\u00e9taire des lieux. On note par exemple la pr\u00e9sence d\u2019objets et de c\u00e9ramiques anciennes, ou d\u2019une ancienne horloge \u00e0 poser Herm\u00e8s.<\/p>\n<p>Mais ce qui fait la force du projet, au-del\u00e0 de l\u2019am\u00e9nagement int\u00e9rieur, c\u2019est bien la ligne de meubles contemporains et intemporels \u00e9dit\u00e9s par la maison d\u2019\u00e9dition <strong>PARSA<\/strong>, que l\u2019architecte a lanc\u00e9e fin 2023 avec Shiva Shayan. Le duo \u00e9dite m\u00eame dor\u00e9navant certaines des pi\u00e8ces imagin\u00e9es pour cet appartement. Parmi elles, la tr\u00e8s longue table en marbre et bois de la salle \u00e0 manger ou la table basse sur mesure en granit vert. Dans le salon, un tapis <a href=\"https:\/\/www.milkdecoration.com\/le-flagship-nordic-knots-par-le-studio-giancarlo-valle\/\" target=\"_blank\" rel=\"noreferrer noopener\">Nordic Knots<\/a> habille \u00e9galement le sol, alors que tr\u00f4ne au mur un tableau triangulaire de l\u2019artiste iranien Sepand Danesh. Un ensemble \u00e9clectique, qui distille aussi quelques clins d\u2019\u0153il discrets \u00e0 l\u2019antiquit\u00e9. <\/p>\n","protected":false},"excerpt":{"rendered":"Il aura presque fallu repartir de z\u00e9ro. Missionn\u00e9 par une petite famille, l\u2019architecte et designer Thomas Vlach, de&hellip;\n","protected":false},"author":2,"featured_media":130765,"comment_status":"","ping_status":"","sticky":false,"template":"","format":"standard","meta":{"footnotes":""},"categories":[1888],"tags":[1111,1928,11,1927,1350,4397,1777,674,1011,27,16978,12,1926,626,1925,25,18865],"class_list":{"0":"post-130764","1":"post","2":"type-post","3":"status-publish","4":"format-standard","5":"has-post-thumbnail","7":"category-paris","8":"tag-actu","9":"tag-actu-paris","10":"tag-actualites","11":"tag-actualites-paris","12":"tag-architecture","13":"tag-decoration","14":"tag-eu","15":"tag-europe","16":"tag-fr","17":"tag-france","18":"tag-interieur","19":"tag-news","20":"tag-news-paris","21":"tag-paris","22":"tag-paris-news","23":"tag-republique-francaise","24":"tag-tribu"},"share_on_mastodon":{"url":"https:\/\/pubeurope.com\/@fr\/114577555030113495","error":""},"_links":{"self":[{"href":"https:\/\/www.europesays.com\/fr\/wp-json\/wp\/v2\/posts\/130764","targetHints":{"allow":["GET"]}}],"collection":[{"href":"https:\/\/www.europesays.com\/fr\/wp-json\/wp\/v2\/posts"}],"about":[{"href":"https:\/\/www.europesays.com\/fr\/wp-json\/wp\/v2\/types\/post"}],"author":[{"embeddable":true,"href":"https:\/\/www.europesays.com\/fr\/wp-json\/wp\/v2\/users\/2"}],"replies":[{"embeddable":true,"href":"https:\/\/www.europesays.com\/fr\/wp-json\/wp\/v2\/comments?post=130764"}],"version-history":[{"count":0,"href":"https:\/\/www.europesays.com\/fr\/wp-json\/wp\/v2\/posts\/130764\/revisions"}],"wp:featuredmedia":[{"embeddable":true,"href":"https:\/\/www.europesays.com\/fr\/wp-json\/wp\/v2\/media\/130765"}],"wp:attachment":[{"href":"https:\/\/www.europesays.com\/fr\/wp-json\/wp\/v2\/media?parent=130764"}],"wp:term":[{"taxonomy":"category","embeddable":true,"href":"https:\/\/www.europesays.com\/fr\/wp-json\/wp\/v2\/categories?post=130764"},{"taxonomy":"post_tag","embeddable":true,"href":"https:\/\/www.europesays.com\/fr\/wp-json\/wp\/v2\/tags?post=130764"}],"curies":[{"name":"wp","href":"https:\/\/api.w.org\/{rel}","templated":true}]}}