{"id":130775,"date":"2025-05-27T03:03:10","date_gmt":"2025-05-27T03:03:10","guid":{"rendered":"https:\/\/www.europesays.com\/fr\/130775\/"},"modified":"2025-05-27T03:03:10","modified_gmt":"2025-05-27T03:03:10","slug":"le-nouveau-plan-daide-demarre-a-gaza-et-perd-son-chef-aux-etats-unis","status":"publish","type":"post","link":"https:\/\/www.europesays.com\/fr\/130775\/","title":{"rendered":"Le nouveau plan d\u2019aide d\u00e9marre \u00e0 Gaza et\u2026 perd son chef aux Etats-Unis"},"content":{"rendered":"<p>              <a tabindex=\"-1\" title=\"Luis Lema\" href=\"https:\/\/www.letemps.ch\/profil\/luis-lema\" target=\"_blank\" rel=\"noopener\"><\/p>\n<p>                    <img decoding=\"async\" src=\"https:\/\/www.europesays.com\/fr\/wp-content\/uploads\/2025\/05\/1748314990_806_small.jpeg\" class=\"lazy\" alt=\"\"\/><\/p>\n<p><\/a>        <\/p>\n<p>    Publi\u00e9 le 26 mai 2025 \u00e0 19:18. \/ Modifi\u00e9 le 26 mai 2025 \u00e0 20:42.<\/p>\n<p> 4 min. de lecture<\/p>\n<p class=\"article__abstract-call-to-action\" data-ariato=\"TrackableElement\" data-trackable-element-type=\"article_abstract_cta\" data-trackable-element-location=\"article_header\" data-trackable-element-id=\"496016\">\n          <a data-event=\"click-&gt;clicked\" href=\"https:\/\/www.letemps.ch\/abonnements\" target=\"_blank\" rel=\"noopener\">Abonnez-vous<\/a> pour acc\u00e9der au r\u00e9sum\u00e9 en 20 secondes.\n        <\/p>\n<p>L\u2019annonce est officielle. Lundi aurait \u00e9t\u00e9 ouvert \u00e0 Gaza le premier \u00abcentre de distribution\u00bb d\u2019aide nouvelle formule. Con\u00e7u par les Isra\u00e9liens et les Am\u00e9ricains, recourant \u00e0 des mercenaires arm\u00e9s \u00e9trangers, ce plan court-circuite tout le syst\u00e8me mis en place par les Nations unies et les grandes organisations internationales. Ces derni\u00e8res ont \u00e9t\u00e9 emp\u00each\u00e9es de faire leur travail ces derni\u00e8res onze semaines et craignent notamment que ce mod\u00e8le d\u2019aide puisse provoquer des d\u00e9placements de populations massifs, en violation des Conventions de Gen\u00e8ve.<\/p>\n<p>Parmi ceux qui ont mis en doute l\u2019id\u00e9e que ce plan ait la moindre chance de respecter le droit international? Celui qui, jusqu\u2019\u00e0 la veille, \u00e9tait son directeur ex\u00e9cutif, l\u2019Am\u00e9ricain Jake Wood. Cet ancien Marine, d\u00e9cor\u00e9 pour ses faits d\u2019armes, avait apport\u00e9 l\u2019aura de sa c\u00e9l\u00e9brit\u00e9 \u00e0 ce nouveau dispositif. Il vient de d\u00e9missionner, au motif qu\u2019il \u00e9tait \u00abimpossible\u00bb, \u00e0 ses yeux, que ce plan respecte les principes fondamentaux du droit.<\/p>\n<p>    L\u2019histoire ne s\u2019arr\u00eate pas l\u00e0.<\/p>\n<p class=\"post-subscribe__mention\">Restez inform\u00e9(e) sans limites pendant toute l&rsquo;ann\u00e9e \u2192 votre abonnement digital mensuel d\u00e8s CHF 29.- \/ mois.<\/p>\n<p class=\"post-subscribe__mention post-subscribe__mention--temporary\">Abonnez-vous en quelques clics et payez facilement avec <b>Twint<\/b>.<\/p>\n<p>    <a class=\"button is-secondary\" data-event=\"click-&gt;clicked\" href=\"https:\/\/www.letemps.ch\/abonnements?wall_id=19\" target=\"_blank\" rel=\"noopener\">Je m&rsquo;abonne<\/a><\/p>\n<p class=\"post-subscribe__login\">\n        Vous avez d\u00e9j\u00e0 un compte ?<br \/>\n        <a class=\"link\" rel=\"nofollow noopener\" href=\"https:\/\/www.letemps.ch\/compte\/connexion?return_to=https%3A%2F%2Fwww.letemps.ch%2Fmonde%2Fle-nouveau-plan-d-aide-demarre-a-gaza-et-perd-son-chef-aux-etats-unis\" target=\"_blank\">Se connecter<\/a>\n      <\/p>\n","protected":false},"excerpt":{"rendered":"Publi\u00e9 le 26 mai 2025 \u00e0 19:18. \/ Modifi\u00e9 le 26 mai 2025 \u00e0 20:42. 4 min. de&hellip;\n","protected":false},"author":2,"featured_media":130776,"comment_status":"","ping_status":"","sticky":false,"template":"","format":"standard","meta":{"footnotes":""},"categories":[1589],"tags":[11,73,1866,664,25501,12,301,1864,1865,1863,308],"class_list":{"0":"post-130775","1":"post","2":"type-post","3":"status-publish","4":"format-standard","5":"has-post-thumbnail","7":"category-etats-unis","8":"tag-actualites","9":"tag-etats-unis","10":"tag-etats-unis-damerique","11":"tag-israel","12":"tag-le-conflit-israelo-palestinien","13":"tag-news","14":"tag-premium","15":"tag-united-states","16":"tag-united-states-of-america","17":"tag-us","18":"tag-usa"},"share_on_mastodon":{"url":"https:\/\/pubeurope.com\/@fr\/114577578633080443","error":""},"_links":{"self":[{"href":"https:\/\/www.europesays.com\/fr\/wp-json\/wp\/v2\/posts\/130775","targetHints":{"allow":["GET"]}}],"collection":[{"href":"https:\/\/www.europesays.com\/fr\/wp-json\/wp\/v2\/posts"}],"about":[{"href":"https:\/\/www.europesays.com\/fr\/wp-json\/wp\/v2\/types\/post"}],"author":[{"embeddable":true,"href":"https:\/\/www.europesays.com\/fr\/wp-json\/wp\/v2\/users\/2"}],"replies":[{"embeddable":true,"href":"https:\/\/www.europesays.com\/fr\/wp-json\/wp\/v2\/comments?post=130775"}],"version-history":[{"count":0,"href":"https:\/\/www.europesays.com\/fr\/wp-json\/wp\/v2\/posts\/130775\/revisions"}],"wp:featuredmedia":[{"embeddable":true,"href":"https:\/\/www.europesays.com\/fr\/wp-json\/wp\/v2\/media\/130776"}],"wp:attachment":[{"href":"https:\/\/www.europesays.com\/fr\/wp-json\/wp\/v2\/media?parent=130775"}],"wp:term":[{"taxonomy":"category","embeddable":true,"href":"https:\/\/www.europesays.com\/fr\/wp-json\/wp\/v2\/categories?post=130775"},{"taxonomy":"post_tag","embeddable":true,"href":"https:\/\/www.europesays.com\/fr\/wp-json\/wp\/v2\/tags?post=130775"}],"curies":[{"name":"wp","href":"https:\/\/api.w.org\/{rel}","templated":true}]}}