{"id":130781,"date":"2025-05-27T03:06:16","date_gmt":"2025-05-27T03:06:16","guid":{"rendered":"https:\/\/www.europesays.com\/fr\/130781\/"},"modified":"2025-05-27T03:06:16","modified_gmt":"2025-05-27T03:06:16","slug":"les-grandes-entreprises-americaines-se-ruent-en-europe-pour-se-financer","status":"publish","type":"post","link":"https:\/\/www.europesays.com\/fr\/130781\/","title":{"rendered":"les grandes entreprises am\u00e9ricaines se ruent en Europe pour se financer"},"content":{"rendered":"<p><strong>D\u00c9CRYPTAGE &#8211;<\/strong> Elles sont aujourd\u2019hui les premi\u00e8res \u00e9mettrices de dette en euros. Cela leur co\u00fbte moins cher qu\u2019en dollars et les prot\u00e8ge contre la guerre commerciale.<\/p>\n<p class=\"fig-paragraph\">C\u2019est l\u2019une des cons\u00e9quences de\u00a0<a href=\"http:\/\/www.lefigaro.fr\/conjoncture\/dossier\/droits-de-douane-americains-notre-dossier-pour-tout-comprendre\" data-fig-type=\"Topic\" data-gtm-custom-categorie=\"navigation\" data-gtm-custom-action=\"crossclick\" data-gtm-custom-label=\"Contextuel\" data-gtm-event=\"customEventSPE\" data-fig-domain=\"LEFIGARO\" target=\"_blank\" rel=\"noopener\">la guerre commerciale<\/a>\u00a0lanc\u00e9e par Donald Trump en d\u00e9but d\u2019ann\u00e9e. Alors que l\u2019incertitude concernant les droits de douane est \u00e0 son comble, les multinationales am\u00e9ricaines sont de plus en plus nombreuses \u00e0 venir en Europe pour se financer.\u00a0<a href=\"http:\/\/www.lefigaro.fr\/secteur\/high-tech\/lunettes-connectees-visioconferences-en-3d-le-figaro-a-essaye-en-avant-premiere-les-futurs-appareils-de-google-20250522\" data-fig-type=\"Article\" data-gtm-custom-categorie=\"navigation\" data-gtm-custom-action=\"crossclick\" data-gtm-custom-label=\"Contextuel\" data-gtm-event=\"customEventSPE\" data-fig-domain=\"LEFIGARO\" target=\"_blank\" rel=\"noopener\">Alphabet, la maison m\u00e8re de Google,\u00a0<\/a>a ainsi r\u00e9cemment emprunt\u00e9 6,75\u00a0milliards d\u2019euros sur les march\u00e9s obligataires du Vieux Continent\u00a0! D\u2019autres grands groupes ont fait de m\u00eame, comme les laboratoires Johnson &amp;\u00a0Johnson (4\u00a0milliards) et Pfizer (3,3\u00a0milliards), Visa (3,5\u00a0milliards) ou encore IBM (3,5\u00a0milliards). \u00ab\u00a0Le ph\u00e9nom\u00e8ne est marquant\u00a0: cinq des dix plus grosses \u00e9missions de dette en euros en 2025 ont \u00e9t\u00e9 r\u00e9alis\u00e9es par des groupes am\u00e9ricains\u00a0\u00bb, rel\u00e8ve Blaise Bourdy, responsable de l\u2019origination sur les march\u00e9s de capitaux de dette pour les entreprises France, Belgique et Luxembourg, \u00e0 la Soci\u00e9t\u00e9 g\u00e9n\u00e9rale.<\/p>\n<p class=\"fig-paragraph\">Les montants emprunt\u00e9s depuis le d\u00e9but de l\u2019ann\u00e9e, et en particulier depuis mars, sont tellement importants\u2026<\/p>\n<p class=\"fig-premium-paywall__infos\">\n        Cet article est r\u00e9serv\u00e9 aux abonn\u00e9s.        Il vous reste 81% \u00e0 d\u00e9couvrir.\n    <\/p>\n<p>                <img  data- alt=\"Le Figaro\" class=\"fig-img--complete fig-img\"\/><\/p>\n<p class=\"fig-premium-paywall__title\">Vente Flash<\/p>\n<p class=\"fig-premium-paywall__subtitle\">4,99\u20ac par mois pendant 12 mois. Sans engagement.<\/p>\n<p class=\"fig-premium-paywall__connect\">\n                D\u00e9j\u00e0 abonn\u00e9\u00a0?                <a class=\"fig-premium-paywall__connect-link\" href=\"https:\/\/connect.lefigaro.fr\/login?client=horizon_web&amp;type=main&amp;redirect_uri=https%3A%2F%2Fwww.lefigaro.fr%2Fsocietes%2Fcela-revient-moins-cher-d-emprunter-en-euros-les-grandes-entreprises-americaines-se-ruent-en-europe-pour-se-financer-20250526\" data-js-gtm=\"{&quot;customCategorie&quot;: &quot;conversion&quot;, &quot;customAction&quot;: &quot;before_Landing_Connexion_paywall_auto&quot;, &quot;customLabel&quot;: &quot;bGVmaWdhcm8uZnJfXzFmMDNhMTdlLWNiYWItNjMwMi04OTdmLTIxYTFmYWZiYTNiZV9fQXJ0aWNsZQ==_\u00abCela revient moins cher d\u2019emprunter en euros\u00bb: les grandes entreprises am\u00e9ricaines se ruent en Europe pour se financer_105&quot;, &quot;customIDSPE&quot;: &quot;bGVmaWdhcm8uZnJfXzFmMDNhMTdlLWNiYWItNjMwMi04OTdmLTIxYTFmYWZiYTNiZV9fQXJ0aWNsZQ==&quot;, &quot;event&quot;: &quot;customEventSPE&quot;}\" target=\"_blank\" rel=\"noopener\"><br \/>\n                    Connectez-vous<br \/>\n                <\/a>\n            <\/p>\n","protected":false},"excerpt":{"rendered":"D\u00c9CRYPTAGE &#8211; Elles sont aujourd\u2019hui les premi\u00e8res \u00e9mettrices de dette en euros. Cela leur co\u00fbte moins cher qu\u2019en&hellip;\n","protected":false},"author":2,"featured_media":130782,"comment_status":"","ping_status":"","sticky":false,"template":"","format":"standard","meta":{"footnotes":""},"categories":[1586],"tags":[631,627,630,11,340,398,343,634,405,629,6327,636,313,1777,674,632,638,1011,27,637,399,639,635,12,25,401,628,633,407],"class_list":{"0":"post-130781","1":"post","2":"type-post","3":"status-publish","4":"format-standard","5":"has-post-thumbnail","7":"category-europe","8":"tag-action","9":"tag-actions-francaise","10":"tag-actualite-bourse","11":"tag-actualites","12":"tag-bourse","13":"tag-bourse-de-paris","14":"tag-cac-40","15":"tag-cotation","16":"tag-cotations","17":"tag-cours-des-societes-francaises","18":"tag-dette","19":"tag-devises","20":"tag-entreprises","21":"tag-eu","22":"tag-europe","23":"tag-fcp","24":"tag-figaro","25":"tag-fr","26":"tag-france","27":"tag-indices","28":"tag-investissement","29":"tag-le-figaro","30":"tag-marches","31":"tag-news","32":"tag-republique-francaise","33":"tag-sicav","34":"tag-societes-etrangeres","35":"tag-warrant","36":"tag-warrants"},"share_on_mastodon":{"url":"https:\/\/pubeurope.com\/@fr\/114577590406839151","error":""},"_links":{"self":[{"href":"https:\/\/www.europesays.com\/fr\/wp-json\/wp\/v2\/posts\/130781","targetHints":{"allow":["GET"]}}],"collection":[{"href":"https:\/\/www.europesays.com\/fr\/wp-json\/wp\/v2\/posts"}],"about":[{"href":"https:\/\/www.europesays.com\/fr\/wp-json\/wp\/v2\/types\/post"}],"author":[{"embeddable":true,"href":"https:\/\/www.europesays.com\/fr\/wp-json\/wp\/v2\/users\/2"}],"replies":[{"embeddable":true,"href":"https:\/\/www.europesays.com\/fr\/wp-json\/wp\/v2\/comments?post=130781"}],"version-history":[{"count":0,"href":"https:\/\/www.europesays.com\/fr\/wp-json\/wp\/v2\/posts\/130781\/revisions"}],"wp:featuredmedia":[{"embeddable":true,"href":"https:\/\/www.europesays.com\/fr\/wp-json\/wp\/v2\/media\/130782"}],"wp:attachment":[{"href":"https:\/\/www.europesays.com\/fr\/wp-json\/wp\/v2\/media?parent=130781"}],"wp:term":[{"taxonomy":"category","embeddable":true,"href":"https:\/\/www.europesays.com\/fr\/wp-json\/wp\/v2\/categories?post=130781"},{"taxonomy":"post_tag","embeddable":true,"href":"https:\/\/www.europesays.com\/fr\/wp-json\/wp\/v2\/tags?post=130781"}],"curies":[{"name":"wp","href":"https:\/\/api.w.org\/{rel}","templated":true}]}}