{"id":130783,"date":"2025-05-27T03:07:08","date_gmt":"2025-05-27T03:07:08","guid":{"rendered":"https:\/\/www.europesays.com\/fr\/130783\/"},"modified":"2025-05-27T03:07:08","modified_gmt":"2025-05-27T03:07:08","slug":"jack-miller-a-eu-un-dimanche-decent-mais-jutilisais-le-bord-du-pneu-pour-tourner-je-ne-pensais-pas-que-ca-tiendrait-je-me-suis-rendu-compte-que-ce-netait-pas-faisable","status":"publish","type":"post","link":"https:\/\/www.europesays.com\/fr\/130783\/","title":{"rendered":"Jack Miller a eu un dimanche &lsquo;d\u00e9cent&rsquo; mais : &lsquo;J&rsquo;utilisais le bord du pneu pour tourner, je ne pensais pas que \u00e7a tiendrait ; je me suis rendu compte que ce n&rsquo;\u00e9tait pas faisable.&rsquo;"},"content":{"rendered":"<p>Jack Miller est parti de Silverstone avec des sentiments mitig\u00e9s : heureux de la performance globale, mais frustr\u00e9 par la fa\u00e7on dont la course s\u2019est termin\u00e9e. L\u2019Australien a commenc\u00e9 fort lors des deux d\u00e9parts et s\u2019est senti comp\u00e9titif dans les premi\u00e8res phases de la course.<\/p>\n<p>\u2018Donc un dimanche correct. Le premier d\u00e9part \u00e9tait bon. Je suis parti proprement. La moto fonctionnait bien. Et puis, oui, j\u2019\u00e9tais plut\u00f4t bien l\u00e0 o\u00f9 nous \u00e9tions, mais, malheureusement, le vieux drapeau rouge a \u00e9t\u00e9 brandi, et ensuite, nous avons d\u00fb tout recommencer. Mais, le second \u00e9tait bon aussi. J\u2019ai eu un bon d\u00e9part, j\u2019ai pris de bons premiers virages propres, et j\u2019ai pu me mettre au travail,\u2019 a-t-il commenc\u00e9.<\/p>\n<p>Miller a rep\u00e9r\u00e9 une faiblesse chez les pilotes Ducati et a essay\u00e9 de suivre le rythme de Quartararo : \u2018Je pouvais voir que les gar\u00e7ons de Ducati avaient du mal avec l\u2019avant. Nous \u00e9tions avec le tendre, donc \u00e7a fonctionnait plut\u00f4t bien d\u00e8s le d\u00e9part. J\u2019ai essay\u00e9 de suivre un rythme similaire \u00e0 celui de Fabio Quartararo au d\u00e9but, mais, pour \u00eatre honn\u00eate, j\u2019ai compris apr\u00e8s probablement trois ou quatre tours que cela ne serait pas faisable pour la dur\u00e9e de la course.\u2019<\/p>\n<p>Pour rester comp\u00e9titif, il a d\u00fb adapter son style : \u2018C\u2019est pourquoi je devais maintenir la vitesse en virage ou tourner de la mani\u00e8re dont je devais forcer le pneu avant \u00e0 tourner la moto dans les virages, comme le cinq. J\u2019utilisais vraiment beaucoup le bord, et je me suis dit, d\u2019accord, \u00e7a n\u2019a pas l\u2019air d\u2019\u00eatre fait pour la distance. Mais, j\u2019ai pu changer un peu mes trajectoires pour juste couper un peu plus dans le vent plut\u00f4t que d\u2019\u00eatre pouss\u00e9 par le vent et de lutter contre lui avec le pneu.\u2019<\/p>\n<p>Le plan semblait fonctionner \u2014 jusqu\u2019\u00e0 ce que le chaos \u00e9clate : \u2018Confortable l\u00e0 derri\u00e8re Marc M\u00e1rquez. Et puis, ouais, environ quatre tours avant la fin. Je pouvais voir que le rythme de Marc avait un peu ralenti, et je me disais juste que j\u2019\u00e9valuais o\u00f9 je pouvais peut-\u00eatre tenter un d\u00e9passement sur lui. Et \u00e0 ce moment-l\u00e0\u2026 Franco Morbidelli est arriv\u00e9, et et l\u00e0, tout est devenu fou avec moi, lui, et, et \u00c1lex M\u00e1rquez.\u2019<\/p>\n","protected":false},"excerpt":{"rendered":"Jack Miller est parti de Silverstone avec des sentiments mitig\u00e9s : heureux de la performance globale, mais frustr\u00e9&hellip;\n","protected":false},"author":2,"featured_media":130784,"comment_status":"","ping_status":"","sticky":false,"template":"","format":"standard","meta":{"footnotes":""},"categories":[1586],"tags":[11,1777,674,1779,1011,27,12836,1458,12,25,1778,364],"class_list":{"0":"post-130783","1":"post","2":"type-post","3":"status-publish","4":"format-standard","5":"has-post-thumbnail","7":"category-europe","8":"tag-actualites","9":"tag-eu","10":"tag-europe","11":"tag-european-union","12":"tag-fr","13":"tag-france","14":"tag-jack-miller","15":"tag-motogp","16":"tag-news","17":"tag-republique-francaise","18":"tag-ue","19":"tag-union-europeenne"},"share_on_mastodon":{"url":"https:\/\/pubeurope.com\/@fr\/114577594336137433","error":""},"_links":{"self":[{"href":"https:\/\/www.europesays.com\/fr\/wp-json\/wp\/v2\/posts\/130783","targetHints":{"allow":["GET"]}}],"collection":[{"href":"https:\/\/www.europesays.com\/fr\/wp-json\/wp\/v2\/posts"}],"about":[{"href":"https:\/\/www.europesays.com\/fr\/wp-json\/wp\/v2\/types\/post"}],"author":[{"embeddable":true,"href":"https:\/\/www.europesays.com\/fr\/wp-json\/wp\/v2\/users\/2"}],"replies":[{"embeddable":true,"href":"https:\/\/www.europesays.com\/fr\/wp-json\/wp\/v2\/comments?post=130783"}],"version-history":[{"count":0,"href":"https:\/\/www.europesays.com\/fr\/wp-json\/wp\/v2\/posts\/130783\/revisions"}],"wp:featuredmedia":[{"embeddable":true,"href":"https:\/\/www.europesays.com\/fr\/wp-json\/wp\/v2\/media\/130784"}],"wp:attachment":[{"href":"https:\/\/www.europesays.com\/fr\/wp-json\/wp\/v2\/media?parent=130783"}],"wp:term":[{"taxonomy":"category","embeddable":true,"href":"https:\/\/www.europesays.com\/fr\/wp-json\/wp\/v2\/categories?post=130783"},{"taxonomy":"post_tag","embeddable":true,"href":"https:\/\/www.europesays.com\/fr\/wp-json\/wp\/v2\/tags?post=130783"}],"curies":[{"name":"wp","href":"https:\/\/api.w.org\/{rel}","templated":true}]}}