{"id":130787,"date":"2025-05-27T03:09:11","date_gmt":"2025-05-27T03:09:11","guid":{"rendered":"https:\/\/www.europesays.com\/fr\/130787\/"},"modified":"2025-05-27T03:09:11","modified_gmt":"2025-05-27T03:09:11","slug":"un-message-a-ses-eleves-une-lettre-dadieu-un-professeur-de-philosophie-porte-disparu","status":"publish","type":"post","link":"https:\/\/www.europesays.com\/fr\/130787\/","title":{"rendered":"Un message \u00e0 ses \u00e9l\u00e8ves, une lettre d\u2019adieu\u2026 Un professeur de philosophie port\u00e9 disparu"},"content":{"rendered":"<p>Un professeur de philosophie d\u2019un lyc\u00e9e de l\u2019<a href=\"https:\/\/www.20minutes.fr\/societe\/isere\/\" class=\"color-ultramarine c-link\" target=\"_blank\" rel=\"noopener\">Is\u00e8re<\/a> est port\u00e9 disparu depuis le 11\u00a0mai dernier, rapporte <a href=\"https:\/\/www.ladepeche.fr\/2025\/05\/26\/pas-suicidaire-dernier-cours-envoye-aux-eleves-ce-que-lon-sait-de-la-disparition-de-christophe-barbereau-introuvable-depuis-15-jours-12721213.php\" rel=\"nofollow noopener\" target=\"_blank\" class=\"color-ultramarine c-link\">La D\u00e9p\u00eache<\/a>. Ce jour-l\u00e0, Christophe Barbereau, 44 ans, a quitt\u00e9 son domicile \u00e0 moto. L\u2019engin a \u00e9t\u00e9 retrouv\u00e9 cinq jours plus tard \u00e0 une trentaine de kilom\u00e8tres de chez lui.<\/p>\n<p>La gendarmerie locale a lanc\u00e9 un appel \u00e0 t\u00e9moins, pour toutes les personnes qui disposeraient d\u2019informations au sujet de la disparition. Ce samedi 24\u00a0mai, ses proches ont \u00e9galement organis\u00e9 une battue au d\u00e9part de la Jasserie du Pilat.<\/p>\n<p>Un message \u00e0 ses \u00e9l\u00e8ves et une lettre d\u2019adieu<\/p>\n<p>L\u2019alerte n\u2019a \u00e9t\u00e9 donn\u00e9e que le mardi 13\u00a0mai, lorsque l\u2019enseignant ne s\u2019est pas pr\u00e9sent\u00e9 dans l\u2019\u00e9tablissement o\u00f9 il devait donner cours. Et selon les dires des \u00e9l\u00e8ves, ils auraient re\u00e7u un message troublant. D\u2019apr\u00e8s le <a href=\"https:\/\/www.ledauphine.com\/faits-divers-justice\/2025\/05\/19\/christophe-barbereau-44-ans-a-disparu-depuis-le-11-mai-sa-moto-retrouvee-dans-la-loire-un-appel-a-temoins-lance\" rel=\"nofollow noopener\" target=\"_blank\" class=\"color-ultramarine c-link\">Dauphin\u00e9 Lib\u00e9r\u00e9<\/a>, le professeur leur aurait transmis les derniers cours du programme, \u00e0 quelques semaines du baccalaur\u00e9at. Christophe Barbereau aurait \u00e9galement indiqu\u00e9 qu\u2019il ne reviendrait pas au lyc\u00e9e.<\/p>\n<\/p>\n<p><a href=\"https:\/\/www.facebook.com\/permalink.php?story_fbid=122135193962711298&amp;id=61571338956133&amp;ref=embed_post\" target=\"_blank\" class=\"color-ultramarine c-link\" rel=\"noopener\">Sa famille<\/a> a ensuite rapport\u00e9 qu\u2019une lettre d\u2019adieu a \u00e9t\u00e9 retrouv\u00e9e \u00e0 son domicile, lors de la battue o\u00f9 douze groupes d\u2019une vingtaine de personnes s\u2019\u00e9taient mobilis\u00e9s.<\/p>\n<p>Il attendait une mutation<\/p>\n<p>Les proches excluent toutefois la piste du suicide\u00a0: \u00ab\u00a0Christophe n\u2019\u00e9tait pas suicidaire. Il attendait avec espoir une mutation au Canada ou en Ard\u00e8che, et tout semblait aller dans le bon sens\u00a0\u00bb, assure l\u2019un d\u2019eux.<\/p>\n<p>Sa famille ne perd pas espoir. L\u2019appel \u00e0 t\u00e9moins est toujours en cours, et la gendarmerie d\u00e9crit le quadrag\u00e9naire comme un homme d\u20191,70\u00a0m, aux cheveux bruns, aux yeux marron et aux oreilles ab\u00eem\u00e9es en raison de sa pratique du rugby. Si vous d\u00e9tenez des informations, contactez la communaut\u00e9 de brigades de Saint-Clair-du-Rh\u00f4ne\/Vienne au 04\u00a074\u00a056\u00a037\u00a000.<\/p>\n","protected":false},"excerpt":{"rendered":"Un professeur de philosophie d\u2019un lyc\u00e9e de l\u2019Is\u00e8re est port\u00e9 disparu depuis le 11\u00a0mai dernier, rapporte La D\u00e9p\u00eache.&hellip;\n","protected":false},"author":2,"featured_media":130788,"comment_status":"","ping_status":"","sticky":false,"template":"","format":"standard","meta":{"footnotes":""},"categories":[2],"tags":[47,11,4260,2430,2715,1067,118,1011,27,108,12,25,2431,104],"class_list":{"0":"post-130787","1":"post","2":"type-post","3":"status-publish","4":"format-standard","5":"has-post-thumbnail","7":"category-actualites","8":"tag-actualite","9":"tag-actualites","10":"tag-appel-a-temoins","11":"tag-auvergne-rhone-alpes","12":"tag-disparition","13":"tag-enquete","14":"tag-faits-divers","15":"tag-fr","16":"tag-france","17":"tag-isere","18":"tag-news","19":"tag-republique-francaise","20":"tag-rhone-alpes","21":"tag-societe"},"share_on_mastodon":{"url":"https:\/\/pubeurope.com\/@fr\/114577602161266480","error":""},"_links":{"self":[{"href":"https:\/\/www.europesays.com\/fr\/wp-json\/wp\/v2\/posts\/130787","targetHints":{"allow":["GET"]}}],"collection":[{"href":"https:\/\/www.europesays.com\/fr\/wp-json\/wp\/v2\/posts"}],"about":[{"href":"https:\/\/www.europesays.com\/fr\/wp-json\/wp\/v2\/types\/post"}],"author":[{"embeddable":true,"href":"https:\/\/www.europesays.com\/fr\/wp-json\/wp\/v2\/users\/2"}],"replies":[{"embeddable":true,"href":"https:\/\/www.europesays.com\/fr\/wp-json\/wp\/v2\/comments?post=130787"}],"version-history":[{"count":0,"href":"https:\/\/www.europesays.com\/fr\/wp-json\/wp\/v2\/posts\/130787\/revisions"}],"wp:featuredmedia":[{"embeddable":true,"href":"https:\/\/www.europesays.com\/fr\/wp-json\/wp\/v2\/media\/130788"}],"wp:attachment":[{"href":"https:\/\/www.europesays.com\/fr\/wp-json\/wp\/v2\/media?parent=130787"}],"wp:term":[{"taxonomy":"category","embeddable":true,"href":"https:\/\/www.europesays.com\/fr\/wp-json\/wp\/v2\/categories?post=130787"},{"taxonomy":"post_tag","embeddable":true,"href":"https:\/\/www.europesays.com\/fr\/wp-json\/wp\/v2\/tags?post=130787"}],"curies":[{"name":"wp","href":"https:\/\/api.w.org\/{rel}","templated":true}]}}