{"id":130804,"date":"2025-05-27T03:21:11","date_gmt":"2025-05-27T03:21:11","guid":{"rendered":"https:\/\/www.europesays.com\/fr\/130804\/"},"modified":"2025-05-27T03:21:11","modified_gmt":"2025-05-27T03:21:11","slug":"la-ville-signe-une-convention-avec-le-musee-du-louvre","status":"publish","type":"post","link":"https:\/\/www.europesays.com\/fr\/130804\/","title":{"rendered":"la Ville signe une convention avec le Mus\u00e9e du Louvre"},"content":{"rendered":"<p>\n\t\t\t\t\tLa Ville signe une convention avec le Louvre pour son exposition \u00ab\u00a0chef d\u2019\u0153uvre du Louvre\u00a0\u00bb en 2026 au Mus\u00e9e de la Romanit\u00e9.\t\t\t\t<\/p>\n<p>\n\t\t\t\t\t\t\t\t\t\u00a9 DR. Mus\u00e9e de la Romanit\u00e9 \u00e0 N\u00eemes .\t\t\t\t\t\t\t\t<\/p>\n<p>L\u2019Etablissement public du Mus\u00e9e du Louvre et la Ville de <a href=\"https:\/\/www.nimes.fr\/accueil\" target=\"_blank\" rel=\"nofollow noopener\">N\u00eemes <\/a>souhaitent collaborer \u00e0 l\u2019organisation d\u2019une<strong> exposition, en 2026<\/strong>, qui ambitionne de pr\u00e9senter, au travers des collections du d\u00e9partement des Antiquit\u00e9s Grecques Etrusques et Romaines du mus\u00e9e du Louvre, une vision diachronique et th\u00e9matique de l\u2019art romain en g\u00e9n\u00e9ral. <\/p>\n<p>Une <strong>centaine de chefs-d\u2019\u0153uvre<\/strong> <\/p>\n<p>L\u2019objectif est de proposer au public <a href=\"https:\/\/infoccitanie.fr\/tag\/nimes\/\" rel=\"nofollow noopener\" target=\"_blank\">n\u00eemois<\/a> la pr\u00e9sentation d\u2019une <strong>centaine de chefs-d\u2019\u0153uvre<\/strong> de la collection d\u2019art romain du Mus\u00e9e du Louvre profitant de la fermeture momentan\u00e9e des salles romaines du mus\u00e9e pour r\u00e9novation du parcours. A ce titre, un convention a \u00e9t\u00e9 sign\u00e9e entre les deux structures et pr\u00e9sent\u00e9e en conseil municipal du samedi 24 mai. Plus d\u2019informations \u00e0 venir. <\/p>\n","protected":false},"excerpt":{"rendered":"La Ville signe une convention avec le Louvre pour son exposition \u00ab\u00a0chef d\u2019\u0153uvre du Louvre\u00a0\u00bb en 2026 au&hellip;\n","protected":false},"author":2,"featured_media":130805,"comment_status":"","ping_status":"","sticky":false,"template":"","format":"standard","meta":{"footnotes":""},"categories":[1358],"tags":[1348,1384,1385,1386,58,59,1011,27,2682],"class_list":{"0":"post-130804","1":"post","2":"type-post","3":"status-publish","4":"format-standard","5":"has-post-thumbnail","7":"category-arts-et-design","8":"tag-arts","9":"tag-arts-and-design","10":"tag-arts-et-design","11":"tag-design","12":"tag-divertissement","13":"tag-entertainment","14":"tag-fr","15":"tag-france","16":"tag-nimes"},"share_on_mastodon":{"url":"https:\/\/pubeurope.com\/@fr\/114577649486363864","error":""},"_links":{"self":[{"href":"https:\/\/www.europesays.com\/fr\/wp-json\/wp\/v2\/posts\/130804","targetHints":{"allow":["GET"]}}],"collection":[{"href":"https:\/\/www.europesays.com\/fr\/wp-json\/wp\/v2\/posts"}],"about":[{"href":"https:\/\/www.europesays.com\/fr\/wp-json\/wp\/v2\/types\/post"}],"author":[{"embeddable":true,"href":"https:\/\/www.europesays.com\/fr\/wp-json\/wp\/v2\/users\/2"}],"replies":[{"embeddable":true,"href":"https:\/\/www.europesays.com\/fr\/wp-json\/wp\/v2\/comments?post=130804"}],"version-history":[{"count":0,"href":"https:\/\/www.europesays.com\/fr\/wp-json\/wp\/v2\/posts\/130804\/revisions"}],"wp:featuredmedia":[{"embeddable":true,"href":"https:\/\/www.europesays.com\/fr\/wp-json\/wp\/v2\/media\/130805"}],"wp:attachment":[{"href":"https:\/\/www.europesays.com\/fr\/wp-json\/wp\/v2\/media?parent=130804"}],"wp:term":[{"taxonomy":"category","embeddable":true,"href":"https:\/\/www.europesays.com\/fr\/wp-json\/wp\/v2\/categories?post=130804"},{"taxonomy":"post_tag","embeddable":true,"href":"https:\/\/www.europesays.com\/fr\/wp-json\/wp\/v2\/tags?post=130804"}],"curies":[{"name":"wp","href":"https:\/\/api.w.org\/{rel}","templated":true}]}}