{"id":130823,"date":"2025-05-27T03:31:09","date_gmt":"2025-05-27T03:31:09","guid":{"rendered":"https:\/\/www.europesays.com\/fr\/130823\/"},"modified":"2025-05-27T03:31:09","modified_gmt":"2025-05-27T03:31:09","slug":"le-dome-dor-de-trump-inquiete-fortement-pyongyang","status":"publish","type":"post","link":"https:\/\/www.europesays.com\/fr\/130823\/","title":{"rendered":"Le \u00ab\u00a0D\u00f4me d\u2019or\u00a0\u00bb de Trump inqui\u00e8te fortement Pyongyang"},"content":{"rendered":"<p>Pyongyang ne voit pas du tout d\u2019un bon \u0153il le \u00ab\u00a0D\u00f4me d\u2019or\u00a0\u00bb de <a href=\"https:\/\/www.20minutes.fr\/dossier\/donald_trump\" target=\"_blank\" class=\"color-ultramarine c-link\" rel=\"nofollow noopener\">Donald Trump<\/a>. La <a href=\"https:\/\/www.20minutes.fr\/monde\/coree_du_nord\/\" target=\"_blank\" class=\"color-ultramarine c-link\" rel=\"nofollow noopener\">Cor\u00e9e du Nord<\/a> estime en effet que le projet de bouclier antimissiles, annonc\u00e9 par le pr\u00e9sident am\u00e9ricain, est une menace \u00ab\u00a0tr\u00e8s dangereuse\u00a0\u00bb qui vise \u00e0 militariser l\u2019espace, ont rapport\u00e9 mardi les m\u00e9dias d\u2019Etat du pays.<\/p>\n<p>Le minist\u00e8re nord-cor\u00e9en des Affaires \u00e9trang\u00e8res a publi\u00e9 un m\u00e9morandum \u00ab\u00a0pour dire \u00e0 la communaut\u00e9 internationale que la mise en place par les <a href=\"https:\/\/www.20minutes.fr\/monde\/etats-unis\/\" target=\"_blank\" class=\"color-ultramarine c-link\" rel=\"nofollow noopener\">Etats-Unis<\/a> d\u2019un nouveau syst\u00e8me de d\u00e9fense antimissile est une \u00ab\u00a0initiative mena\u00e7ante\u00a0\u00bb tr\u00e8s dangereuse visant \u00e0 menacer la s\u00e9curit\u00e9 strat\u00e9gique des Etats dot\u00e9s d\u2019armes nucl\u00e9aires\u00a0\u00bb, a \u00e9crit l\u2019agence officielle KCNA.<\/p>\n<p>La Chine \u00e9galement contre le projet<\/p>\n<p>La semaine derni\u00e8re, Donald Trump a annonc\u00e9 de nouveaux d\u00e9tails et un financement d\u2019environ 175\u00a0milliards de dollars au total pour le syst\u00e8me de bouclier antimissiles, le qualifiant de \u00ab\u00a0tr\u00e8s important pour le succ\u00e8s, voire la survie de notre pays\u00a0\u00bb. Selon les analystes, cette initiative est confront\u00e9e \u00e0 des d\u00e9fis techniques et politiques importants et pourrait s\u2019av\u00e9rer beaucoup plus co\u00fbteuse que pr\u00e9vu.<\/p>\n<\/p>\n<p>Dans son m\u00e9morandum, la Cor\u00e9e du Nord, dot\u00e9e de l\u2019arme nucl\u00e9aire, accuse les Etats-Unis d\u2019\u00eatre \u00ab\u00a0d\u00e9termin\u00e9s \u00e0 militariser l\u2019espace\u00a0\u00bb et de vouloir le transformer \u00ab\u00a0en un champ de guerre nucl\u00e9aire potentiel\u00a0\u00bb. Le pays n\u2019est outre pas le seul \u00e0 s\u2019inqui\u00e9ter. La <a href=\"https:\/\/www.20minutes.fr\/dossier\/chine\" target=\"_blank\" class=\"color-ultramarine c-link\" rel=\"nofollow noopener\">Chine<\/a> a \u00e9galement exprim\u00e9 une forte opposition au projet, accusant les Etats-Unis de porter atteinte \u00e0 la stabilit\u00e9 mondiale.<\/p>\n<p><a href=\"https:\/\/www.20minutes.fr\/monde\/coree_du_nord\/\" target=\"_blank\" class=\"c-link c-btn c-btn--primary\" rel=\"nofollow noopener\">Notre dossier sur la Cor\u00e9e du Nord<\/a><\/p>\n<p>Le \u00ab\u00a0D\u00f4me d\u2019or\u00a0\u00bb se veut un syst\u00e8me de d\u00e9fense contre un large \u00e9ventail d\u2019armes ennemies, des missiles balistiques intercontinentaux aux missiles hypersoniques ou de croisi\u00e8re, en passant par les drones. Il s\u2019inspire du \u00ab\u00a0D\u00f4me de fer\u00a0\u00bb isra\u00e9lien, lequel est con\u00e7u pour prot\u00e9ger le pays des attaques de courte port\u00e9e par missiles, roquettes et drones, et non pour intercepter des missiles \u00e0 port\u00e9e intercontinentale.<\/p>\n","protected":false},"excerpt":{"rendered":"Pyongyang ne voit pas du tout d\u2019un bon \u0153il le \u00ab\u00a0D\u00f4me d\u2019or\u00a0\u00bb de Donald Trump. La Cor\u00e9e du&hellip;\n","protected":false},"author":2,"featured_media":130824,"comment_status":"","ping_status":"","sticky":false,"template":"","format":"standard","meta":{"footnotes":""},"categories":[5],"tags":[47,11,1813,1924,10735,309,13987,75,73,1011,27,14,74,12,133,28],"class_list":{"0":"post-130823","1":"post","2":"type-post","3":"status-publish","4":"format-standard","5":"has-post-thumbnail","7":"category-international","8":"tag-actualite","9":"tag-actualites","10":"tag-armee","11":"tag-armement","12":"tag-bombe-nucleaire","13":"tag-chine","14":"tag-coree-du-nord","15":"tag-donald-trump","16":"tag-etats-unis","17":"tag-fr","18":"tag-france","19":"tag-international","20":"tag-monde","21":"tag-news","22":"tag-video","23":"tag-world"},"share_on_mastodon":{"url":"https:\/\/pubeurope.com\/@fr\/114577688790136822","error":""},"_links":{"self":[{"href":"https:\/\/www.europesays.com\/fr\/wp-json\/wp\/v2\/posts\/130823","targetHints":{"allow":["GET"]}}],"collection":[{"href":"https:\/\/www.europesays.com\/fr\/wp-json\/wp\/v2\/posts"}],"about":[{"href":"https:\/\/www.europesays.com\/fr\/wp-json\/wp\/v2\/types\/post"}],"author":[{"embeddable":true,"href":"https:\/\/www.europesays.com\/fr\/wp-json\/wp\/v2\/users\/2"}],"replies":[{"embeddable":true,"href":"https:\/\/www.europesays.com\/fr\/wp-json\/wp\/v2\/comments?post=130823"}],"version-history":[{"count":0,"href":"https:\/\/www.europesays.com\/fr\/wp-json\/wp\/v2\/posts\/130823\/revisions"}],"wp:featuredmedia":[{"embeddable":true,"href":"https:\/\/www.europesays.com\/fr\/wp-json\/wp\/v2\/media\/130824"}],"wp:attachment":[{"href":"https:\/\/www.europesays.com\/fr\/wp-json\/wp\/v2\/media?parent=130823"}],"wp:term":[{"taxonomy":"category","embeddable":true,"href":"https:\/\/www.europesays.com\/fr\/wp-json\/wp\/v2\/categories?post=130823"},{"taxonomy":"post_tag","embeddable":true,"href":"https:\/\/www.europesays.com\/fr\/wp-json\/wp\/v2\/tags?post=130823"}],"curies":[{"name":"wp","href":"https:\/\/api.w.org\/{rel}","templated":true}]}}