{"id":130825,"date":"2025-05-27T03:32:10","date_gmt":"2025-05-27T03:32:10","guid":{"rendered":"https:\/\/www.europesays.com\/fr\/130825\/"},"modified":"2025-05-27T03:32:10","modified_gmt":"2025-05-27T03:32:10","slug":"euthanasie-suicide-assiste-la-loi-du-mensonge","status":"publish","type":"post","link":"https:\/\/www.europesays.com\/fr\/130825\/","title":{"rendered":"\u00ab\u00a0Euthanasie, suicide assist\u00e9, la loi du mensonge\u00a0\u00bb"},"content":{"rendered":"<p>Le texte, tel qu\u2019il est r\u00e9dig\u00e9, ne porte pas sur l\u2019accompagnement des derniers instants de la vie, mais sur l\u2019acc\u00e8s m\u00e9dical \u00e0 la mort.<\/p>\n<p class=\"fig-paragraph\">\u00ab\u00a0Les mots ont de l\u2019importance, et il faut essayer de nommer le r\u00e9el sans cr\u00e9er d\u2019ambigu\u00eft\u00e9s\u00a0\u00bb\u00a0: c\u2019est par cette affirmation solennelle qu\u2019Emmanuel Macron a ouvert, il y a un peu plus d\u2019un an, les portes de l\u2019Assembl\u00e9e \u00e0 la\u00a0<a href=\"http:\/\/www.lefigaro.fr\/actualite-france\/alain-minc-sur-la-fin-de-vie-cette-loi-est-faite-pour-saint-germain-des-pres-20250523\" target=\"_blank\" data-fig-type=\"Article\" rel=\"noopener\" data-gtm-custom-categorie=\"navigation\" data-gtm-custom-action=\"crossclick\" data-gtm-custom-label=\"Contextuel\" data-gtm-event=\"customEventSPE\" data-fig-domain=\"LEFIGARO\">loi \u00ab\u200afin de vie\u00a0\u00bb<\/a>, aujourd\u2019hui soumise au vote des d\u00e9put\u00e9s. Le r\u00e9sultat est saisissant\u00a0: tout, ou presque, dans la r\u00e9daction du texte, est aujourd\u2019hui euph\u00e9misation, impr\u00e9cision, mystification.<\/p>\n<p class=\"fig-paragraph\">\u00c9quivoque, \u00e9vasive, \u00e9lusive surtout est cette appellation\u00a0<a href=\"http:\/\/www.lefigaro.fr\/actualite-france\/tu-n-as-jamais-eu-envie-de-te-suicider-la-lutte-des-personnes-handicapees-contre-l-aide-a-mourir-20250523\" target=\"_blank\" data-fig-type=\"Article\" rel=\"noopener\" data-gtm-custom-categorie=\"navigation\" data-gtm-custom-action=\"crossclick\" data-gtm-custom-label=\"Contextuel\" data-gtm-event=\"customEventSPE\" data-fig-domain=\"LEFIGARO\">d\u2019\u00ab\u200aaide \u00e0 mourir\u00a0\u00bb<\/a>, une grande trouvaille s\u00e9mantique qui vise \u00e0 contourner les mots d\u2019<a href=\"http:\/\/sante.lefigaro.fr\/social\/sante-publique\/aide-a-mourir-en-france-ou-en-sont-les-autres-pays-europeens-20250526\" target=\"_blank\" data-fig-type=\"NewsFlash\" rel=\"noopener\" data-gtm-custom-categorie=\"navigation\" data-gtm-custom-action=\"crossclick\" data-gtm-custom-label=\"Contextuel\" data-gtm-event=\"customEventSPE\" data-fig-domain=\"SANTE\">euthanasie<\/a>\u00a0et de suicide assist\u00e9, dont on mesure mieux, \u00e9videmment, la puissance mortif\u00e8re. Ouvrir un d\u00e9bat en interdisant les termes qui le d\u00e9finissent\u00a0: n\u2019est-ce pas l\u00e0 la meilleure fa\u00e7on de le d\u00e9voyer\u00a0? Hors de l\u2019H\u00e9micycle, les militants de la mort administr\u00e9e eux-m\u00eames n\u2019h\u00e9sitent pourtant pas \u00e0 parler d\u2019euthanasie.<\/p>\n<p class=\"fig-body-link\">\n            \u00c0 lire aussi<br \/>\n        <a class=\"fig-body-link__link fig-premium-mark\" href=\"http:\/\/www.lefigaro.fr\/actualite-france\/les-medecins-preferent-euthanasier-en-fin-de-journee-pour-rentrer-chez-eux-apres-aux-pays-bas-le-poids-secret-de-la-mort-programmee-20250525\" target=\"_blank\" data-fig-type=\"Article\" rel=\"noopener\" data-gtm-custom-categorie=\"navigation\" data-gtm-custom-action=\"crossclick\" data-gtm-custom-label=\"Contextuel\" data-gtm-event=\"customEventSPE\" data-fig-domain=\"LEFIGARO\">\u00abLes m\u00e9decins pr\u00e9f\u00e8rent euthanasier en fin de journ\u00e9e pour rentrer chez eux apr\u00e8s\u00bb\u00a0: aux Pays-Bas, le poids secret de la mort programm\u00e9e<br \/>\n    <\/a>\n<\/p>\n<p class=\"fig-paragraph\">Imaginaires, trompeuses, inexactes &#8211; fausses, en un mot &#8211; sont aussi ces invocations\u2026<\/p>\n<p class=\"fig-premium-paywall__infos\">\n        Cet article est r\u00e9serv\u00e9 aux abonn\u00e9s.        Il vous reste 58% \u00e0 d\u00e9couvrir.\n    <\/p>\n<p>                <img  data- alt=\"Le Figaro\" class=\"fig-img--complete fig-img\"\/><\/p>\n<p class=\"fig-premium-paywall__title\">Vente Flash<\/p>\n<p class=\"fig-premium-paywall__subtitle\">4,99\u20ac par mois pendant 12 mois. Sans engagement.<\/p>\n<p class=\"fig-premium-paywall__connect\">\n                D\u00e9j\u00e0 abonn\u00e9\u00a0?                <a class=\"fig-premium-paywall__connect-link\" href=\"https:\/\/connect.lefigaro.fr\/login?client=horizon_web&amp;type=main&amp;redirect_uri=https%3A%2F%2Fwww.lefigaro.fr%2Fvox%2Fsociete%2Fl-editorial-de-laurence-de-charette-euthanasie-suicide-assiste-la-loi-du-mensonge-20250526\" data-js-gtm=\"{&quot;customCategorie&quot;: &quot;conversion&quot;, &quot;customAction&quot;: &quot;before_Landing_Connexion_paywall_auto&quot;, &quot;customLabel&quot;: &quot;bGVmaWdhcm8uZnJfXzFmMDNhNTQ1LTM2NDUtNmE3Mi1iOTc5LWM5N2Y2MzZjYThmZV9fQXJ0aWNsZQ==_L\u2019\u00e9ditorial de Laurence de Charette\u00a0: \u00ab\u00a0Euthanasie, suicide assist\u00e9, la loi du mensonge\u00a0\u00bb_82&quot;, &quot;customIDSPE&quot;: &quot;bGVmaWdhcm8uZnJfXzFmMDNhNTQ1LTM2NDUtNmE3Mi1iOTc5LWM5N2Y2MzZjYThmZV9fQXJ0aWNsZQ==&quot;, &quot;event&quot;: &quot;customEventSPE&quot;}\" target=\"_blank\" rel=\"noopener\"><br \/>\n                    Connectez-vous<br \/>\n                <\/a>\n            <\/p>\n","protected":false},"excerpt":{"rendered":"Le texte, tel qu\u2019il est r\u00e9dig\u00e9, ne porte pas sur l\u2019accompagnement des derniers instants de la vie, mais&hellip;\n","protected":false},"author":2,"featured_media":130826,"comment_status":"","ping_status":"","sticky":false,"template":"","format":"standard","meta":{"footnotes":""},"categories":[4],"tags":[11,1428,1292,5361,5360,8425,17193,1429,7977,1011,27,12,1427,1426,25,104],"class_list":{"0":"post-130825","1":"post","2":"type-post","3":"status-publish","4":"format-standard","5":"has-post-thumbnail","7":"category-france","8":"tag-actualites","9":"tag-chroniqueurs","10":"tag-debat","11":"tag-debat-societe","12":"tag-debats-societaux","13":"tag-editorial-figaro","14":"tag-euthanasie","15":"tag-figarovox","16":"tag-fin-de-vie","17":"tag-fr","18":"tag-france","19":"tag-news","20":"tag-opinions","21":"tag-questions","22":"tag-republique-francaise","23":"tag-societe"},"share_on_mastodon":{"url":"https:\/\/pubeurope.com\/@fr\/114577692657103267","error":""},"_links":{"self":[{"href":"https:\/\/www.europesays.com\/fr\/wp-json\/wp\/v2\/posts\/130825","targetHints":{"allow":["GET"]}}],"collection":[{"href":"https:\/\/www.europesays.com\/fr\/wp-json\/wp\/v2\/posts"}],"about":[{"href":"https:\/\/www.europesays.com\/fr\/wp-json\/wp\/v2\/types\/post"}],"author":[{"embeddable":true,"href":"https:\/\/www.europesays.com\/fr\/wp-json\/wp\/v2\/users\/2"}],"replies":[{"embeddable":true,"href":"https:\/\/www.europesays.com\/fr\/wp-json\/wp\/v2\/comments?post=130825"}],"version-history":[{"count":0,"href":"https:\/\/www.europesays.com\/fr\/wp-json\/wp\/v2\/posts\/130825\/revisions"}],"wp:featuredmedia":[{"embeddable":true,"href":"https:\/\/www.europesays.com\/fr\/wp-json\/wp\/v2\/media\/130826"}],"wp:attachment":[{"href":"https:\/\/www.europesays.com\/fr\/wp-json\/wp\/v2\/media?parent=130825"}],"wp:term":[{"taxonomy":"category","embeddable":true,"href":"https:\/\/www.europesays.com\/fr\/wp-json\/wp\/v2\/categories?post=130825"},{"taxonomy":"post_tag","embeddable":true,"href":"https:\/\/www.europesays.com\/fr\/wp-json\/wp\/v2\/tags?post=130825"}],"curies":[{"name":"wp","href":"https:\/\/api.w.org\/{rel}","templated":true}]}}