{"id":130844,"date":"2025-05-27T03:49:09","date_gmt":"2025-05-27T03:49:09","guid":{"rendered":"https:\/\/www.europesays.com\/fr\/130844\/"},"modified":"2025-05-27T03:49:09","modified_gmt":"2025-05-27T03:49:09","slug":"une-association-appelle-a-manifester-a-rennes-pour-plus-dimmigration","status":"publish","type":"post","link":"https:\/\/www.europesays.com\/fr\/130844\/","title":{"rendered":"une association appelle \u00e0 manifester \u00e0 Rennes pour plus d&rsquo;immigration"},"content":{"rendered":"<p>Le CSPSP35 qui soutient les immigr\u00e9s clandestins \u00e0 Rennes appelle \u00e0 une manifestation le samedi 28 juin prochain, 15h, Place de la Mairie \u00e0 Rennes, \u00ab\u00a0pour crier <strong>Vive l\u2019immigration<\/strong> et refuser les politiques migratoires actuelles en g\u00e9n\u00e9ral, les propos racistes qui les accompagnent, et les circulaires de Retailleau.\u00a0\u00bb<\/p>\n<p>Samedi dernier, 15 militants de la m\u00eame organisation manifestaient devant la boutique Bouygues \u00e0 Rennes au pr\u00e9texte que l\u2019entreprise participe \u00e0 la r\u00e9novation (renforcement de la s\u00e9curit\u00e9) du centre de r\u00e9tention administrative (CRA) de Rennes-Saint-Jacques. Des manifestations r\u00e9guli\u00e8res ont lieu dans le centre de Rennes devant cette m\u00eame boutique \u00e0 l\u2019appel des associations et collectifs immigrationnistes.<\/p>\n<p>Le SCPSP35 fait partie d\u2019une coordination d\u2019associations pro-immigration et de soutien aux clandestins. La prochaine Coordination r\u00e9gionale de ces groupes aura lieu \u00e0 Morlaix le samedi 14 juin prochain. Notons que Morlaix est une ville d\u00e9sormais particuli\u00e8rement touch\u00e9e par l\u2019immigration.<\/p>\n<p class=\"p2\">Cr\u00e9dit photo : DR<\/p>\n<p class=\"p1\">[cc]\u00a0<a href=\"http:\/\/breizh-info.com\/\" rel=\"nofollow noopener\" target=\"_blank\">Breizh-info.com<\/a>, 2025, d\u00e9p\u00eaches libres de copie et de diffusion sous r\u00e9serve de mention et de lien vers la source d\u2019origine<\/p>\n","protected":false},"excerpt":{"rendered":"Le CSPSP35 qui soutient les immigr\u00e9s clandestins \u00e0 Rennes appelle \u00e0 une manifestation le samedi 28 juin prochain,&hellip;\n","protected":false},"author":2,"featured_media":130845,"comment_status":"","ping_status":"","sticky":false,"template":"","format":"standard","meta":{"footnotes":""},"categories":[2821],"tags":[1111,11,25503,829,25504,1777,674,1011,27,1061,25505,17986,25506,12,584,25],"class_list":{"0":"post-130844","1":"post","2":"type-post","3":"status-publish","4":"format-standard","5":"has-post-thumbnail","7":"category-rennes","8":"tag-actu","9":"tag-actualites","10":"tag-associations-immigrationnistes","11":"tag-bretagne","12":"tag-cspsp35","13":"tag-eu","14":"tag-europe","15":"tag-fr","16":"tag-france","17":"tag-immigration","18":"tag-immigration-a-rennes","19":"tag-immigres","20":"tag-immigres-clandestins","21":"tag-news","22":"tag-rennes","23":"tag-republique-francaise"},"share_on_mastodon":{"url":"https:\/\/pubeurope.com\/@fr\/114577759424743157","error":""},"_links":{"self":[{"href":"https:\/\/www.europesays.com\/fr\/wp-json\/wp\/v2\/posts\/130844","targetHints":{"allow":["GET"]}}],"collection":[{"href":"https:\/\/www.europesays.com\/fr\/wp-json\/wp\/v2\/posts"}],"about":[{"href":"https:\/\/www.europesays.com\/fr\/wp-json\/wp\/v2\/types\/post"}],"author":[{"embeddable":true,"href":"https:\/\/www.europesays.com\/fr\/wp-json\/wp\/v2\/users\/2"}],"replies":[{"embeddable":true,"href":"https:\/\/www.europesays.com\/fr\/wp-json\/wp\/v2\/comments?post=130844"}],"version-history":[{"count":0,"href":"https:\/\/www.europesays.com\/fr\/wp-json\/wp\/v2\/posts\/130844\/revisions"}],"wp:featuredmedia":[{"embeddable":true,"href":"https:\/\/www.europesays.com\/fr\/wp-json\/wp\/v2\/media\/130845"}],"wp:attachment":[{"href":"https:\/\/www.europesays.com\/fr\/wp-json\/wp\/v2\/media?parent=130844"}],"wp:term":[{"taxonomy":"category","embeddable":true,"href":"https:\/\/www.europesays.com\/fr\/wp-json\/wp\/v2\/categories?post=130844"},{"taxonomy":"post_tag","embeddable":true,"href":"https:\/\/www.europesays.com\/fr\/wp-json\/wp\/v2\/tags?post=130844"}],"curies":[{"name":"wp","href":"https:\/\/api.w.org\/{rel}","templated":true}]}}