{"id":130848,"date":"2025-05-27T03:51:12","date_gmt":"2025-05-27T03:51:12","guid":{"rendered":"https:\/\/www.europesays.com\/fr\/130848\/"},"modified":"2025-05-27T03:51:12","modified_gmt":"2025-05-27T03:51:12","slug":"la-pepite-rayane-messi-signe-un-nouveau-contrat-majeur-qui-nest-pas-avec-le-rc-strasbourg","status":"publish","type":"post","link":"https:\/\/www.europesays.com\/fr\/130848\/","title":{"rendered":"La p\u00e9pite Rayane Messi signe un nouveau contrat majeur qui n&rsquo;est pas avec le RC Strasbourg"},"content":{"rendered":"<p><img fetchpriority=\"high\" decoding=\"async\" width=\"620\" height=\"413\" src=\"https:\/\/www.europesays.com\/fr\/wp-content\/uploads\/2025\/05\/Rayane-Messi-620x413.jpg\" alt=\"La p\u00e9pite Rayane Messi signe un nouveau contrat majeur qui n'est pas avec le RC Strasbourg\" class=\"wp-image-367026\"  \/>Rayane Messi est majeur et il a officiellement une agence pour l\u2019accompagner. \u2013 @RCSA<\/p>\n<p>Devenu majeur ce 23 mai, Rayane Messi vient d\u2019entrer dans le monde des adultes et il peut \u00e0 ce titre, prendre les d\u00e9cisions qui lui incombe personnellement, notamment en ce qui concerne la r\u00e9glementation stricte des agents du football pour les mineurs. P\u00e9pite annonc\u00e9e tr\u00e8s prometteuse, Rayan Messi, au nom souhaitons-lui pr\u00e9destin\u00e9, vient d\u2019annoncer une nouvelle d\u2019envergure pour la suite de sa carri\u00e8re.<\/p>\n<p>Rayane Messi rejoint l\u2019agence One Team<\/p>\n<p>Vient en effet d\u2019\u00eatre officialis\u00e9 par l\u2019agence sa collaboration avec Wasserman Football, une des plus puissantes du march\u00e9, qui accueille donc le jeune ailier sous contrat avec le <a href=\"https:\/\/sportune.20minutes.fr\/rc-strasbourg-rcsa\" rel=\"nofollow noopener\" target=\"_blank\">RC Strasbourg<\/a>. Rayane Messi rejoint un pool de talents du football, \u00e0 l\u2019instar du milieu du <a href=\"https:\/\/sportune.20minutes.fr\/real-madrid\" rel=\"nofollow noopener\" target=\"_blank\">Real Madrid<\/a>, Federico Valverde, du lat\u00e9ral international fran\u00e7ais, <a href=\"https:\/\/sportune.20minutes.fr\/ol-malo-gusto-chelsea-change-dagent-355397\" rel=\"nofollow noopener\" target=\"_blank\">Malo Gusto, recrut\u00e9 dans l\u2019hiver<\/a>, ou encore du c\u00f4t\u00e9 de la <a href=\"https:\/\/sportune.20minutes.fr\/ligue-1-l1\" rel=\"nofollow noopener\" target=\"_blank\">Ligue 1<\/a>, Lamine Camara (<a href=\"https:\/\/sportune.20minutes.fr\/as-monaco-asm\" rel=\"nofollow noopener\" target=\"_blank\">AS Monaco<\/a>), Matthis Abline (<a href=\"https:\/\/sportune.20minutes.fr\/fc-nantes\" rel=\"nofollow noopener\" target=\"_blank\">FC Nantes<\/a> ), Youssoufa Moukoko (<a href=\"https:\/\/sportune.20minutes.fr\/ogc-nice-ogcn\" rel=\"nofollow noopener\" target=\"_blank\">OGC Nice<\/a>), ou encore Angel Gomes sur le d\u00e9part du <a href=\"https:\/\/sportune.20minutes.fr\/losc-lille-losc\" rel=\"nofollow noopener\" target=\"_blank\">LOSC<\/a>, pour quelques noms parmi d\u2019autres.<\/p>\n<p>Un transfert \u00e0 1,5 M\u20ac pour le RC Strasbourg<\/p>\n<p>Form\u00e9 \u00e0 Versailles, puis au Dijon FCO, Rayane Messi est annonc\u00e9 comme l\u2019un, sinon le footballeur le plus prometteur de sa g\u00e9n\u00e9ration. A ce point m\u00eame que le <a href=\"https:\/\/sportune.20minutes.fr\/rc-strasbourg-rcsa\" rel=\"nofollow noopener\" target=\"_blank\">RC Strasbourg<\/a> a gagn\u00e9 la course des clubs qui le courtisait, en contrepartie d\u2019une indemnit\u00e9 sur son transfert \u00e0 1,5 millions d\u2019euros, lev\u00e9e l\u2019\u00e9t\u00e9 dernier.<\/p>\n","protected":false},"excerpt":{"rendered":"Rayane Messi est majeur et il a officiellement une agence pour l\u2019accompagner. \u2013 @RCSA Devenu majeur ce 23&hellip;\n","protected":false},"author":2,"featured_media":130849,"comment_status":"","ping_status":"","sticky":false,"template":"","format":"standard","meta":{"footnotes":""},"categories":[2820],"tags":[1111,11,1777,674,1011,27,775,12,25507,4448,25,640,969],"class_list":{"0":"post-130848","1":"post","2":"type-post","3":"status-publish","4":"format-standard","5":"has-post-thumbnail","7":"category-strasbourg","8":"tag-actu","9":"tag-actualites","10":"tag-eu","11":"tag-europe","12":"tag-fr","13":"tag-france","14":"tag-grand-est","15":"tag-news","16":"tag-rayane-messi","17":"tag-rc-strasbourg","18":"tag-republique-francaise","19":"tag-strasbourg","20":"tag-transfert"},"share_on_mastodon":{"url":"https:\/\/pubeurope.com\/@fr\/114577767395814663","error":""},"_links":{"self":[{"href":"https:\/\/www.europesays.com\/fr\/wp-json\/wp\/v2\/posts\/130848","targetHints":{"allow":["GET"]}}],"collection":[{"href":"https:\/\/www.europesays.com\/fr\/wp-json\/wp\/v2\/posts"}],"about":[{"href":"https:\/\/www.europesays.com\/fr\/wp-json\/wp\/v2\/types\/post"}],"author":[{"embeddable":true,"href":"https:\/\/www.europesays.com\/fr\/wp-json\/wp\/v2\/users\/2"}],"replies":[{"embeddable":true,"href":"https:\/\/www.europesays.com\/fr\/wp-json\/wp\/v2\/comments?post=130848"}],"version-history":[{"count":0,"href":"https:\/\/www.europesays.com\/fr\/wp-json\/wp\/v2\/posts\/130848\/revisions"}],"wp:featuredmedia":[{"embeddable":true,"href":"https:\/\/www.europesays.com\/fr\/wp-json\/wp\/v2\/media\/130849"}],"wp:attachment":[{"href":"https:\/\/www.europesays.com\/fr\/wp-json\/wp\/v2\/media?parent=130848"}],"wp:term":[{"taxonomy":"category","embeddable":true,"href":"https:\/\/www.europesays.com\/fr\/wp-json\/wp\/v2\/categories?post=130848"},{"taxonomy":"post_tag","embeddable":true,"href":"https:\/\/www.europesays.com\/fr\/wp-json\/wp\/v2\/tags?post=130848"}],"curies":[{"name":"wp","href":"https:\/\/api.w.org\/{rel}","templated":true}]}}