{"id":130850,"date":"2025-05-27T03:52:10","date_gmt":"2025-05-27T03:52:10","guid":{"rendered":"https:\/\/www.europesays.com\/fr\/130850\/"},"modified":"2025-05-27T03:52:10","modified_gmt":"2025-05-27T03:52:10","slug":"cette-nicoise-de-12-ans-parle-5-langues-est-une-virtuose-du-piano-et-passe-le-bac","status":"publish","type":"post","link":"https:\/\/www.europesays.com\/fr\/130850\/","title":{"rendered":"Cette Ni\u00e7oise de 12 ans parle 5 langues, est une virtuose du piano et passe le bac"},"content":{"rendered":"<p>              <img ci-src=\"https:\/\/www.nicematin.com\/vie-locale\/protec\/DATA_ART_15570801-rkQeDfIp.jpg?vh=a12da0&amp;ci_seal=20371370f9\" alt=\"\"\/><\/p>\n<p>Lucie Le Balc\u2019h parle cinq langues et joue du piano avec virtuosit\u00e9. Ses passe-temps favoris? Lire de la mythologie et r\u00e9soudre des probl\u00e8mes de maths. Bienvenue dans la vie de cette jeune Ni\u00e7oise de 12 ans, d\u00e9j\u00e0 en classe de premi\u00e8re. Il y a deux ans, elle a \u00e9t\u00e9 diagnostiqu\u00e9e HPI, haut potentiel intellectuel.<\/p>\n<p>Sur le papier, \u00eatre HPI, c\u2019est avoir un QI (quotient intellectuel) sup\u00e9rieur \u00e0 130, alors que le QI moyen d\u2019un Fran\u00e7ais est autour de 100. \u00ab\u00a0Concr\u00e8tement, dans mon cas, j\u2019ai des facilit\u00e9s \u00e0 apprendre. Je ne suis pas n\u00e9e avec toutes les connaissances, mais je suis curieuse et j\u2019assimile vite \u00ab\u00a0, explique Lucie.<\/p>\n<p>\u00ab\u00a0\u00c0 3 ans, elle faisait des puzzles de 50 pi\u00e8ces\u00a0\u00bb<\/p>\n<p>Sa m\u00e8re, Sunny, se souvient d\u2019elle il y a quelques ann\u00e9es. \u00ab\u00a0\u00c0 3 ans, elle terminait en quelques minutes des puzzles de 50 pi\u00e8ces. \u00c0 4 ans, elle faisait des multiplications \u00ab\u00a0, sourit-elle, fi\u00e8re mais pas vantarde.<\/p>\n<p>Par crainte du harc\u00e8lement, les deux parents ont pr\u00e9f\u00e9r\u00e9 inscrire leur fille au lyc\u00e9e priv\u00e9 Michelet \u00e0 Nice, sp\u00e9cialis\u00e9 dans l\u2019accueil des \u00e9l\u00e8ves HPI. Pour cela, il fallait passer un test chez un neuropsychologue. Co\u00fbt: 350 euros. Mais depuis que sa fille y est scolaris\u00e9e, Lucie semble plus \u00e9panouie. \u00ab\u00a0Avant, elle avait plus de mal \u00e0 se faire des amis. Dans cet \u00e9tablissement, ils r\u00e9fl\u00e9chissent comme elle, donc c\u2019est plus facile \u00a0\u00bb argumente Sunny.<\/p>\n<p>Dans ce genre d\u2019\u00e9cole, le programme est aussi termin\u00e9 plus vite: moins d\u2019exercices, plus de chapitres, et du temps pour empi\u00e9ter sur le programme de terminale et avoir un peu d\u2019avance.<\/p>\n<p>Bacheli\u00e8re \u00e0 13 ans?<\/p>\n<p>Au cours de sa scolarit\u00e9, Lucie a saut\u00e9 quatre classes: le CP, le CE1, la cinqui\u00e8me et la quatri\u00e8me. En premi\u00e8re cette ann\u00e9e, elle passe cette semaine la majorit\u00e9 de ses \u00e9preuves de bac (dans un lyc\u00e9e traditionnel, la plupart des \u00e9preuves ont lieu en terminale).<\/p>\n<p>L\u2019ann\u00e9e prochaine, elle passera quelques derni\u00e8res mati\u00e8res avant d\u2019obtenir son baccalaur\u00e9at \u00e0 13 ans. \u00ab\u00a0Je suis reconnaissante parce que \u00e7a va me laisser plus de temps pour tester plusieurs choses \u00ab\u00a0, se r\u00e9jouit la lyc\u00e9enne, seulement un peu angoiss\u00e9e par \u00ab\u00a0du stress qui motive \u00ab\u00a0.<\/p>\n<p>Fan de maths (elle en ferait toute la journ\u00e9e si elle pouvait) et de physique chimie, elle a d\u00e9j\u00e0 des projets plein la t\u00eate pour la suite: commencer par une classe pr\u00e9paratoire scientifique en trois ans, puis une \u00e9cole d\u2019ing\u00e9nieur en quatre ans, puis une fac de m\u00e9decine. \u00ab\u00a0Je veux devenir neurologue depuis que j\u2019ai fait mon stage de troisi\u00e8me chez une sp\u00e9cialiste. Mais si je commen\u00e7ais la fac directement en sortant du lyc\u00e9e, je deviendrais m\u00e9decin trop t\u00f4t \u00ab\u00a0, sourit celle qui voulait, un temps, \u00eatre astronaute.<\/p>\n<p>\u00ab\u00a0Je ne connais personne qui soit aussi optimiste\u00a0\u00bb<\/p>\n<p>En dehors de l\u2019\u00e9cole, Lucie est aussi une virtuose et pratique le piano depuis l\u2019\u00e2ge de 5 ans. Elle a \u00e9t\u00e9, l\u2019ann\u00e9e derni\u00e8re, <a href=\"https:\/\/www.nicematin.com\/sante\/un-piano-a-l-hopital-l-ideeprodigieuse-d-une-jeune-virtuose-928188\" rel=\"nofollow noopener\" target=\"_blank\">\u00e0 l\u2019initiative de l\u2019installation d\u2019un piano dans le hall de l\u2019h\u00f4pital Lenval<\/a>. Depuis trois ans, deux fois par mois, la jeune fille prend le train pour retourner en \u00cele-de-France, sa r\u00e9gion natale. Elle y retrouve notamment son professeur particulier de piano.<\/p>\n<p>Assise \u00e0 c\u00f4t\u00e9 d\u2019elle, sa m\u00e8re le reconna\u00eet: elle et son p\u00e8re ne savent pas trop comment l\u2019accompagner et la conseiller. Aussi parce que la jeune fille a mille id\u00e9es \u00e0 la minute. \u00ab\u00a0Le probl\u00e8me de Lucie, c\u2019est qu\u2019elle n\u2019a que 24 heures dans sa journ\u00e9e. Comme elle est int\u00e9ress\u00e9e par beaucoup de choses, je dois mettre des limites. Sans \u00e7a, elle ne s\u2019arr\u00eaterait jamais\u00a0\u00bb, affirme Sunny, sous l\u2019\u0153il amus\u00e9 de sa fille.<\/p>\n<p>Une chose est s\u00fbre: Lucie est confiante. Elle sait ce qu\u2019elle veut et ne s\u2019inqui\u00e8te pas. \u00ab\u00a0De nature, je ne connais personne qui soit aussi optimiste. Je le lui reproche, d\u2019ailleurs\u00a0\u00bb, admet sa m\u00e8re. La seule chose qu\u2019elle souhaite, c\u2019est que sa fille ne rel\u00e2che pas ses efforts. \u00ab\u00a0Le talent, \u00e7a marche au d\u00e9but. C\u2019est 25% de la r\u00e9ussite. Ensuite, il faut travailler et faire des efforts, sinon on finit par stagner\u00a0\u00bb, taquine Sunny.<\/p>\n","protected":false},"excerpt":{"rendered":"Lucie Le Balc\u2019h parle cinq langues et joue du piano avec virtuosit\u00e9. Ses passe-temps favoris? Lire de la&hellip;\n","protected":false},"author":2,"featured_media":130851,"comment_status":"","ping_status":"","sticky":false,"template":"","format":"standard","meta":{"footnotes":""},"categories":[2819],"tags":[1111,11,1777,674,1011,27,12,2401,882,25,3366],"class_list":{"0":"post-130850","1":"post","2":"type-post","3":"status-publish","4":"format-standard","5":"has-post-thumbnail","7":"category-nice","8":"tag-actu","9":"tag-actualites","10":"tag-eu","11":"tag-europe","12":"tag-fr","13":"tag-france","14":"tag-news","15":"tag-nice","16":"tag-provence-alpes-cote-dazur","17":"tag-republique-francaise","18":"tag-vie-locale"},"share_on_mastodon":{"url":"https:\/\/pubeurope.com\/@fr\/114577771334450643","error":""},"_links":{"self":[{"href":"https:\/\/www.europesays.com\/fr\/wp-json\/wp\/v2\/posts\/130850","targetHints":{"allow":["GET"]}}],"collection":[{"href":"https:\/\/www.europesays.com\/fr\/wp-json\/wp\/v2\/posts"}],"about":[{"href":"https:\/\/www.europesays.com\/fr\/wp-json\/wp\/v2\/types\/post"}],"author":[{"embeddable":true,"href":"https:\/\/www.europesays.com\/fr\/wp-json\/wp\/v2\/users\/2"}],"replies":[{"embeddable":true,"href":"https:\/\/www.europesays.com\/fr\/wp-json\/wp\/v2\/comments?post=130850"}],"version-history":[{"count":0,"href":"https:\/\/www.europesays.com\/fr\/wp-json\/wp\/v2\/posts\/130850\/revisions"}],"wp:featuredmedia":[{"embeddable":true,"href":"https:\/\/www.europesays.com\/fr\/wp-json\/wp\/v2\/media\/130851"}],"wp:attachment":[{"href":"https:\/\/www.europesays.com\/fr\/wp-json\/wp\/v2\/media?parent=130850"}],"wp:term":[{"taxonomy":"category","embeddable":true,"href":"https:\/\/www.europesays.com\/fr\/wp-json\/wp\/v2\/categories?post=130850"},{"taxonomy":"post_tag","embeddable":true,"href":"https:\/\/www.europesays.com\/fr\/wp-json\/wp\/v2\/tags?post=130850"}],"curies":[{"name":"wp","href":"https:\/\/api.w.org\/{rel}","templated":true}]}}