{"id":130854,"date":"2025-05-27T03:54:14","date_gmt":"2025-05-27T03:54:14","guid":{"rendered":"https:\/\/www.europesays.com\/fr\/130854\/"},"modified":"2025-05-27T03:54:14","modified_gmt":"2025-05-27T03:54:14","slug":"jusqua-sept-semaines-pour-etre-traite-dun-cancer-greve-en-cours-en-oncologie-a","status":"publish","type":"post","link":"https:\/\/www.europesays.com\/fr\/130854\/","title":{"rendered":"\u00ab\u00a0Jusqu\u2019\u00e0 sept semaines pour \u00eatre trait\u00e9 d\u2019un cancer\u00a0\u00bb\u00a0: gr\u00e8ve en cours en oncologie \u00e0"},"content":{"rendered":"<tr wp_automatic_readability=\"5.8915662650602\">\n<td valign=\"middle\" align=\"center\" class=\"col-logo\" wp_automatic_readability=\"5\">\n    <img decoding=\"async\" src=\"https:\/\/www.europesays.com\/fr\/wp-content\/uploads\/2025\/04\/logo-of-monetise.svg\" alt=\"logo Ouest-France\" height=\"66\"\/><\/p>\n<p>Contenu r\u00e9serv\u00e9 aux abonn\u00e9s<\/p>\n<\/td>\n<td class=\"col-titre\">\n\t\t\tLundi 26 mai 2025 19:54<br \/>\n\t\t\t<a class=\"icon-bulle sizeL count\" href=\"#ancreAvis\"><br \/>\n\t&#8230;<br \/>\n<\/a><\/td>\n<\/tr>\n<p>\t\t<a class=\"mavillebox2 elmt-photo\" href=\"https:\/\/maville.com\/photosmvi\/2025\/05\/26\/P35252656D6825882G.jpg\" title=\" Le syndicat FO revendique la cr\u00e9ation d\u2019un poste suppl\u00e9mentaire pour l\u2019accueil de jour en oncologie et d\u2019un agent de service.  \u00a9  Archives Ouest-France  &lt;!--TAG-BLC credit--&gt;\" rel=\"galerie_actu noopener\" target=\"_blank\"><br \/>\n\t<img decoding=\"async\" src=\"https:\/\/www.europesays.com\/fr\/wp-content\/uploads\/2025\/05\/P35252656D6825882G_crop_640-330_.jpg\" alt=\"photo  le syndicat fo revendique la cr\u00e9ation d\u2019un poste suppl\u00e9mentaire pour l\u2019accueil de jour en oncologie et d\u2019un agent de service.  \u00a9  archives ouest-france \"\/><br \/>\n\t1<br \/>\n<\/a><\/p>\n<p class=\"elmt-legende\"> Le syndicat FO revendique la cr\u00e9ation d\u2019un poste suppl\u00e9mentaire pour l\u2019accueil de jour en oncologie et d\u2019un agent de service.  \u00a9  Archives Ouest-France  <\/p>\n<p>\t\tUne gr\u00e8ve emmen\u00e9e par le syndicat FO du CHU touche le service oncologie. Elle sollicite une cr\u00e9ation de postes pour supporter une activit\u00e9 forte.<\/p>\n<p><b>Cet article est r\u00e9serv\u00e9 aux abonn\u00e9s<\/b><\/p>\n<p>Pour un acc\u00e8s imm\u00e9diat, abonnez-vous<\/p>\n<p><b>1\u00e8re semaine offerte<\/b><\/p>\n<p>\t\tOuest-France<\/p>\n<p>Retrouvez d&rsquo;autres actus sur la commune de :<\/p>\n<p>\t\t&#13;<\/p>\n","protected":false},"excerpt":{"rendered":"Contenu r\u00e9serv\u00e9 aux abonn\u00e9s Lundi 26 mai 2025 19:54 &#8230; 1 Le syndicat FO revendique la cr\u00e9ation d\u2019un&hellip;\n","protected":false},"author":2,"featured_media":130855,"comment_status":"","ping_status":"","sticky":false,"template":"","format":"standard","meta":{"footnotes":""},"categories":[2818],"tags":[1111,11,101,703,1777,674,1011,27,6151,2867,766,12,25508,2636,25,20432,19746],"class_list":{"0":"post-130854","1":"post","2":"type-post","3":"status-publish","4":"format-standard","5":"has-post-thumbnail","7":"category-nantes","8":"tag-actu","9":"tag-actualites","10":"tag-cancer","11":"tag-cours","12":"tag-eu","13":"tag-europe","14":"tag-fr","15":"tag-france","16":"tag-greve","17":"tag-jusqu","18":"tag-nantes","19":"tag-news","20":"tag-oncologie","21":"tag-pays-de-la-loire","22":"tag-republique-francaise","23":"tag-semaines","24":"tag-traite"},"share_on_mastodon":{"url":"https:\/\/pubeurope.com\/@fr\/114577779238396217","error":""},"_links":{"self":[{"href":"https:\/\/www.europesays.com\/fr\/wp-json\/wp\/v2\/posts\/130854","targetHints":{"allow":["GET"]}}],"collection":[{"href":"https:\/\/www.europesays.com\/fr\/wp-json\/wp\/v2\/posts"}],"about":[{"href":"https:\/\/www.europesays.com\/fr\/wp-json\/wp\/v2\/types\/post"}],"author":[{"embeddable":true,"href":"https:\/\/www.europesays.com\/fr\/wp-json\/wp\/v2\/users\/2"}],"replies":[{"embeddable":true,"href":"https:\/\/www.europesays.com\/fr\/wp-json\/wp\/v2\/comments?post=130854"}],"version-history":[{"count":0,"href":"https:\/\/www.europesays.com\/fr\/wp-json\/wp\/v2\/posts\/130854\/revisions"}],"wp:featuredmedia":[{"embeddable":true,"href":"https:\/\/www.europesays.com\/fr\/wp-json\/wp\/v2\/media\/130855"}],"wp:attachment":[{"href":"https:\/\/www.europesays.com\/fr\/wp-json\/wp\/v2\/media?parent=130854"}],"wp:term":[{"taxonomy":"category","embeddable":true,"href":"https:\/\/www.europesays.com\/fr\/wp-json\/wp\/v2\/categories?post=130854"},{"taxonomy":"post_tag","embeddable":true,"href":"https:\/\/www.europesays.com\/fr\/wp-json\/wp\/v2\/tags?post=130854"}],"curies":[{"name":"wp","href":"https:\/\/api.w.org\/{rel}","templated":true}]}}