{"id":130864,"date":"2025-05-27T03:59:11","date_gmt":"2025-05-27T03:59:11","guid":{"rendered":"https:\/\/www.europesays.com\/fr\/130864\/"},"modified":"2025-05-27T03:59:11","modified_gmt":"2025-05-27T03:59:11","slug":"quel-temps-fera-t-il-a-toulouse-et-en-occitanie-ce-mardi-les-previsions-de-meteo-france","status":"publish","type":"post","link":"https:\/\/www.europesays.com\/fr\/130864\/","title":{"rendered":"Quel temps fera-t-il \u00e0 Toulouse et en Occitanie ce mardi ? Les pr\u00e9visions de M\u00e9t\u00e9o-France"},"content":{"rendered":"<p>            Par<br \/>\n        <strong><br \/>\n            <a href=\"https:\/\/actu.fr\/auteur\/marie-lamarque\" title=\"Consulter tous les articles de Marie Lamarque\" rel=\"nofollow noopener\" target=\"_blank\">Marie Lamarque<\/a><br \/>\n        <\/strong><\/p>\n<p>        Publi\u00e9 le<\/p>\n<p>            27 mai 2025 \u00e0 5h40        <\/p>\n<p><strong>Les temp\u00e9ratures seront agr\u00e9ables<\/strong> mais le ciel restera voil\u00e9 <a href=\"https:\/\/actu.fr\/toulouse\/\" rel=\"nofollow noopener\" target=\"_blank\">\u00e0 Toulouse<\/a> et en Occitanie ce mardi 27 mai 2025. Voici les pr\u00e9visions de M\u00e9t\u00e9o-France.<\/p>\n<p>Les pr\u00e9visions \u00e0 Toulouse\u2026<\/p>\n<p class=\" wall-content\">Il sera difficile d\u2019apercevoir les rayons du soleil \u00e0 Toulouse ce mardi. Le ciel devrait rester voil\u00e9 tout au long de la journ\u00e9e, avec 18\u00b0C le matin et 22\u00b0C l\u2019apr\u00e8s-midi.<\/p>\n<p>    <img   decoding=\"async\" loading=\"lazy\" src=\"https:\/\/www.europesays.com\/fr\/wp-content\/uploads\/2025\/05\/meteo-toulouse-previsions-2-960x640.png\" alt=\"Les pr\u00e9visions \u00e0 Toulouse pour ce mardi.\" width=\"960\" height=\"640\"\/><br \/>\n    Les pr\u00e9visions \u00e0 Toulouse pour ce mardi. (\u00a9Capture d\u2019\u00e9cran \/ M\u00e9t\u00e9o-France)\u2026et dans l\u2019Occitanie<\/p>\n<p class=\" wall-content\">En Occitanie aussi,<strong> le ciel devrait \u00eatre laiteux<\/strong> dans tous les d\u00e9partements de la r\u00e9gion. Le vent pourrait l\u00e9g\u00e8rement souffler sur la partie sud de la fa\u00e7ade m\u00e9diterran\u00e9enne avec <strong>des rafales de 40 \u00e0 45 km\/h attendues<\/strong>.<\/p>\n<p class=\" wall-content\">Du c\u00f4t\u00e9 des temp\u00e9ratures, il fera tout de m\u00eame <strong>27\u00b0C \u00e0 N\u00eemes et \u00e0 Montpellier<\/strong>. M\u00e9t\u00e9o-France annonce aussi<strong> 23\u00b0C \u00e0 Carcassonne, 20\u00b0C \u00e0 Rodez, 24\u00b0C \u00e0 Cahors ou encore 22\u00b0C \u00e0 Tarbes<\/strong>.<\/p>\n<p>Vid\u00e9os : en ce moment sur Actu<br \/>\n    <img   decoding=\"async\" loading=\"lazy\" src=\"https:\/\/www.europesays.com\/fr\/wp-content\/uploads\/2025\/05\/meteo-occitanie-mardi-960x640.png\" alt=\"Les pr\u00e9visions pour ce mardi en Occitanie.\" width=\"960\" height=\"640\"\/><br \/>\n    Les pr\u00e9visions pour ce mardi en Occitanie. (\u00a9Capture d\u2019\u00e9cran \/ M\u00e9t\u00e9o-France)<\/p>\n<p class=\" wall-content\">Suivez toute l\u2019actualit\u00e9 de vos villes et m\u00e9dias favoris en vous inscrivant \u00e0 <a href=\"https:\/\/moncompte.actu.fr\" title=\"D\u00e9couvez Mon Actu\" rel=\"nofollow noopener\" data-trk=\"{&quot;cta&quot;:{&quot;action&quot;:&quot;https:\\\/\\\/moncompte.actu.fr&quot;,&quot;category&quot;:&quot;mon compte&quot;,&quot;from&quot;:&quot;article footer&quot;,&quot;name&quot;:&quot;Mon actu&quot;,&quot;type&quot;:&quot;cta&quot;}}\" target=\"_blank\">Mon Actu<\/a>.<\/p>\n","protected":false},"excerpt":{"rendered":"Par Marie Lamarque Publi\u00e9 le 27 mai 2025 \u00e0 5h40 Les temp\u00e9ratures seront agr\u00e9ables mais le ciel restera&hellip;\n","protected":false},"author":2,"featured_media":130865,"comment_status":"","ping_status":"","sticky":false,"template":"","format":"standard","meta":{"footnotes":""},"categories":[2816],"tags":[1111,11,1777,674,1011,27,2487,2357,12,2680,25,2312],"class_list":{"0":"post-130864","1":"post","2":"type-post","3":"status-publish","4":"format-standard","5":"has-post-thumbnail","7":"category-toulouse","8":"tag-actu","9":"tag-actualites","10":"tag-eu","11":"tag-europe","12":"tag-fr","13":"tag-france","14":"tag-meteo","15":"tag-meteo-france","16":"tag-news","17":"tag-occitanie","18":"tag-republique-francaise","19":"tag-toulouse"},"share_on_mastodon":{"url":"https:\/\/pubeurope.com\/@fr\/114577798826452091","error":""},"_links":{"self":[{"href":"https:\/\/www.europesays.com\/fr\/wp-json\/wp\/v2\/posts\/130864","targetHints":{"allow":["GET"]}}],"collection":[{"href":"https:\/\/www.europesays.com\/fr\/wp-json\/wp\/v2\/posts"}],"about":[{"href":"https:\/\/www.europesays.com\/fr\/wp-json\/wp\/v2\/types\/post"}],"author":[{"embeddable":true,"href":"https:\/\/www.europesays.com\/fr\/wp-json\/wp\/v2\/users\/2"}],"replies":[{"embeddable":true,"href":"https:\/\/www.europesays.com\/fr\/wp-json\/wp\/v2\/comments?post=130864"}],"version-history":[{"count":0,"href":"https:\/\/www.europesays.com\/fr\/wp-json\/wp\/v2\/posts\/130864\/revisions"}],"wp:featuredmedia":[{"embeddable":true,"href":"https:\/\/www.europesays.com\/fr\/wp-json\/wp\/v2\/media\/130865"}],"wp:attachment":[{"href":"https:\/\/www.europesays.com\/fr\/wp-json\/wp\/v2\/media?parent=130864"}],"wp:term":[{"taxonomy":"category","embeddable":true,"href":"https:\/\/www.europesays.com\/fr\/wp-json\/wp\/v2\/categories?post=130864"},{"taxonomy":"post_tag","embeddable":true,"href":"https:\/\/www.europesays.com\/fr\/wp-json\/wp\/v2\/tags?post=130864"}],"curies":[{"name":"wp","href":"https:\/\/api.w.org\/{rel}","templated":true}]}}