{"id":130874,"date":"2025-05-27T04:05:09","date_gmt":"2025-05-27T04:05:09","guid":{"rendered":"https:\/\/www.europesays.com\/fr\/130874\/"},"modified":"2025-05-27T04:05:09","modified_gmt":"2025-05-27T04:05:09","slug":"lyon-nouveau-rassemblement-contre-le-suicide-assiste-2","status":"publish","type":"post","link":"https:\/\/www.europesays.com\/fr\/130874\/","title":{"rendered":"Lyon. Nouveau rassemblement contre le suicide assist\u00e9"},"content":{"rendered":"<p>Alors que dans l\u2019h\u00e9micycle du Palais Bourbon, les d\u00e9put\u00e9s auront vot\u00e9 (ou non) la proposition de loi sur la fin de vie, devant le Palais de Justice de Lyon, l\u2019association \u00ab\u00a0la marche pour la vie\u00a0\u00bb manifestera contre le suicide assist\u00e9 ce mardi \u00e0 19\u00a0h.<\/p>\n<p>\u00a0\u00ab Un poids suppl\u00e9mentaire sur les \u00e9paules\u00a0\u00bb<\/p>\n<p>La conf\u00e9rence des \u00e9v\u00eaques participe aussi au rassemblement qui se cl\u00f4turera par un temps de pri\u00e8re. L\u2019association d\u00e9crit cette loi comme \u00ab\u00a0un poids suppl\u00e9mentaire sur les \u00e9paules d\u00e9j\u00e0 lourdes des personnes en situation de handicap ou de maladie avanc\u00e9e car il leur sera d\u00e9sormais propos\u00e9 le \u00ab\u00a0choix\u00a0\u00bb culpabilisant de mettre fin \u00e0 leurs jours plut\u00f4t que d\u2018\u00eatre une charge pour leur famille et la soci\u00e9t\u00e9\u2026\u00a0\u00bb.<\/p>\n<p>La marche pour la vie organise chaque ann\u00e9e en janvier une manifestation contre l\u2019avortement et l\u2019euthanasie et \u00ab\u00a0s\u2019oppose \u00e0 la culture de la mort\u00a0\u00bb comme elle l\u2019indique sur son site internet.<\/p>\n","protected":false},"excerpt":{"rendered":"Alors que dans l\u2019h\u00e9micycle du Palais Bourbon, les d\u00e9put\u00e9s auront vot\u00e9 (ou non) la proposition de loi sur&hellip;\n","protected":false},"author":2,"featured_media":130873,"comment_status":"","ping_status":"","sticky":false,"template":"","format":"standard","meta":{"footnotes":""},"categories":[1889],"tags":[1111,11,2430,2757,1777,674,1011,27,2428,2756,12,25,2429,104],"class_list":{"0":"post-130874","1":"post","2":"type-post","3":"status-publish","4":"format-standard","5":"has-post-thumbnail","7":"category-lyon","8":"tag-actu","9":"tag-actualites","10":"tag-auvergne-rhone-alpes","11":"tag-edition-lyon-villeurbanne","12":"tag-eu","13":"tag-europe","14":"tag-fr","15":"tag-france","16":"tag-lyon","17":"tag-lyon-bassin","18":"tag-news","19":"tag-republique-francaise","20":"tag-rhone","21":"tag-societe"},"share_on_mastodon":{"url":"https:\/\/pubeurope.com\/@fr\/114577822374462693","error":""},"_links":{"self":[{"href":"https:\/\/www.europesays.com\/fr\/wp-json\/wp\/v2\/posts\/130874","targetHints":{"allow":["GET"]}}],"collection":[{"href":"https:\/\/www.europesays.com\/fr\/wp-json\/wp\/v2\/posts"}],"about":[{"href":"https:\/\/www.europesays.com\/fr\/wp-json\/wp\/v2\/types\/post"}],"author":[{"embeddable":true,"href":"https:\/\/www.europesays.com\/fr\/wp-json\/wp\/v2\/users\/2"}],"replies":[{"embeddable":true,"href":"https:\/\/www.europesays.com\/fr\/wp-json\/wp\/v2\/comments?post=130874"}],"version-history":[{"count":0,"href":"https:\/\/www.europesays.com\/fr\/wp-json\/wp\/v2\/posts\/130874\/revisions"}],"wp:featuredmedia":[{"embeddable":true,"href":"https:\/\/www.europesays.com\/fr\/wp-json\/wp\/v2\/media\/130873"}],"wp:attachment":[{"href":"https:\/\/www.europesays.com\/fr\/wp-json\/wp\/v2\/media?parent=130874"}],"wp:term":[{"taxonomy":"category","embeddable":true,"href":"https:\/\/www.europesays.com\/fr\/wp-json\/wp\/v2\/categories?post=130874"},{"taxonomy":"post_tag","embeddable":true,"href":"https:\/\/www.europesays.com\/fr\/wp-json\/wp\/v2\/tags?post=130874"}],"curies":[{"name":"wp","href":"https:\/\/api.w.org\/{rel}","templated":true}]}}