{"id":130877,"date":"2025-05-27T04:08:13","date_gmt":"2025-05-27T04:08:13","guid":{"rendered":"https:\/\/www.europesays.com\/fr\/130877\/"},"modified":"2025-05-27T04:08:13","modified_gmt":"2025-05-27T04:08:13","slug":"a-78-ans-jean-loup-collectionne-des-pieces-de-tennis-uniques-a-paris","status":"publish","type":"post","link":"https:\/\/www.europesays.com\/fr\/130877\/","title":{"rendered":"\u00e0 78 ans, Jean-Loup collectionne des pi\u00e8ces de tennis uniques \u00e0 Paris"},"content":{"rendered":"<p>            Par<br \/>\n        <strong><br \/>\n            <a href=\"https:\/\/actu.fr\/auteur\/antoine-grotteria02\" title=\"Consulter tous les articles de Antoine Grotteria\" target=\"_blank\" rel=\"noopener\">Antoine Grotteria<\/a><br \/>\n        <\/strong><\/p>\n<p>        Publi\u00e9 le<\/p>\n<p>            26 mai 2025 \u00e0 20h36        <\/p>\n<p>Il pose un regard tendre vers Elizabeth II. V\u00eatue d\u2019une tenue bleue en accord avec le ciel, la reine d\u2019Angleterre observe avec int\u00e9r\u00eat <strong>le plus long match de l\u2019histoire<\/strong>. \u00c0 quelques m\u00e8tres d\u2019elle, <strong>Jean-Loup Coignard<\/strong> p\u00e9n\u00e8tre dans un univers d\u2019hypnose, nanti d\u2019un appareil photo en bandouli\u00e8re. La balle l\u2019aimante autant que la pr\u00e9sence de la monarque. Nous sommes en 2010 \u00e0 <strong>Wimbledon<\/strong>. Nicolas Mahut et John Isner ferraillent depuis trois jours sur l\u2019herbe du Grand Chelem londonien. Aucun des deux jours n\u2019est enclin \u00e0 l\u00e2cher son service. L\u2019ordinaire d\u2019une rencontre plac\u00e9e sur un petit court se transforme alors en singularit\u00e9. Les personnalit\u00e9s publiques se pressent dans les tribunes pour assister \u00e0 cette curiosit\u00e9 finalement remport\u00e9e 70 \u00e0 68 \u00e0 la cinqui\u00e8me manche par l\u2019Am\u00e9ricain. \u00ab\u2009J\u2019ai donn\u00e9 un exemplaire \u00e0 Nicolas Mahut, \u00e7a l\u2019a un peu r\u00e9confort\u00e9\u2009\u00bb, sourit Jean-Loup Coignard, assis sur une \u00e9l\u00e9gante banquette dans son grand appartement du 6e arrondissement de <a href=\"https:\/\/actu.fr\/paris\/\" target=\"_blank\" rel=\"noopener\">Paris,<\/a> rue d\u2019Assas. Le pr\u00e9cieux album photo, impeccablement conserv\u00e9, ne forme qu\u2019un \u00e9chantillon de son <strong>immense collection<\/strong> de pi\u00e8ces retra\u00e7ant l\u2019histoire du <a href=\"https:\/\/actu.fr\/sports\/tennis\" target=\"_blank\" rel=\"noopener\">tennis<\/a>.<\/p>\n<p>300 \u00e0 400 raquettes de l\u2019invention du tennis \u00e0 aujourd\u2019hui<\/p>\n<p class=\" wall-content\">Quand certains tapissent leur mur de peintures classiques, ce fondateur d\u2019un cabinet de transaction d\u2019officines de pharmacie le recouvre <strong>d\u2019\u0153uvres<\/strong> repr\u00e9sentant des joueurs. Quand certains remplissent leur biblioth\u00e8que de livres d\u2019auteurs classiques, lui accumule les <strong>bouquins<\/strong> sur l\u2019histoire de ce sport bourgeois, anc\u00eatre du jeu de paume. Quand d\u2019aucuns se d\u00e9barrassent de vieux instruments en bois, lui aligne les <strong>raquettes<\/strong> de toutes les \u00e9poques.<\/p>\n<p class=\" wall-content\">\u00ab\u2009Cela a commenc\u00e9 avec une vieille bo\u00eete de balles des ann\u00e9es 1960\u2009\u00bb, rembobine l\u2019homme \u00e2g\u00e9 de 78\u00a0ans, coiff\u00e9 d\u2019une crini\u00e8re blanche. \u00ab\u2009Aujourd\u2019hui, j\u2019en suis \u00e0 une <strong>vingtaine de tableaux et 300 \u00e0 400 raquettes<\/strong>. Mais il y en a seulement une centaine de belles\u2009\u00bb, pr\u00e9cise-t-il. Le collectionneur confesse ne pas se d\u00e9finir comme \u00ab\u2009un adepte de l\u2019esth\u00e9tique\u2009\u00bb, mais se targue de poss\u00e9der de \u00ab\u2009rares pi\u00e8ces, encore bien dans leur jus\u2009\u00bb.<\/p>\n<p>    <img   decoding=\"async\" loading=\"lazy\" src=\"https:\/\/www.europesays.com\/fr\/wp-content\/uploads\/2025\/05\/img-20250521-080254-resized-20250521-031104703-960x640.jpg\" alt=\"La Reine d'Angleterre, Elizabeth II, dans l'objectif de Jean-Loup. Un souvenir grav\u00e9 dans un album. \" width=\"960\" height=\"640\"\/><br \/>\n    La Reine d\u2019Angleterre, Elizabeth II, dans l\u2019objectif de Jean-Loup. Un souvenir grav\u00e9 dans un album. (\u00a9AG\/ actu Paris)<\/p>\n<p class=\" wall-content\">De sa besace, il extrait ais\u00e9ment une vieillerie de la fin du 19e si\u00e8cle. Le tamis semble noy\u00e9 dans l\u2019immensit\u00e9 du manche en bois.<\/p>\n<blockquote class=\"ac-article-quote wall-content\">\n<p>\u00ab\u2009C\u2019est la plus ancienne raquette de ma panoplie. Mais comment faisaient-ils pour jouer avec \u00e7a\u2009?\u2009\u00bb<\/p>\n<p>    <strong>Jean-Loup Coignard<\/strong><br \/>\n        Un collectionneur de tennis    <\/p><\/blockquote>\n<p class=\" wall-content\">Malgr\u00e9 son attachement \u00e0 tous ces \u00ab\u2009vestiges\u2009\u00bb, ce dernier tient \u00e0 montrer une raquette des premi\u00e8res ann\u00e9es du 20e si\u00e8cle.<\/p>\n<p class=\" wall-content\">Enrob\u00e9e d\u2019une housse fleurie, elle dispose d\u2019un manche en bois fin, certainement empoign\u00e9e par \u00ab\u2009une femme\u2009\u00bb. Autour, l\u2019usure ne semble pas avoir affect\u00e9 le mat\u00e9riau. Seules les cordes d\u00e9gagent un sentiment de fatigue. Qu\u2019importe. \u00ab\u2009C\u2019est l\u2019histoire qui se joue ici. Le tissu a certainement \u00e9t\u00e9 travaill\u00e9 par une personne. J\u2019aimerais tellement pouvoir <strong>remonter le temps<\/strong> pour voir comment elle l\u2019a confectionn\u00e9e\u2009\u00bb, commente-t-il.<\/p>\n<p>    <img   decoding=\"async\" loading=\"lazy\" src=\"https:\/\/www.europesays.com\/fr\/wp-content\/uploads\/2025\/05\/collectionneur-tennis-paris-11-960x640.jpg\" alt=\"Le mod\u00e8le de la raquette de Yannick Noah lors de sa victoire \u00e0 Roland-Garros en 1983. \" width=\"960\" height=\"640\"\/><br \/>\n    Le mod\u00e8le de la raquette de Yannick Noah lors de sa victoire \u00e0 Roland-Garros en 1983. (\u00a9AG\/ actu Paris)Des mod\u00e8les r\u00e9volutionnaires<\/p>\n<p class=\" wall-content\">Dans son logement, le sablier semble s\u2019arr\u00eater. Les \u00e9poques s\u2019entrem\u00ealent. Illustration avec le mod\u00e8le utilis\u00e9 par <strong><a href=\"https:\/\/actu.fr\/ile-de-france\/paris_75056\/jo-2024-quand-yannick-noah-met-l-ambiance-en-chantant-dans-un-metro-parisien-bonde_61414055.html\" target=\"_blank\" rel=\"noopener\">Yannick Noah<\/a> <\/strong>en 1983 lors de sa victoire \u00e0 <a href=\"https:\/\/actu.fr\/tag\/roland-garros\" target=\"_blank\" rel=\"noopener\">Roland-Garros<\/a>. Avec son cadre argent\u00e9, s\u00e9par\u00e9 en deux au niveau du \u00ab\u2009V\u2009\u00bb, la raquette concorde avec un outil des ann\u00e9es 1930. \u00ab\u2009On fait <strong>parler les \u00e8res entre elles<\/strong>, c\u2019est g\u00e9nial\u2009\u00bb, s\u2019exclame le retrait\u00e9.<\/p>\n<p class=\" wall-content\">D\u2019autres raquettes de sa collection ont chang\u00e9 l\u2019histoire du tennis. En 1978, <strong>Guillermo Vilas<\/strong> voit sa s\u00e9rie de 53 victoires d\u2019affil\u00e9e sur terre battue interrompue par le fantasque Ilie Nastase \u00e0 Aix-en-Provence (Bouches-du-Rh\u00f4ne). Cette d\u00e9faite reste controvers\u00e9e. En cause, une raquette \u00e0 double cordage utilis\u00e9 par le Roumain qui engendre une puissante rotation de la balle, aussi appel\u00e9e lift.<\/p>\n<p>    <img   decoding=\"async\" loading=\"lazy\" src=\"https:\/\/www.europesays.com\/fr\/wp-content\/uploads\/2025\/05\/collectionneur-tennis-paris-1-960x640.jpg\" alt=\"L'un des quatre Mousquetaires, Henri Cochet (\u00e0 droite), est pr\u00e9sent sur le mur de Jean-Loup. \" width=\"960\" height=\"640\"\/><br \/>\n    L\u2019un des quatre Mousquetaires, Henri Cochet (\u00e0 droite), est pr\u00e9sent sur le mur de Jean-Loup. (\u00a9AG\/ actu Paris)<\/p>\n<p class=\" wall-content\">\u00ab\u2009J\u2019en ai parl\u00e9 \u00e0 Georges Goven (capitaine de l\u2019\u00e9quipe de France de Coupe Davis et ex-joueur, NDLR). Il m\u2019a dit que cela lui avait permis de <strong>battre des joueurs bien meilleurs que lui<\/strong>\u2009\u00bb, relate Jean-Loup Coignard en brandissant la fameuse raquette. Plus tard, l\u2019Association of Tennis Players (ATP) \u00e9dicte une r\u00e8gle proscrivant ce type de boyau. Trente ans apr\u00e8s, <a href=\"https:\/\/actu.fr\/ile-de-france\/paris_75056\/rafael-nadal-celebre-fan-zone-prize-money-quelles-sont-les-nouveautes-de-roland-garros-2025_62654599.html\" target=\"_blank\" rel=\"noopener\">Rafael Nadal<\/a> \u00e9tablit une nouvelle marque de r\u00e9f\u00e9rence avec 81 succ\u00e8s de suite sur l\u2019ocre.<\/p>\n<p class=\" wall-content\">Pour parvenir \u00e0 agglom\u00e9rer ces reliques et relier les d\u00e9cennies, Jean-Loup Coignard fait montre d\u2019une intense activit\u00e9. Ses relations au sein du comit\u00e9 de Paris en tant que membre d\u2019honneur et dans plusieurs clubs prestigieux de la capitale lui ouvrent des portes. Sa courtoisie et sa bonhommie se prom\u00e8nent \u00e9galement aux <strong>Puces de Vanves<\/strong>, l\u2019embl\u00e9matique march\u00e9 d\u2019antiquit\u00e9 situ\u00e9 dans les Hauts-de-Seine.<\/p>\n<p>    <a href=\"https:\/\/email.publihebdos.com\/form?lid=Mqc7o19yVDtMEo2FE8aUtw2\" title=\"Ouvrie le lien\" target=\"_blank\" rel=\"noopener\">Cliquez ici pour visualiser le contenu<\/a><\/p>\n<p>Une d\u00e9votion \u00e0 Suzanne Lenglen<\/p>\n<p class=\" wall-content\">\u00ab\u2009Il y a peu de choses sur le tennis, mais il reste des choses. Je r\u00e9cup\u00e8re des \u00e9l\u00e9ments au cul du camion. Et \u00e7a me permet de me faire conna\u00eetre aupr\u00e8s des institutions\u2009\u00bb, fait-il savoir, n\u2019omettant pas de souligner <strong>sa collaboration avec le prestigieux mus\u00e9e de Wimbledon<\/strong>.<\/p>\n<blockquote class=\"ac-article-quote wall-content\">\n<p>\u00ab\u2009En Angleterre, il y a un respect du jeu et de ses l\u00e9gendes beaucoup plus ancr\u00e9 qu\u2019en France\u2009\u00bb<\/p>\n<p>    <strong>Jean-Loup Coignard<\/strong>\n            <\/p><\/blockquote>\n<p class=\" wall-content\">Parmi ces ic\u00f4nes,<strong> Suzanne Lenglen<\/strong>. \u00ab\u2009La Divine\u2009\u00bb aux huit Majeurs, n\u00e9e dans le 16e arrondissement, a beau avoir laiss\u00e9 son nom \u00e0 la post\u00e9rit\u00e9 \u00e0 Roland-Garros, son empreinte se r\u00e9v\u00e8le plus puissante \u00e0 Londres. \u00ab\u2009Quand on entre dans le mus\u00e9e de Wimbledon, il y a elle et Bill Tilden (Un Am\u00e9ricain vainqueur de dix Grands Chelem en simple dans les ann\u00e9es\u00a01920 et\u00a01930)\u2009\u00bb, explique-t-il.<\/p>\n<p>    <img   decoding=\"async\" loading=\"lazy\" src=\"https:\/\/www.europesays.com\/fr\/wp-content\/uploads\/2025\/05\/img-20250521-081749-resized-20250521-031103832-960x640.jpg\" alt=\"Une lettre r\u00e9dig\u00e9e par Suzanne Lenglen, soigneusement conserv\u00e9e par Jean-Loup Coignard. \" width=\"960\" height=\"640\"\/><br \/>\n    Une lettre r\u00e9dig\u00e9e par Suzanne Lenglen, soigneusement conserv\u00e9e par Jean-Loup Coignard. (\u00a9AG\/ actu Paris)<\/p>\n<p class=\" wall-content\">\u00c9blouie par l\u2019aura de la premi\u00e8re star internationale du tennis f\u00e9minin, Jean-Loup Coignard a \u00e9cum\u00e9 les march\u00e9s et les ventes aux ench\u00e8res pour trouver trace de son passage. Avec succ\u00e8s. Le collectionneur a r\u00e9cup\u00e9r\u00e9 <strong>plusieurs<\/strong>\u00a0<strong>lettres authentifi\u00e9es<\/strong> de sa plume. \u00ab\u2009Elle a une \u00e9criture nerveuse. C\u2019\u00e9tait dans son <strong>caract\u00e8re\u2009<\/strong>\u00bb, nous glisse-t-il en montrant une missive adress\u00e9e \u00e0 un \u00ab\u2009cher ami\u2009\u00bb.<\/p>\n<p class=\" wall-content\">Un si\u00e8cle plus tard, Suzanne Lenglen est bien pr\u00e9sente \u00e0 Roland-Garros. Elle a conf\u00e9r\u00e9 son patronyme \u00e0 la deuxi\u00e8me plus grande enceinte du site. Ses exploits, ses jupes modernes \u00e0 rebours des habits de l\u2019\u00e9poque, sont narr\u00e9s dans les all\u00e9es. \u00ab\u2009C\u2019est une femme extraordinaire et pionni\u00e8re\u2009\u00bb, palabre Jean-Loup Coignard. Son souvenir ne risque pas de s\u2019\u00e9teindre, alors que se d\u00e9roule la 124e \u00e9dition. Les \u00e9tag\u00e8res du collectionneur, eux, pourraient encore \u00eatre garnies de nouveaux objets pr\u00e9cieux.<\/p>\n<p class=\" wall-content\">Suivez toute l\u2019actualit\u00e9 de vos villes et m\u00e9dias favoris en vous inscrivant \u00e0 <a href=\"https:\/\/moncompte.actu.fr\" title=\"D\u00e9couvez Mon Actu\" rel=\"nofollow noopener\" data-trk=\"{&quot;cta&quot;:{&quot;action&quot;:&quot;https:\\\/\\\/moncompte.actu.fr&quot;,&quot;category&quot;:&quot;mon compte&quot;,&quot;from&quot;:&quot;article footer&quot;,&quot;name&quot;:&quot;Mon actu&quot;,&quot;type&quot;:&quot;cta&quot;}}\" target=\"_blank\">Mon Actu<\/a>.<\/p>\n","protected":false},"excerpt":{"rendered":"Par Antoine Grotteria Publi\u00e9 le 26 mai 2025 \u00e0 20h36 Il pose un regard tendre vers Elizabeth II.&hellip;\n","protected":false},"author":2,"featured_media":130878,"comment_status":"","ping_status":"","sticky":false,"template":"","format":"standard","meta":{"footnotes":""},"categories":[1888],"tags":[1111,1928,11,1927,13207,1777,674,1011,27,12,1926,626,1925,2551,25,4171,60,1467],"class_list":{"0":"post-130877","1":"post","2":"type-post","3":"status-publish","4":"format-standard","5":"has-post-thumbnail","7":"category-paris","8":"tag-actu","9":"tag-actu-paris","10":"tag-actualites","11":"tag-actualites-paris","12":"tag-collections","13":"tag-eu","14":"tag-europe","15":"tag-fr","16":"tag-france","17":"tag-news","18":"tag-news-paris","19":"tag-paris","20":"tag-paris-news","21":"tag-patrimoine","22":"tag-republique-francaise","23":"tag-roland-garros","24":"tag-sports","25":"tag-tennis"},"share_on_mastodon":{"url":"https:\/\/pubeurope.com\/@fr\/114577834260919601","error":""},"_links":{"self":[{"href":"https:\/\/www.europesays.com\/fr\/wp-json\/wp\/v2\/posts\/130877","targetHints":{"allow":["GET"]}}],"collection":[{"href":"https:\/\/www.europesays.com\/fr\/wp-json\/wp\/v2\/posts"}],"about":[{"href":"https:\/\/www.europesays.com\/fr\/wp-json\/wp\/v2\/types\/post"}],"author":[{"embeddable":true,"href":"https:\/\/www.europesays.com\/fr\/wp-json\/wp\/v2\/users\/2"}],"replies":[{"embeddable":true,"href":"https:\/\/www.europesays.com\/fr\/wp-json\/wp\/v2\/comments?post=130877"}],"version-history":[{"count":0,"href":"https:\/\/www.europesays.com\/fr\/wp-json\/wp\/v2\/posts\/130877\/revisions"}],"wp:featuredmedia":[{"embeddable":true,"href":"https:\/\/www.europesays.com\/fr\/wp-json\/wp\/v2\/media\/130878"}],"wp:attachment":[{"href":"https:\/\/www.europesays.com\/fr\/wp-json\/wp\/v2\/media?parent=130877"}],"wp:term":[{"taxonomy":"category","embeddable":true,"href":"https:\/\/www.europesays.com\/fr\/wp-json\/wp\/v2\/categories?post=130877"},{"taxonomy":"post_tag","embeddable":true,"href":"https:\/\/www.europesays.com\/fr\/wp-json\/wp\/v2\/tags?post=130877"}],"curies":[{"name":"wp","href":"https:\/\/api.w.org\/{rel}","templated":true}]}}