{"id":130885,"date":"2025-05-27T04:12:14","date_gmt":"2025-05-27T04:12:14","guid":{"rendered":"https:\/\/www.europesays.com\/fr\/130885\/"},"modified":"2025-05-27T04:12:14","modified_gmt":"2025-05-27T04:12:14","slug":"moscou-le-ministre-turc-des-affaires-etrangeres-recu-par-le-president-russe-vladimir-poutine-anadolu-ajansi","status":"publish","type":"post","link":"https:\/\/www.europesays.com\/fr\/130885\/","title":{"rendered":"Moscou : Le ministre turc des Affaires \u00e9trang\u00e8res re\u00e7u par le pr\u00e9sident russe, Vladimir Poutine &#8211; Anadolu Ajans\u0131"},"content":{"rendered":"<ol>\n<li><a href=\"https:\/\/news.google.com\/rss\/articles\/CBMi3wFBVV95cUxNODZZQmpKYmlHTnZBQTJjNDhSWnlEQlFzSE02bDZ1VUpubTJ5ZWN1NzlZU2o1RE13NU0zamVHY1l2RThwWHdLaEU5YkpRcjhWaFlIVnUyN2xGR2lYZ0tTeWxKQVczRTAyQXpEbGNReGtJekE1R2hQM3FYYktBS3h2a2ZuVjJZZTVEYnJHVXFoeWVIYWMwd3dycDNlYVE0azBRX01mZnlDcC15dmFsSnpTVDU0VUlXNHhNNlFqVzVoTldwbVlKcUFjNTk3NlhjcWVEdHh1c2lyTW5QX2JSZjVR?oc=5\" target=\"_blank\" rel=\"noopener\">Moscou : Le ministre turc des Affaires \u00e9trang\u00e8res re\u00e7u par le pr\u00e9sident russe, Vladimir Poutine<\/a>&nbsp;&nbsp;Anadolu Ajans\u0131<\/li>\n<li><a href=\"https:\/\/news.google.com\/rss\/articles\/CBMi2gFBVV95cUxQQ2x5LTM3eDBYRjJDY1Y3ZGZia3pKXzRyc3Z2UVFkLVJZQkNQU0RNOTBEclpadUJHcVliaXZLYlhqeWZOSHlXN2VsVGxnaDFRSXBFZ01UZDN0bGZjWG92eThlSjJOazQxNWQ1UE8wdWJIMklwemNIOXJBdUlWRkZwYVVQb3lodnNvamZROS1BcXhfQmhianM3cWhNMWZvNk5aS2VJQnBfRVJTOUdMVjdHdGZOS2V1ZG9VVmZRYzFodnU3N0V2M0tsbVE3eWJPMFd1WXE5dUxDVkpIdw?oc=5\" target=\"_blank\" rel=\"noopener\">Le Kremlin annonce que Poutine recevra le ministre turc des affaires \u00e9trang\u00e8res lors de sa visite \u00e0 Moscou<\/a>&nbsp;&nbsp;Az\u0259rtac<\/li>\n<li><a href=\"https:\/\/news.google.com\/rss\/articles\/CBMibEFVX3lxTFBPdFdHWVNlaXk5SWdVUnpqdjJwUzFwa20zQnFpNXFWLWNUdzFtUGM3MmM1MlJ4amJ4QkVzRjBUSGxTQ05Qek5ZOGRfaE5URkJQZWVXYkZZekFyenZNYnZMQTYtUUZWanBNNWx6Vg?oc=5\" target=\"_blank\" rel=\"noopener\">Le ministre turc des Affaires \u00e9trang\u00e8res, Hakan Fidan, se rendra en Russie lundi<\/a>&nbsp;&nbsp;TRT Global<\/li>\n<li><a href=\"https:\/\/news.google.com\/rss\/articles\/CBMimAFBVV95cUxQTFMtT0kzXzNjOGlUTjZITzJNOG9pNmJwcXdlMnBYMlk5RTM0R1FnVVRNUWVMdnJfSUxTWWxWY00tejVyVE5ERUNnYXltcFFyREdHaEJLa3lvQ2U4NGpZZWVhazVxQ0JFV2RYXzFJTDZDOUkwaExMQUlFM05LNjNpbHRFTzIzRGQyamFGazZ3am05bDNTeVJzUg?oc=5\" target=\"_blank\" rel=\"noopener\">Russie : Vladimir Poutine Accueillera le Ministre Turc \u00e0 Moscou<\/a>&nbsp;&nbsp;Senego.com &#8211; Actualit\u00e9 au S\u00e9n\u00e9gal<\/li>\n<\/ol>\n","protected":false},"excerpt":{"rendered":"Moscou : Le ministre turc des Affaires \u00e9trang\u00e8res re\u00e7u par le pr\u00e9sident russe, Vladimir Poutine&nbsp;&nbsp;Anadolu Ajans\u0131 Le Kremlin&hellip;\n","protected":false},"author":2,"featured_media":130886,"comment_status":"","ping_status":"","sticky":false,"template":"","format":"standard","meta":{"footnotes":""},"categories":[1591],"tags":[11,1785,1887,25514,12,1885,1886,132,1906,220,135],"class_list":{"0":"post-130885","1":"post","2":"type-post","3":"status-publish","4":"format-standard","5":"has-post-thumbnail","7":"category-russie","8":"tag-actualites","9":"tag-anadolu-ajansi","10":"tag-federation-de-russie","11":"tag-hakan-fidan","12":"tag-news","13":"tag-russia","14":"tag-russian-federation","15":"tag-russie","16":"tag-trkiye","17":"tag-ukraine","18":"tag-vladimir-poutine"},"share_on_mastodon":{"url":"https:\/\/pubeurope.com\/@fr\/114577849937613613","error":""},"_links":{"self":[{"href":"https:\/\/www.europesays.com\/fr\/wp-json\/wp\/v2\/posts\/130885","targetHints":{"allow":["GET"]}}],"collection":[{"href":"https:\/\/www.europesays.com\/fr\/wp-json\/wp\/v2\/posts"}],"about":[{"href":"https:\/\/www.europesays.com\/fr\/wp-json\/wp\/v2\/types\/post"}],"author":[{"embeddable":true,"href":"https:\/\/www.europesays.com\/fr\/wp-json\/wp\/v2\/users\/2"}],"replies":[{"embeddable":true,"href":"https:\/\/www.europesays.com\/fr\/wp-json\/wp\/v2\/comments?post=130885"}],"version-history":[{"count":0,"href":"https:\/\/www.europesays.com\/fr\/wp-json\/wp\/v2\/posts\/130885\/revisions"}],"wp:featuredmedia":[{"embeddable":true,"href":"https:\/\/www.europesays.com\/fr\/wp-json\/wp\/v2\/media\/130886"}],"wp:attachment":[{"href":"https:\/\/www.europesays.com\/fr\/wp-json\/wp\/v2\/media?parent=130885"}],"wp:term":[{"taxonomy":"category","embeddable":true,"href":"https:\/\/www.europesays.com\/fr\/wp-json\/wp\/v2\/categories?post=130885"},{"taxonomy":"post_tag","embeddable":true,"href":"https:\/\/www.europesays.com\/fr\/wp-json\/wp\/v2\/tags?post=130885"}],"curies":[{"name":"wp","href":"https:\/\/api.w.org\/{rel}","templated":true}]}}