{"id":130895,"date":"2025-05-27T04:17:09","date_gmt":"2025-05-27T04:17:09","guid":{"rendered":"https:\/\/www.europesays.com\/fr\/130895\/"},"modified":"2025-05-27T04:17:09","modified_gmt":"2025-05-27T04:17:09","slug":"quand-les-jeunes-venus-de-toute-leurope-debattent-comme-des-eurodeputes","status":"publish","type":"post","link":"https:\/\/www.europesays.com\/fr\/130895\/","title":{"rendered":"quand les jeunes venus de toute l\u2019Europe d\u00e9battent comme des eurod\u00e9put\u00e9s"},"content":{"rendered":"<p>R\u00e9chauffement climatique, guerres, pouss\u00e9e des nationalismes, r\u00e9seaux sociaux, d\u00e9sinformation, intelligence artificielle\u2026 Vu comme \u00e7a, le futur ressemble \u00e0 un champ de mines. Les d\u00e9fis semblent colossaux et les motifs d\u2019inqui\u00e9tudes nombreux. Qu\u2019en pensent les jeunes\u00a0? Comment voient-ils leur avenir\u00a0?<\/p>\n<p>Face \u00e0 toutes ces questions, l\u2019Union europ\u00e9enne (UE) et le Conseil de l\u2019Europe m\u00e8nent des actions concr\u00e8tes en faveur des jeunes pour favoriser leur participation citoyenne.<\/p>\n<p>\u00ab\u00a0Prenez la parole et dites-nous ce que vous attendez de l\u2019Europe\u00a0\u00bb<\/p>\n<p>\u00ab\u00a0Pour une Europe plus verte et plus unie, nous avons besoin de vous\u00a0\u00bb, lance la Maltaise Roberta Metsola, pr\u00e9sidente du <a href=\"https:\/\/www.dna.fr\/p\/parlement-europeen\" target=\"_blank\" rel=\"noopener\">Parlement europ\u00e9en<\/a> (PE), aux plus de huit cents lyc\u00e9ens venus de toute l\u2019Europe r\u00e9unis dans l\u2019h\u00e9micycle strasbourgeois, le vendredi 28\u00a0mars, dans le cadre du programme Euroscola. Deux mille autres adolescents sont au m\u00eame moment connect\u00e9s depuis une trentaine d\u2019\u00e9tablissements scolaires sur le continent. \u00ab\u00a0Prenez la parole et dites-nous&#8230;<\/p>\n","protected":false},"excerpt":{"rendered":"R\u00e9chauffement climatique, guerres, pouss\u00e9e des nationalismes, r\u00e9seaux sociaux, d\u00e9sinformation, intelligence artificielle\u2026 Vu comme \u00e7a, le futur ressemble \u00e0&hellip;\n","protected":false},"author":2,"featured_media":130896,"comment_status":"","ping_status":"","sticky":false,"template":"","format":"standard","meta":{"footnotes":""},"categories":[1586],"tags":[11,2389,2649,3599,2880,1057,4854,1777,674,107,1011,27,12,316,25,104,640,2879],"class_list":{"0":"post-130895","1":"post","2":"type-post","3":"status-publish","4":"format-standard","5":"has-post-thumbnail","7":"category-europe","8":"tag-actualites","9":"tag-alsace","10":"tag-bas-rhin","11":"tag-college-lycee","12":"tag-edition-strasbourg","13":"tag-education","14":"tag-enseignement-superieur","15":"tag-eu","16":"tag-europe","17":"tag-fil-info","18":"tag-fr","19":"tag-france","20":"tag-news","21":"tag-politique","22":"tag-republique-francaise","23":"tag-societe","24":"tag-strasbourg","25":"tag-strasbourg-ville"},"share_on_mastodon":{"url":"https:\/\/pubeurope.com\/@fr\/114577869745834724","error":""},"_links":{"self":[{"href":"https:\/\/www.europesays.com\/fr\/wp-json\/wp\/v2\/posts\/130895","targetHints":{"allow":["GET"]}}],"collection":[{"href":"https:\/\/www.europesays.com\/fr\/wp-json\/wp\/v2\/posts"}],"about":[{"href":"https:\/\/www.europesays.com\/fr\/wp-json\/wp\/v2\/types\/post"}],"author":[{"embeddable":true,"href":"https:\/\/www.europesays.com\/fr\/wp-json\/wp\/v2\/users\/2"}],"replies":[{"embeddable":true,"href":"https:\/\/www.europesays.com\/fr\/wp-json\/wp\/v2\/comments?post=130895"}],"version-history":[{"count":0,"href":"https:\/\/www.europesays.com\/fr\/wp-json\/wp\/v2\/posts\/130895\/revisions"}],"wp:featuredmedia":[{"embeddable":true,"href":"https:\/\/www.europesays.com\/fr\/wp-json\/wp\/v2\/media\/130896"}],"wp:attachment":[{"href":"https:\/\/www.europesays.com\/fr\/wp-json\/wp\/v2\/media?parent=130895"}],"wp:term":[{"taxonomy":"category","embeddable":true,"href":"https:\/\/www.europesays.com\/fr\/wp-json\/wp\/v2\/categories?post=130895"},{"taxonomy":"post_tag","embeddable":true,"href":"https:\/\/www.europesays.com\/fr\/wp-json\/wp\/v2\/tags?post=130895"}],"curies":[{"name":"wp","href":"https:\/\/api.w.org\/{rel}","templated":true}]}}