{"id":130911,"date":"2025-05-27T04:28:10","date_gmt":"2025-05-27T04:28:10","guid":{"rendered":"https:\/\/www.europesays.com\/fr\/130911\/"},"modified":"2025-05-27T04:28:10","modified_gmt":"2025-05-27T04:28:10","slug":"ce-chapitre-est-termine-le-portugais-vers-un-depart-dal-nassr","status":"publish","type":"post","link":"https:\/\/www.europesays.com\/fr\/130911\/","title":{"rendered":"\u00abCe chapitre est termin\u00e9\u00bb, le Portugais vers un d\u00e9part d\u2019Al-Nassr"},"content":{"rendered":"<p>Dans un message post\u00e9 ce lundi sur les r\u00e9seaux sociaux, la star du football a laiss\u00e9 entendre qu\u2019il allait quitter le club saoudien.<\/p>\n<p class=\"fig-paragraph\">La parenth\u00e8se saoudienne va se fermer. Ce lundi soir,\u00a0<a href=\"http:\/\/www.lefigaro.fr\/sports\/football\/transferts\/mercato-apres-le-bresil-cristiano-ronaldo-envoye-au-maroc-20250522\" data-fig-type=\"NewsFlash\" data-gtm-custom-categorie=\"navigation\" data-gtm-custom-action=\"crossclick\" data-gtm-custom-label=\"Contextuel\" data-gtm-event=\"customEventSPE\" data-fig-domain=\"LEFIGARO\" target=\"_blank\" rel=\"noopener\">Cristiano Ronaldo<\/a>\u00a0a laiss\u00e9 entendre qu\u2019il allait quitter son club d\u2019Al-Nassr dans un message \u00e9nigmatique. \u00abCe chapitre est termin\u00e9. L\u2019histoire\u00a0? Toujours en cours d\u2019\u00e9criture\u00bb, a \u00e9crit la star portugaise.<\/p>\n<p class=\"fig-paragraph\">Arriv\u00e9 en 2023 en provenance de Manchester United, Ronaldo aura inscrit 97 buts en 103 rencontres disput\u00e9es. La question est maintenant de savoir o\u00f9 pourra rebondir l\u2019attaquant de 40 ans, qui, visiblement, n\u2019est pas encore pr\u00e8s d\u2019arr\u00eater sa longue et riche carri\u00e8re<\/p>\n<p class=\"fig-paragraph\">Cette annonce intervient alors que la F\u00e9d\u00e9ration internationale de football va ouvrir une fen\u00eatre sp\u00e9ciale de transferts du 1er au 10 juin, afin de permettre aux 32 \u00e9quipes participant au Mondial des clubs (14 juin &#8211; 13 juillet aux \u00c9tats-Unis) d\u2019aligner de nouveaux joueurs durant la comp\u00e9tition.<\/p>\n<p class=\"fig-paragraph\">Cristiano Ronaldo s\u2019\u00e9tait engag\u00e9 pour deux saisons et demie avec Al-Nassr fin d\u00e9cembre 2022, au sortir de la Coupe du monde au Qatar, devenant le premier grand nom du football \u00e0 rejoindre le championnat saoudien en plein d\u00e9veloppement.<\/p>\n<p class=\"fig-paragraph\">L\u2019\u00e9t\u00e9 dernier, le quintuple Ballon d\u2019or avait affirm\u00e9 qu\u2019il pourrait finir sa carri\u00e8re \u00e0 Al-Nassr. \u00abUne \u00e9quipe qui me rend heureux et o\u00f9 je me sens bien\u00bb, avait expliqu\u00e9 l\u2019attaquant, pass\u00e9 par Manchester United, le Real Madrid et la Juventus Turin. Ce sera finalement ailleurs.<\/p>\n","protected":false},"excerpt":{"rendered":"Dans un message post\u00e9 ce lundi sur les r\u00e9seaux sociaux, la star du football a laiss\u00e9 entendre qu\u2019il&hellip;\n","protected":false},"author":2,"featured_media":130912,"comment_status":"","ping_status":"","sticky":false,"template":"","format":"standard","meta":{"footnotes":""},"categories":[1412],"tags":[454,69,448,83,451,13282,64,450,449,1451,1452,1453,1454,1455,1011,27,452,453,66,446,447,70,60,455],"class_list":{"0":"post-130911","1":"post","2":"type-post","3":"status-publish","4":"format-standard","5":"has-post-thumbnail","7":"category-f1","8":"tag-ballon-dor","9":"tag-bundesliga","10":"tag-champions-league","11":"tag-coupe-de-france","12":"tag-coupe-du-monde","13":"tag-cristiano-ronaldo","14":"tag-equipe-de-france","15":"tag-euro","16":"tag-europa-league","17":"tag-f1","18":"tag-formula-1","19":"tag-formula1","20":"tag-formule-1","21":"tag-formule1","22":"tag-fr","23":"tag-france","24":"tag-italie","25":"tag-liga","26":"tag-ligue-1","27":"tag-ligue-2","28":"tag-ligue-des-champions","29":"tag-premier-league","30":"tag-sports","31":"tag-uefa"},"share_on_mastodon":{"url":"https:\/\/pubeurope.com\/@fr\/114577912837991365","error":""},"_links":{"self":[{"href":"https:\/\/www.europesays.com\/fr\/wp-json\/wp\/v2\/posts\/130911","targetHints":{"allow":["GET"]}}],"collection":[{"href":"https:\/\/www.europesays.com\/fr\/wp-json\/wp\/v2\/posts"}],"about":[{"href":"https:\/\/www.europesays.com\/fr\/wp-json\/wp\/v2\/types\/post"}],"author":[{"embeddable":true,"href":"https:\/\/www.europesays.com\/fr\/wp-json\/wp\/v2\/users\/2"}],"replies":[{"embeddable":true,"href":"https:\/\/www.europesays.com\/fr\/wp-json\/wp\/v2\/comments?post=130911"}],"version-history":[{"count":0,"href":"https:\/\/www.europesays.com\/fr\/wp-json\/wp\/v2\/posts\/130911\/revisions"}],"wp:featuredmedia":[{"embeddable":true,"href":"https:\/\/www.europesays.com\/fr\/wp-json\/wp\/v2\/media\/130912"}],"wp:attachment":[{"href":"https:\/\/www.europesays.com\/fr\/wp-json\/wp\/v2\/media?parent=130911"}],"wp:term":[{"taxonomy":"category","embeddable":true,"href":"https:\/\/www.europesays.com\/fr\/wp-json\/wp\/v2\/categories?post=130911"},{"taxonomy":"post_tag","embeddable":true,"href":"https:\/\/www.europesays.com\/fr\/wp-json\/wp\/v2\/tags?post=130911"}],"curies":[{"name":"wp","href":"https:\/\/api.w.org\/{rel}","templated":true}]}}