{"id":130929,"date":"2025-05-27T04:37:11","date_gmt":"2025-05-27T04:37:11","guid":{"rendered":"https:\/\/www.europesays.com\/fr\/130929\/"},"modified":"2025-05-27T04:37:11","modified_gmt":"2025-05-27T04:37:11","slug":"la-bouche-ozempic-ou-quand-le-recours-au-medicament-miracle-se-voit-sur-le-visage","status":"publish","type":"post","link":"https:\/\/www.europesays.com\/fr\/130929\/","title":{"rendered":"La \u00abbouche Ozempic\u00bb, ou quand le recours au m\u00e9dicament \u00abmiracle\u00bb se voit sur le visage"},"content":{"rendered":"<p>C\u2019est le m\u00e9dicament dont tout le monde parle. Surnomm\u00e9e la piq\u00fbre miracle pour sa capacit\u00e9 \u00e0 faire perdre du poids rapidement, <a href=\"https:\/\/www.vanityfair.fr\/business\/article\/hollywood-regime-medicament-insuline\" target=\"_blank\" rel=\"noopener\">l\u2019Ozempic<\/a> (originellement con\u00e7u pour traiter le diab\u00e8te) a pourtant des effets secondaires tout sauf glamour. Et ceux-ci sont traqu\u00e9s sans rel\u00e2che par les internautes : <a href=\"https:\/\/www.vanityfair.fr\/article\/le-visage-ozempic-quand-une-technique-de-regime-controversee-provoque-des-ravages-sur-le-visage\" target=\"_blank\" rel=\"noopener\">Ozempic Face<\/a>, <a href=\"https:\/\/www.vanityfair.fr\/article\/pieds-ozempic-amaigrissement-chimiquement-assiste-fragilise-les-pieds-et-le-squelette\" target=\"_blank\" rel=\"noopener\">pieds Ozempic<\/a>, et dor\u00e9navant bouche Ozempic. Cette derni\u00e8re d\u00e9signe une perte de volume importante du visage, qui se traduit particuli\u00e8rement sur le contour de la bouche, avec des rides et des creux des deux c\u00f4t\u00e9s des l\u00e8vres, mais aussi un manque de tonus, et un affaissement du visage. Quels sont les visages c\u00e9l\u00e8bres sur lesquels s\u2019observent particuli\u00e8rement <a href=\"https:\/\/www.vanityfair.fr\/article\/le-fabricant-dozempic-finance-la-creation-dun-des-superordinateurs-les-plus-puissants-au-monde\" target=\"_blank\" rel=\"noopener\">l&rsquo;Ozempic<\/a> Mouth ? Assur\u00e9ment celui de <strong>Sharon Osbourne<\/strong>, qui d\u00e9clarait d\u00e8s 2023 avoir recours \u00e0 ce m\u00e9dicament pour maigrir (notamment dans l\u2019\u00e9mission <a data-offer-url=\"https:\/\/open.spotify.com\/show\/0Z3M1mtmdnvMgTbO27LHkB\" class=\"external-link\" data-event-click=\"{&quot;element&quot;:&quot;ExternalLink&quot;,&quot;outgoingURL&quot;:&quot;https:\/\/open.spotify.com\/show\/0Z3M1mtmdnvMgTbO27LHkB&quot;}\" href=\"https:\/\/open.spotify.com\/show\/0Z3M1mtmdnvMgTbO27LHkB\" rel=\"nofollow noopener\" target=\"_blank\"><strong>Club Random with Bill Maher<\/strong><\/a>). Le contour des l\u00e8vres marqu\u00e9 peut \u00e9galement s\u2019observer sur le visage d\u2019une autre star ayant ouvertement reconnu avoir maigri \u00e0 l\u2019aide de l&rsquo;Ozempic : l\u2019actrice australienne <a href=\"https:\/\/www.vanityfair.it\/article\/rebel-wilson-matrimonio-ramona-agruma-sindney\" target=\"_blank\" rel=\"noopener\"><strong>Rebel Wilson<\/strong><\/a>, qui a racont\u00e9 son exp\u00e9rience au cours du podcast <a data-offer-url=\"https:\/\/podcasts.apple.com\/gb\/podcast\/the-diary-of-a-ceo-with-steven-bartlett\/id1291423644\" class=\"external-link\" data-event-click=\"{&quot;element&quot;:&quot;ExternalLink&quot;,&quot;outgoingURL&quot;:&quot;https:\/\/podcasts.apple.com\/gb\/podcast\/the-diary-of-a-ceo-with-steven-bartlett\/id1291423644&quot;}\" href=\"https:\/\/podcasts.apple.com\/gb\/podcast\/the-diary-of-a-ceo-with-steven-bartlett\/id1291423644\" rel=\"nofollow noopener\" target=\"_blank\"><strong>The Diary of a CEO<\/strong><\/a>. En somme, la silhouette parfaite aurait pour ran\u00e7on des l\u00e8vres semblant plus \u00e2g\u00e9es, moins repl\u00e8tes et jeunes que la normale. Nous avons donc pos\u00e9 la question \u00e0 un expert et voici ce qu\u2019il en dit.<\/p>\n<p>Instagram content<\/p>\n<p>This content can also be viewed on the site it <a href=\"https:\/\/www.instagram.com\/p\/DFsSjjhNGR0\" target=\"_blank\" rel=\"nofollow noreferrer noopener\" aria-label=\"Opens in a new window\" class=\"BaseWrap-sc-gjQpdd BaseText-ewhhUZ BaseLink-eNWuiM ConsentBannerLink-dJZMSz iUEiRd hfDfPc joAuXZ\">originates<\/a> from.<\/p>\n<p>Apr\u00e8s une perte de poids drastique, le visage perd son \u00e9quilibre et cela se voit sur les l\u00e8vres<\/p>\n<p>\u00ab\u00a0L\u2019expression bouche Ozempic ne d\u00e9signe pas seulement une transformation du contour des l\u00e8vres, mais un v\u00e9ritable creux qui se fait dans le tiers inf\u00e9rieur du visage \u00bb, explique le Dr Guido Cornegliani, chirurgien plastique et directeur m\u00e9dical de la Clinica Forma \u00e0 Milan. La cause ? \u00ab\u00a0Tout est d\u00fb \u00e0 la perte drastique de graisse sous-cutan\u00e9e, qui soutient la zone p\u00e9ribuccale, souligne l&rsquo;expert. Le r\u00e9sultat est un visage creus\u00e9, marqu\u00e9 par des plis visibles et des l\u00e8vres qui semblent \u201cd\u00e9tach\u00e9es\u201d de leur contexte. Chez les personnes qui ont d\u00e9j\u00e0 eu recours \u00e0 des injections de fillers, l&rsquo;effet est encore plus marqu\u00e9 : les l\u00e8vres restent suspendues dans un contour creus\u00e9, comme si elles n&rsquo;appartenaient plus au visage. \u00bb<\/p>\n<p>Au-del\u00e0 des l\u00e8vres, c\u2019est tout le visage qui se modifie<\/p>\n<p>\u00ab\u00a0L\u2019amaigrissement rapide induit par des m\u00e9dicaments comme l\u2019Ozempic ne laisse pas \u00e0 la peau le temps de s&rsquo;adapter, souligne le m\u00e9decin. Le visage se creuse particuli\u00e8rement dans les zones strat\u00e9giques comme les joues, les tempes, le contour des yeux et la m\u00e2choire. Les\u00a0comblements pr\u00e9existants deviennent disproportionn\u00e9s, les cernes se creusent, le visage perd en tonicit\u00e9 et en harmonie, et le contour des l\u00e8vres para\u00eet vieilli. \u00bb Une situation qu&rsquo;il convient de g\u00e9rer avec pr\u00e9caution, surtout chez celles qui ont recours \u00e0 ces m\u00e9dicaments pour des raisons esth\u00e9tiques. Alors, comment intervenir sans d\u00e9naturer ? \u00ab\u00a0Le secret n&rsquo;est pas de combler, mais de reconstruire l&rsquo;\u00e9quilibre \u00bb, pr\u00e9cise le m\u00e9decin. Le traitement id\u00e9al pour r\u00e9tablir l&rsquo;harmonie du visage apr\u00e8s un amaigrissement drastique ? \u00ab\u00a0Un cocktail personnalis\u00e9 et raisonn\u00e9 de produits injectables, de biostimulants, de PRP et de technologies non invasives, \u00e0 moduler dans le temps. Dans certains cas, le lipofilling est \u00e9galement envisag\u00e9. Mais la cl\u00e9 reste la pr\u00e9vention. Toute personne qui commence \u00e0 prendre de <a href=\"https:\/\/www.vanityfair.fr\/article\/tu-as-pris-de-lozempic-un-commentaire-efface-de-barbra-streisand-agace-les-internautes\" target=\"_blank\" rel=\"noopener\">l\u2019Ozempic<\/a> doit \u00eatre suivie par un sp\u00e9cialiste d\u00e8s le d\u00e9but. Une alimentation \u00e9quilibr\u00e9e, une activit\u00e9 physique, des compl\u00e9ments alimentaires et de petits traitements cibl\u00e9s peuvent \u00e9viter les effets de visage creus\u00e9 et le bouche Ozempic avant m\u00eame qu&rsquo;ils ne se produisent. \u00bb<\/p>\n<blockquote class=\"BlockquoteEmbedWrapper-sc-SdiGL kMAUQf blockquote-embed\" data-testid=\"blockquote-wrapper\">\n<p>Article initialement publi\u00e9 sur <a href=\"https:\/\/www.vanityfair.it\/article\/ozempic-mouth-inestetismo-viso-dopo-dimagrimento-eccessivo#intcid=_vanity-fair-it-right-rail_b7d5b40f-22f8-4b46-98c0-44c6569577a4_popular4-2\" target=\"_blank\" rel=\"noopener\">Vanity Fair Italie<\/a><\/p>\n<\/blockquote>\n<p><script async src=\"\/\/www.instagram.com\/embed.js\"><\/script><\/p>\n","protected":false},"excerpt":{"rendered":"C\u2019est le m\u00e9dicament dont tout le monde parle. Surnomm\u00e9e la piq\u00fbre miracle pour sa capacit\u00e9 \u00e0 faire perdre&hellip;\n","protected":false},"author":2,"featured_media":130930,"comment_status":"","ping_status":"","sticky":false,"template":"","format":"standard","meta":{"footnotes":""},"categories":[10],"tags":[8416,1011,27,72,1305,71,6747],"class_list":{"0":"post-130929","1":"post","2":"type-post","3":"status-publish","4":"format-standard","5":"has-post-thumbnail","7":"category-sante","8":"tag-digital_syndication","9":"tag-fr","10":"tag-france","11":"tag-health","12":"tag-lifestyle","13":"tag-sante","14":"tag-textabovecentergridwidth"},"share_on_mastodon":{"url":"https:\/\/pubeurope.com\/@fr\/114577948234674262","error":""},"_links":{"self":[{"href":"https:\/\/www.europesays.com\/fr\/wp-json\/wp\/v2\/posts\/130929","targetHints":{"allow":["GET"]}}],"collection":[{"href":"https:\/\/www.europesays.com\/fr\/wp-json\/wp\/v2\/posts"}],"about":[{"href":"https:\/\/www.europesays.com\/fr\/wp-json\/wp\/v2\/types\/post"}],"author":[{"embeddable":true,"href":"https:\/\/www.europesays.com\/fr\/wp-json\/wp\/v2\/users\/2"}],"replies":[{"embeddable":true,"href":"https:\/\/www.europesays.com\/fr\/wp-json\/wp\/v2\/comments?post=130929"}],"version-history":[{"count":0,"href":"https:\/\/www.europesays.com\/fr\/wp-json\/wp\/v2\/posts\/130929\/revisions"}],"wp:featuredmedia":[{"embeddable":true,"href":"https:\/\/www.europesays.com\/fr\/wp-json\/wp\/v2\/media\/130930"}],"wp:attachment":[{"href":"https:\/\/www.europesays.com\/fr\/wp-json\/wp\/v2\/media?parent=130929"}],"wp:term":[{"taxonomy":"category","embeddable":true,"href":"https:\/\/www.europesays.com\/fr\/wp-json\/wp\/v2\/categories?post=130929"},{"taxonomy":"post_tag","embeddable":true,"href":"https:\/\/www.europesays.com\/fr\/wp-json\/wp\/v2\/tags?post=130929"}],"curies":[{"name":"wp","href":"https:\/\/api.w.org\/{rel}","templated":true}]}}