{"id":130952,"date":"2025-05-27T04:49:08","date_gmt":"2025-05-27T04:49:08","guid":{"rendered":"https:\/\/www.europesays.com\/fr\/130952\/"},"modified":"2025-05-27T04:49:08","modified_gmt":"2025-05-27T04:49:08","slug":"champion-deurope-bordeaux-peut-il-se-permettre-daller-tranquillement-en-tongs-a-toulon","status":"publish","type":"post","link":"https:\/\/www.europesays.com\/fr\/130952\/","title":{"rendered":"Champion d&rsquo;Europe, Bordeaux peut-il se permettre d&rsquo;aller tranquillement en tongs \u00e0 Toulon\u00a0?"},"content":{"rendered":"<p>            Par<br \/>\n        <strong><br \/>\n            <a href=\"https:\/\/actu.fr\/auteur\/clement-mazella\" title=\"Consulter tous les articles de Cl\u00e9ment Mazella\" target=\"_blank\" rel=\"noopener\">Cl\u00e9ment Mazella<\/a><br \/>\n        <\/strong><\/p>\n<p>        Publi\u00e9 le<\/p>\n<p>            27 mai 2025 \u00e0 6h30        <\/p>\n<p>\u00ab\u00a0La soir\u00e9e va continuer comme elle a commenc\u00e9 : sans eau ! Cela va \u00eatre festif. On va profiter des gens qui nous aiment\u00a0\u00bb. Aupr\u00e8s de <a href=\"https:\/\/actu.fr\/nouvelle-aquitaine\/bordeaux_33063\/l-union-bordeaux-begles-celebre-son-titre-europeen-avec-les-supporters-suivez-les-festivites-en-direct_62685161.html\" target=\"_blank\" rel=\"noopener\">nos coll\u00e8gues d\u2019Actu Bordeaux<\/a>, l\u2019ouvreur Matthieu Jalibert faisait comprendre que son \u00e9quipe allait savourer comme il se devait le premier titre majeur d\u00e9croch\u00e9 par l\u2019UBB, vainqueur de la Champions Cup apr\u00e8s un parcours somptueux et une finale ma\u00eetris\u00e9e face \u00e0 Northampton.<\/p>\n<p class=\" wall-content\">Dimanche, 40000 personnes ont c\u00e9l\u00e9br\u00e9 Lucu et ses co\u00e9quipiers, en folie sur un bus \u00e0 imp\u00e9riale qui a travers\u00e9 comme il a pu la place Gambetta et celle des Quinconces. Les t\u00eates pleines de bulles, les Girondins n\u2019avaient pas pr\u00e9vu de s\u2019arr\u00eater de sit\u00f4t. Sauf que la saison n\u2019est pas encore termin\u00e9e, et que les choses s\u00e9rieuses reviennent d\u00e8s ce week-end avec un d\u00e9placement explosif \u00e0 Toulon. Une question est sur toutes les l\u00e8vres : l\u2019UBB peut-elle se permettre de faire l\u2019impasse \u00e0 Mayol ?<\/p>\n<p class=\" wall-content\"><a href=\"https:\/\/www.instagram.com\/p\/DKFP5QTqADr\/embed\" title=\"Ouvrir le lien sur Instagram\" target=\"_blank\" rel=\"noopener\">Visualiser le contenu sur Instagram<\/a><\/p>\n<p>Une deuxi\u00e8me place \u00e0 garder<\/p>\n<p class=\" wall-content\">Certes euphorique, Matthieu Jalibert soulignait que le groupe devait garder les pieds sur terre : \u00ab\u00a0Il y a une fin de championnat qu\u2019il va falloir g\u00e9rer pour aller directement en demi-finale\u00a0\u00bb. Difficile de le contredire.<\/p>\n<p class=\" wall-content\">Si la premi\u00e8re place est d\u00e9j\u00e0 acquise \u00e0 Toulouse, Bordeaux a son destin en mains s\u2019il veut finir deuxi\u00e8me. C\u2019est d\u00e9j\u00e0 beaucoup, mais il ne faudra pas faire n\u2019importe quoi lors du match \u00e0 Toulon et lors de la r\u00e9ception de Vannes.<\/p>\n<p class=\" wall-content\"><a href=\"https:\/\/www.instagram.com\/p\/DKFJVhtKzAN\/embed\" title=\"Ouvrir le lien sur Instagram\" target=\"_blank\" rel=\"noopener\">Visualiser le contenu sur Instagram<\/a><\/p>\n<p>G\u00e9rer le cas d\u2019\u00e9galit\u00e9 avec Toulon<\/p>\n<p class=\" wall-content\">Toulon, justement, c\u2019est le d\u00e9fi propos\u00e9 au tout nouveau champion d\u2019Europe ce dimanche 1er juin (21h). L\u2019UBB a une certaine marge d\u2019avance au classement sur le RCT (73 points contre\u00a0 68), ce qui lui permettra de g\u00e9rer son effectif, avec probablement une grosse partie des h\u00e9ros de Cardiff dispens\u00e9s de la rencontre (Maxime Lucu est m\u00eame forfait, victime d\u2019une b\u00e9quille).<\/p>\n<p class=\" wall-content\">Mais attention : Bordeaux ne peut pas se permettre de prendre une racl\u00e9e \u00e0 Toulon et de laisser 5 points aux Varois. En effet, si cette situation se produit \u00e0 Mayol, la bande de Yannick Bru verrait Toulon lui passer devant au classement \u00e0 l\u2019aube de la 26e et derni\u00e8re journ\u00e9e de la phase r\u00e9guli\u00e8re.<\/p>\n<p>Vid\u00e9os : en ce moment sur Actu<\/p>\n<p class=\" wall-content\">Lors du match aller (c\u2019\u00e9tait lors du Boxing Day, NDLR), Bordeaux avait \u00e9t\u00e9 un temps malmen\u00e9 avant de s\u2019arracher pour s\u2019imposer 21-17, le RCT d\u00e9crochant le bonus d\u00e9fensif. De ce fait, si Toulon gagne avec le bonus offensif \u00e0 Mayol (et que l\u2019UBB revient \u00e0 vide de son d\u00e9placement), alors les Girondins ne seraient plus que 3es du classement dimanche soir.<\/p>\n<p>Une situation favorable<\/p>\n<p class=\" wall-content\">Un large revers ne serait pas non plus une catastrophe absolue pour l\u2019UBB. Car lors de la derni\u00e8re journ\u00e9e, et sans faire injure \u00e0 Vannes, Bordeaux recevra les Bretons \u00e0 Chaban-Delmas avec l\u2019opportunit\u00e9 de faire le plein de points au classement (tout en faisant honneur aux joueurs partants et en retrouvant du rythme pour la phase finale).<\/p>\n<p class=\" wall-content\">Et dans le m\u00eame temps, Toulon devra se coltiner un d\u00e9placement coton \u00e0 Bayonne, qui aura pour mission de d\u00e9crocher\/assurer un barrage \u00e0 domicile. Une rencontre loin d\u2019\u00eatre gagn\u00e9e d\u2019avance.\u00a0<\/p>\n<p class=\" wall-content\">Cela fait beaucoup de \u00ab\u00a0si\u00a0\u00bb, nous direz-vous. Et vous auriez raison. Mais la situation semble tout de m\u00eame bien favorable \u00e0 Bordeaux afin de finir deuxi\u00e8me, et ce m\u00eame s\u2019il ne s\u2019investit pas \u00e0 2000% lors de son match ce dimanche \u00e0 Toulon. Peut-\u00eatre pas de quoi venir en tongs \u00e0 Mayol, mais avec un large sourire et sans complexe\u2026<\/p>\n<p class=\" wall-content\">Suivez toute l\u2019actualit\u00e9 de vos villes et m\u00e9dias favoris en vous inscrivant \u00e0 <a href=\"https:\/\/moncompte.actu.fr\" title=\"D\u00e9couvez Mon Actu\" rel=\"nofollow noopener\" data-trk=\"{&quot;cta&quot;:{&quot;action&quot;:&quot;https:\\\/\\\/moncompte.actu.fr&quot;,&quot;category&quot;:&quot;mon compte&quot;,&quot;from&quot;:&quot;article footer&quot;,&quot;name&quot;:&quot;Mon actu&quot;,&quot;type&quot;:&quot;cta&quot;}}\" target=\"_blank\">Mon Actu<\/a>.<\/p>\n<ul class=\"ac-article-tag wall-content\">\n<li><a href=\"https:\/\/actu.fr\/tag\/rct-rugby-club-toulonnais\" data-trk=\"{&quot;cta&quot;:{&quot;action&quot;:&quot;RCT Rugby club toulonnais&quot;,&quot;category&quot;:&quot;tag&quot;,&quot;from&quot;:&quot;article footer&quot;,&quot;name&quot;:&quot;RCT Rugby club toulonnais&quot;,&quot;type&quot;:&quot;cta&quot;}}\" target=\"_blank\" rel=\"noopener\">#RCT Rugby club toulonnais<\/a><\/li>\n<li><a href=\"https:\/\/actu.fr\/tag\/usb-union-bordeaux-begles\" data-trk=\"{&quot;cta&quot;:{&quot;action&quot;:&quot;UBB Union Bordeaux B\\u00e8gles&quot;,&quot;category&quot;:&quot;tag&quot;,&quot;from&quot;:&quot;article footer&quot;,&quot;name&quot;:&quot;UBB Union Bordeaux B\\u00e8gles&quot;,&quot;type&quot;:&quot;cta&quot;}}\" target=\"_blank\" rel=\"noopener\">#UBB Union Bordeaux B\u00e8gles<\/a><\/li>\n<\/ul>\n<p>                    <script async src=\"\/\/www.instagram.com\/embed.js\"><\/script><\/p>\n","protected":false},"excerpt":{"rendered":"Par Cl\u00e9ment Mazella Publi\u00e9 le 27 mai 2025 \u00e0 6h30 \u00ab\u00a0La soir\u00e9e va continuer comme elle a commenc\u00e9&hellip;\n","protected":false},"author":2,"featured_media":130953,"comment_status":"","ping_status":"","sticky":false,"template":"","format":"standard","meta":{"footnotes":""},"categories":[9619],"tags":[1111,11,1777,674,1011,27,12,882,6717,25,479,60,478,2310,4435],"class_list":{"0":"post-130952","1":"post","2":"type-post","3":"status-publish","4":"format-standard","5":"has-post-thumbnail","7":"category-toulon","8":"tag-actu","9":"tag-actualites","10":"tag-eu","11":"tag-europe","12":"tag-fr","13":"tag-france","14":"tag-news","15":"tag-provence-alpes-cote-dazur","16":"tag-rct-rugby-club-toulonnais","17":"tag-republique-francaise","18":"tag-rugby","19":"tag-sports","20":"tag-top-14","21":"tag-toulon","22":"tag-ubb-union-bordeaux-begles"},"share_on_mastodon":{"url":"https:\/\/pubeurope.com\/@fr\/114577995490956106","error":""},"_links":{"self":[{"href":"https:\/\/www.europesays.com\/fr\/wp-json\/wp\/v2\/posts\/130952","targetHints":{"allow":["GET"]}}],"collection":[{"href":"https:\/\/www.europesays.com\/fr\/wp-json\/wp\/v2\/posts"}],"about":[{"href":"https:\/\/www.europesays.com\/fr\/wp-json\/wp\/v2\/types\/post"}],"author":[{"embeddable":true,"href":"https:\/\/www.europesays.com\/fr\/wp-json\/wp\/v2\/users\/2"}],"replies":[{"embeddable":true,"href":"https:\/\/www.europesays.com\/fr\/wp-json\/wp\/v2\/comments?post=130952"}],"version-history":[{"count":0,"href":"https:\/\/www.europesays.com\/fr\/wp-json\/wp\/v2\/posts\/130952\/revisions"}],"wp:featuredmedia":[{"embeddable":true,"href":"https:\/\/www.europesays.com\/fr\/wp-json\/wp\/v2\/media\/130953"}],"wp:attachment":[{"href":"https:\/\/www.europesays.com\/fr\/wp-json\/wp\/v2\/media?parent=130952"}],"wp:term":[{"taxonomy":"category","embeddable":true,"href":"https:\/\/www.europesays.com\/fr\/wp-json\/wp\/v2\/categories?post=130952"},{"taxonomy":"post_tag","embeddable":true,"href":"https:\/\/www.europesays.com\/fr\/wp-json\/wp\/v2\/tags?post=130952"}],"curies":[{"name":"wp","href":"https:\/\/api.w.org\/{rel}","templated":true}]}}