{"id":130964,"date":"2025-05-27T04:56:17","date_gmt":"2025-05-27T04:56:17","guid":{"rendered":"https:\/\/www.europesays.com\/fr\/130964\/"},"modified":"2025-05-27T04:56:17","modified_gmt":"2025-05-27T04:56:17","slug":"350-000-euros-pour-remettre-en-eau-la-fontaine-de-la-place-victor-hugo","status":"publish","type":"post","link":"https:\/\/www.europesays.com\/fr\/130964\/","title":{"rendered":"350 000 euros pour remettre en eau la fontaine de la place Victor-Hugo"},"content":{"rendered":"<p>La ville de Grenoble ne compte pas moins de 32 <strong>fontaines<\/strong>, dont <strong>25<\/strong> en fonctionnement. Parmi celles-ci figure la fontaine patrimoniale de la <strong>place Victor-Hugo <\/strong>qui, apr\u00e8s cinq ans d&rsquo;interruption pour cause de travaux, a \u00e9t\u00e9 <strong>r\u00e9nov\u00e9e <\/strong>et fonctionne \u00e0 nouveau. <\/p>\n<p>R\u00e9novation et mise en eau de la fontaine de la place Victor-Hugo \u00e0 Grenoble : un co\u00fbt de 350 000 euros <\/p>\n<p>La Ville a investi <strong>350 000 euros <\/strong>dans les travaux r\u00e9alis\u00e9s de septembre 2024 \u00e0 mars 2025. Travaux qui s&rsquo;inscrivent dans la transformation de la place Victor-Hugo. <\/p>\n<p>\u00ab\u00a0La place a \u00e9t\u00e9 <a href=\"https:\/\/mesinfos.fr\/auvergne-rhone-alpes\/grenoblela-place-victor-hugo-se-metamorphose-72499.html\" rel=\"noopener\" target=\"_blank\">r\u00e9am\u00e9nag\u00e9e <\/a>en d\u00e9but de mandat, rappelle Gilles Namur, maire adjoint d\u00e9l\u00e9gu\u00e9 aux espaces publics. Il avait \u00e9t\u00e9 d\u00e9cid\u00e9 de la rendre plus accessible, plus agr\u00e9able, avec des pelouses, des bancs plus confortables et de nombreux arbres.\u00a0\u00bb Une place \u00e9galement d\u00e9bitum\u00e9e\u00a0pour mieux infiltrer\u00a0les eaux de pluie qui n&rsquo;\u00e9tait pas le cas auparavant. <\/p>\n<p>\u00ab\u00a0La mauvaise surprise a \u00e9t\u00e9 lorsqu&rsquo;on a voulu remettre la fontaine en eau : on a \u00e9t\u00e9 confront\u00e9 \u00e0 un probl\u00e8me de fuite du bassin qui a g\u00e9n\u00e9r\u00e9 une fuite dans la sous-station causant d&rsquo;importants d\u00e9g\u00e2ts.\u00a0\u00bb Deux ans d&rsquo;\u00e9tudes, en association avec l&rsquo;Architecte des b\u00e2timents de France, ont \u00e9t\u00e9 n\u00e9cessaires. Ceci afin de pr\u00e9server les <strong>caract\u00e9ristiques historiques<\/strong> de la fontaine cr\u00e9\u00e9e en 1885 &#8211; \u00ab\u00a0On retrouve les trois jets historiques de la fontaine\u00a0\u00bb, souligne Gilles Namur &#8211; tout en la limitant sa <strong>consommation en eau<\/strong>.<\/p>\n<p> La fontaine fonctionnera en continu toute l&rsquo;ann\u00e9e <\/p>\n<p>Et, grande nouveaut\u00e9, la fontaine, contrairement \u00e0 toutes les autres dans la ville, <strong>fonctionnera en continu<\/strong>, <strong>toute l&rsquo;ann\u00e9e<\/strong>. Ceci gr\u00e2ce \u00e0 un dispositif de g\u00e9othermie permettant d&rsquo;avoir une eau temp\u00e9r\u00e9e en hiver et fra\u00eeche en \u00e9t\u00e9. \u00ab\u00a0Elle fera partie int\u00e9grante du march\u00e9 de No\u00ebl.\u00a0\u00bb Elle sera \u00e9galement un <strong>point fra\u00eecheur<\/strong> appr\u00e9ciable en p\u00e9riode de <strong>canicule<\/strong>. <\/p>\n<p>En revanche, la fontaine n&rsquo;est <strong>pas un lieu de baignade, <\/strong>ni <strong>une pataugeoire<\/strong>, insiste l&rsquo;\u00e9lu, insistant sur le fait que son architecture ne le permet pas. L&rsquo;eau utilis\u00e9e provient du r\u00e9seau d&rsquo;eau potable mais le fonctionnement est en circuit ferm\u00e9. \u00ab\u00a0L&rsquo;eau est recycl\u00e9e en permanence avec un syst\u00e8me de filtres m\u00e9caniques pour r\u00e9duire les bact\u00e9ries.\u00a0\u00bb <\/p>\n<p>Le saviez-vous : la place Victor-Hugo a \u00e9t\u00e9 cr\u00e9\u00e9e pour promouvoir la R\u00e9publique <img decoding=\"async\" alt=\"\" data-zoomable=\"\" height=\"1501\" loading=\"lazy\" src=\"https:\/\/www.europesays.com\/fr\/wp-content\/uploads\/2025\/05\/img-20250526-112752.jpg\" title=\"\u00a9 THomas Richardson - J\u00e9r\u00f4me Soldeville, conseiller municipal de Grenole d\u00e9l\u00e9gu\u00e9 \u00e0 l'histoire de la commune, devant la fontaine de la place Victor-Hugo r\u00e9nov\u00e9e.\" width=\"2000\"\/> \u00a9 Thomas Richardson &#8211; J\u00e9r\u00f4me Soldeville, conseiller municipal de Grenole d\u00e9l\u00e9gu\u00e9 \u00e0 l&rsquo;histoire de la commune, devant la fontaine de la place Victor-Hugo r\u00e9nov\u00e9e. <\/p>\n<p>\u00ab\u00a0La place Victor-Hugo est l&rsquo;expression d&rsquo;un projet \u00e0 la fois r\u00e9publicain, social et la\u00efque, t\u00e9moigne\u00a0<strong>J\u00e9r\u00f4me Soldeville<\/strong>, conseiller municipal d\u00e9l\u00e9gu\u00e9 \u00e0 l&rsquo;histoire de Grenoble. Au moment o\u00f9 la place est r\u00e9alis\u00e9e, en 1885, la R\u00e9publique est toute r\u00e9cente. En 1876, il s&rsquo;en est fallu d&rsquo;une voix pour que la France redevienne une monarchie. Le maire de Grenoble, \u00c9douard Rey, est fondamentalement r\u00e9publicain. Cette place vise \u00e0 r\u00e9affirmer ce positionnement politique favorable \u00e0 la R\u00e9publique qui, \u00e0 l&rsquo;\u00e9poque, \u00e9tait encore tr\u00e8s fragile.\u00a0\u00bb <\/p>\n<p>La place Victor-Hugo se veut le centre de la \u00ab\u00a0ville nouvelle\u00a0\u00bb par opposition \u00e0 la vieille ville qui, elle, est \u00ab\u00a0domin\u00e9e par des monuments d&rsquo;inspiration religieuse ou monarchiste (fontaine Lavalette, statue du chevalier Bayard, etc.)\u00a0\u00bb. <\/p>\n<p>Projet <strong>social<\/strong>, car l&rsquo;objectif \u00e0 l&rsquo;\u00e9poque, est aussi de raccorder gratuitement les habitations en eau. Et <strong>la\u00efque<\/strong>, avec la construction du lyc\u00e9e Champollion juste \u00e0 c\u00f4t\u00e9, \u00e0 la m\u00eame \u00e9poque. <\/p>\n<p>Quant au choix du nom Victor Hugo, \u00c9douard Rey aurait souhait\u00e9 rendre <strong>hommage \u00e0 l&rsquo;\u00e9crivain et homme politique <\/strong>qui a \u00e9t\u00e9 le \u00ab\u00a0symbole parfait du R\u00e9publicain engag\u00e9\u00a0\u00bb et qui a milit\u00e9 en faveur de l&rsquo;amnistie des Communards.<\/p>\n","protected":false},"excerpt":{"rendered":"La ville de Grenoble ne compte pas moins de 32 fontaines, dont 25 en fonctionnement. Parmi celles-ci figure&hellip;\n","protected":false},"author":2,"featured_media":130965,"comment_status":"","ping_status":"","sticky":false,"template":"","format":"standard","meta":{"footnotes":""},"categories":[9566],"tags":[1111,11,2430,1777,674,9592,1011,27,2731,12,2551,25,2086],"class_list":{"0":"post-130964","1":"post","2":"type-post","3":"status-publish","4":"format-standard","5":"has-post-thumbnail","7":"category-grenoble","8":"tag-actu","9":"tag-actualites","10":"tag-auvergne-rhone-alpes","11":"tag-eu","12":"tag-europe","13":"tag-fontaine","14":"tag-fr","15":"tag-france","16":"tag-grenoble","17":"tag-news","18":"tag-patrimoine","19":"tag-republique-francaise","20":"tag-travaux"},"share_on_mastodon":{"url":"https:\/\/pubeurope.com\/@fr\/114578022976604760","error":""},"_links":{"self":[{"href":"https:\/\/www.europesays.com\/fr\/wp-json\/wp\/v2\/posts\/130964","targetHints":{"allow":["GET"]}}],"collection":[{"href":"https:\/\/www.europesays.com\/fr\/wp-json\/wp\/v2\/posts"}],"about":[{"href":"https:\/\/www.europesays.com\/fr\/wp-json\/wp\/v2\/types\/post"}],"author":[{"embeddable":true,"href":"https:\/\/www.europesays.com\/fr\/wp-json\/wp\/v2\/users\/2"}],"replies":[{"embeddable":true,"href":"https:\/\/www.europesays.com\/fr\/wp-json\/wp\/v2\/comments?post=130964"}],"version-history":[{"count":0,"href":"https:\/\/www.europesays.com\/fr\/wp-json\/wp\/v2\/posts\/130964\/revisions"}],"wp:featuredmedia":[{"embeddable":true,"href":"https:\/\/www.europesays.com\/fr\/wp-json\/wp\/v2\/media\/130965"}],"wp:attachment":[{"href":"https:\/\/www.europesays.com\/fr\/wp-json\/wp\/v2\/media?parent=130964"}],"wp:term":[{"taxonomy":"category","embeddable":true,"href":"https:\/\/www.europesays.com\/fr\/wp-json\/wp\/v2\/categories?post=130964"},{"taxonomy":"post_tag","embeddable":true,"href":"https:\/\/www.europesays.com\/fr\/wp-json\/wp\/v2\/tags?post=130964"}],"curies":[{"name":"wp","href":"https:\/\/api.w.org\/{rel}","templated":true}]}}