{"id":130966,"date":"2025-05-27T04:57:21","date_gmt":"2025-05-27T04:57:21","guid":{"rendered":"https:\/\/www.europesays.com\/fr\/130966\/"},"modified":"2025-05-27T04:57:21","modified_gmt":"2025-05-27T04:57:21","slug":"tayc-l2b-la-mano-1-9-voici-les-artistes-qui-seront-presents-au-festival-rave-park-2025-a-rennes","status":"publish","type":"post","link":"https:\/\/www.europesays.com\/fr\/130966\/","title":{"rendered":"Tayc, L2B, La Mano 1.9&#8230; Voici les artistes qui seront pr\u00e9sents au festival Rave Park 2025 \u00e0 Rennes"},"content":{"rendered":"<p>            Par<br \/>\n        <strong><br \/>\n            <a href=\"https:\/\/actu.fr\/auteur\/lou-batteux\" title=\"Consulter tous les articles de Lou Batteux\" target=\"_blank\" rel=\"noopener\">Lou Batteux<\/a><br \/>\n        <\/strong><\/p>\n<p>        Publi\u00e9 le<\/p>\n<p>            27 mai 2025 \u00e0 6h32        <\/p>\n<p><a href=\"https:\/\/actu.fr\/bretagne\/rennes_35238\/photos-rennes-retour-sur-le-festival-rave-park-qui-a-reuni-18-000-personnes_60182988.html\" target=\"_blank\" rel=\"noopener\"><strong>Rave Park<\/strong><\/a>, le fameux festival rennais qui a d\u00e9j\u00e0 rassembl\u00e9 plus de <strong>50 000 festivaliers<\/strong> sur ses trois premi\u00e8res ann\u00e9es d\u2019existence, revient au <strong>Rennes Parc Expo de Bruz<\/strong> pour une quatri\u00e8me \u00e9dition. C\u2019est d\u2019ailleurs sa <strong>derni\u00e8re prestation au Musikhall<\/strong> (Hall 9), la salle de spectacle du parc des expositions, <a href=\"https:\/\/actu.fr\/bretagne\/rennes_35238\/enfin-un-zenith-a-rennes-ou-presque-le-musikhall-va-se-transformer-et-s-agrandir_61735403.html\" target=\"_blank\" rel=\"noopener\">avant plusieurs ann\u00e9es de travaux,<\/a> selon l\u2019organisation du festival.<\/p>\n<p class=\" wall-content\">Nouveaut\u00e9 cette ann\u00e9e : <strong>le festival se d\u00e9roulera sur trois jours<\/strong>. Les <strong>jeudi 2, vendredi 3 et samedi 4 octobre 2025<\/strong>, le Parc Expo accueillera le Rave Park dans une ambiance aussi rap qu\u2019\u00e9lectro.<\/p>\n<p>Jeudi de 19h \u00e0 minuit<\/p>\n<p class=\" wall-content\">Retrouvez <strong>Tayc<\/strong> en t\u00eate d\u2019affiche. Ensuite, <strong>le trio de rap fran\u00e7ais L2B<\/strong> se produira pour la premi\u00e8re fois \u00e0 Rennes. Enfin, le collectif de DJs <strong>Sixtion<\/strong>, sp\u00e9cialis\u00e9 dans les sonorit\u00e9s afro-carib\u00e9ennes et hip-hop, sera pr\u00e9sent jeudi soir.<\/p>\n<p>Vendredi de 19h \u00e0 2h<\/p>\n<p class=\" wall-content\">Le deuxi\u00e8me jour, Rave Park garantit une <strong>soir\u00e9e 100\u2009% rap<\/strong> avec le retour d\u2019<strong>Oboy<\/strong>, la venue du duo belge <strong>Caballero &amp; JeanJass<\/strong>, de <strong>Bekar, <\/strong>mais aussi de la r\u00e9v\u00e9lation masculine de l\u2019ann\u00e9e selon les Flammes Awards : <strong>La Mano 1.9<\/strong>.<\/p>\n<p class=\" wall-content\"><strong>Martin Vachiery<\/strong> et <strong>Unknown Fest<\/strong> seront \u00e9galement pr\u00e9sents sur sc\u00e8ne. Un <strong>artiste encore secret<\/strong> pr\u00e9pare une surprise aux Rennaises et Rennais, il se d\u00e9voilera dans les prochaines semaines.<\/p>\n<p>Vid\u00e9os : en ce moment sur ActuSamedi de 20h \u00e0 5h<\/p>\n<p class=\" wall-content\">Pour clore le festival, venez assister \u00e0 une <strong>soir\u00e9e \u00ab\u00a0100\u2009% \u00e9lectro\u00a0\u00bb<\/strong> en collaboration avec <strong>SONORA <\/strong>qui vous plongera dans une exp\u00e9rience visuelle et sonore avec 10 000 m2 de dancefloor, 300 m2 d\u2019\u00e9crans LED immersifs, et une cr\u00e9ation lumi\u00e8re unique dans le Hall 9 du Parc Expo.\u00a0<\/p>\n<p class=\" wall-content\">Au programme :<\/p>\n<ul class=\" wall-content\">\n<li>Trym ;<\/li>\n<li>Lilly ;<\/li>\n<li>Palmer ;<\/li>\n<li>Funk Tribu ;<\/li>\n<li>Jersey ;<\/li>\n<li>Asdek avec Ava Mind<\/li>\n<li>et bien d\u2019autres collectifs rennais r\u00e9unis dans le Hall 4.<\/li>\n<\/ul>\n<p>R\u00e9servez vos billets<\/p>\n<p class=\" wall-content\">Pour r\u00e9server vos places pour le festival Rave Park, rendez-vous sur <a href=\"https:\/\/shotgun.live\/fr\/festivals\/rave-park-2025?utm_source=site\" target=\"_blank\" rel=\"noopener\">la billetterie en ligne<\/a>.<\/p>\n<p class=\" wall-content\">Le <strong>pass 2 jours<\/strong>, jeudi et vendredi, est \u00e0 <strong>89,90 euros <\/strong>et le <strong>pass jour en regular est \u00e0 49,90 euros<\/strong>, le pass early \u00e0 45 euros \u00e9tant d\u00e9j\u00e0 \u00e9puis\u00e9.<\/p>\n<p class=\" wall-content\">Le samedi, vous pouvez aussi r\u00e9server le <strong>pass VIP \u00e0 85 euros<\/strong> qui vous permet de b\u00e9n\u00e9ficier d\u2019une entr\u00e9e coupe-file et d\u2019un acc\u00e8s \u00e0 la sc\u00e8ne principale derri\u00e8re le DJ.<\/p>\n<p class=\" wall-content\">Il n\u2019y a pas de Pass 3 jours, ni de Pass 2 jours vendredi et samedi.<\/p>\n<p>Bon \u00e0 savoir<\/p>\n<p class=\" wall-content\">Jeudi et vendredi, <strong>l\u2019entr\u00e9e est interdite pour les moins de 12 ans<\/strong> et les mineurs de 12 \u00e0 15 ans doivent obligatoirement \u00eatre accompagn\u00e9s par un tuteur l\u00e9gal. Samedi, <strong>les jeunes de 16 et 17 ans<\/strong> doivent \u00eatre accompagn\u00e9s par un tuteur l\u00e9gal ou pr\u00e9senter une d\u00e9charge parentale sign\u00e9e \u00e0 t\u00e9l\u00e9charger sur <a href=\"https:\/\/ravepark.bzh\/\" target=\"_blank\" rel=\"noopener\">ravepark.bzh<\/a>.<\/p>\n<p class=\" wall-content\"><strong>Une restauration et une buvette<\/strong> seront mises \u00e0 disposition sur le site.<\/p>\n<p>Retrouvez plus d\u2019informations sur <a href=\"https:\/\/ravepark.bzh\/\" target=\"_blank\" rel=\"noopener\">le site du Rave Park<\/a>. Le Rennes Parc Expo est accessible aux personnes \u00e0 mobilit\u00e9 r\u00e9duite.<\/p>\n<p class=\" wall-content\">Suivez toute l\u2019actualit\u00e9 de vos villes et m\u00e9dias favoris en vous inscrivant \u00e0 <a href=\"https:\/\/moncompte.actu.fr\" title=\"D\u00e9couvez Mon Actu\" rel=\"nofollow noopener\" data-trk=\"{&quot;cta&quot;:{&quot;action&quot;:&quot;https:\\\/\\\/moncompte.actu.fr&quot;,&quot;category&quot;:&quot;mon compte&quot;,&quot;from&quot;:&quot;article footer&quot;,&quot;name&quot;:&quot;Mon actu&quot;,&quot;type&quot;:&quot;cta&quot;}}\" target=\"_blank\">Mon Actu<\/a>.<\/p>\n","protected":false},"excerpt":{"rendered":"Par Lou Batteux Publi\u00e9 le 27 mai 2025 \u00e0 6h32 Rave Park, le fameux festival rennais qui a&hellip;\n","protected":false},"author":2,"featured_media":130967,"comment_status":"","ping_status":"","sticky":false,"template":"","format":"standard","meta":{"footnotes":""},"categories":[2821],"tags":[1111,11,829,1697,1777,674,3696,1011,27,12,3616,584,25,853],"class_list":{"0":"post-130966","1":"post","2":"type-post","3":"status-publish","4":"format-standard","5":"has-post-thumbnail","7":"category-rennes","8":"tag-actu","9":"tag-actualites","10":"tag-bretagne","11":"tag-concert","12":"tag-eu","13":"tag-europe","14":"tag-evenements","15":"tag-fr","16":"tag-france","17":"tag-news","18":"tag-rap","19":"tag-rennes","20":"tag-republique-francaise","21":"tag-spectacles"},"share_on_mastodon":{"url":"https:\/\/pubeurope.com\/@fr\/114578026915174747","error":""},"_links":{"self":[{"href":"https:\/\/www.europesays.com\/fr\/wp-json\/wp\/v2\/posts\/130966","targetHints":{"allow":["GET"]}}],"collection":[{"href":"https:\/\/www.europesays.com\/fr\/wp-json\/wp\/v2\/posts"}],"about":[{"href":"https:\/\/www.europesays.com\/fr\/wp-json\/wp\/v2\/types\/post"}],"author":[{"embeddable":true,"href":"https:\/\/www.europesays.com\/fr\/wp-json\/wp\/v2\/users\/2"}],"replies":[{"embeddable":true,"href":"https:\/\/www.europesays.com\/fr\/wp-json\/wp\/v2\/comments?post=130966"}],"version-history":[{"count":0,"href":"https:\/\/www.europesays.com\/fr\/wp-json\/wp\/v2\/posts\/130966\/revisions"}],"wp:featuredmedia":[{"embeddable":true,"href":"https:\/\/www.europesays.com\/fr\/wp-json\/wp\/v2\/media\/130967"}],"wp:attachment":[{"href":"https:\/\/www.europesays.com\/fr\/wp-json\/wp\/v2\/media?parent=130966"}],"wp:term":[{"taxonomy":"category","embeddable":true,"href":"https:\/\/www.europesays.com\/fr\/wp-json\/wp\/v2\/categories?post=130966"},{"taxonomy":"post_tag","embeddable":true,"href":"https:\/\/www.europesays.com\/fr\/wp-json\/wp\/v2\/tags?post=130966"}],"curies":[{"name":"wp","href":"https:\/\/api.w.org\/{rel}","templated":true}]}}