{"id":130972,"date":"2025-05-27T05:00:25","date_gmt":"2025-05-27T05:00:25","guid":{"rendered":"https:\/\/www.europesays.com\/fr\/130972\/"},"modified":"2025-05-27T05:00:25","modified_gmt":"2025-05-27T05:00:25","slug":"un-nouveau-bar-de-quartier-va-ouvrir-en-centre-ville-de-strasbourg","status":"publish","type":"post","link":"https:\/\/www.europesays.com\/fr\/130972\/","title":{"rendered":"un nouveau \u00ab\u00a0bar de quartier\u00a0\u00bb va ouvrir en centre-ville de Strasbourg"},"content":{"rendered":"<p>            Par<br \/>\n        <strong><br \/>\n            <a href=\"https:\/\/actu.fr\/auteur\/ivan-capecchi\" title=\"Consulter tous les articles de Ivan CAPECCHI\" rel=\"nofollow noopener\" target=\"_blank\">Ivan CAPECCHI<\/a><br \/>\n        <\/strong><\/p>\n<p>        Publi\u00e9 le<\/p>\n<p>            26 mai 2025 \u00e0 17h12        <\/p>\n<p>Un nouveau lieu de vie s\u2019appr\u00eate \u00e0 voir le jour \u00e0 Strasbourg\u2009: <strong>Hacienda Bernadette<\/strong>, un <strong>bar de quartier<\/strong> pas comme les autres, ouvrira ses portes <strong>dans le courant du mois de juin<\/strong>*\u00a0au <strong>3 rue des Aveugles<\/strong>.<\/p>\n<p class=\" wall-content\">Un projet ind\u00e9pendant, pens\u00e9 et port\u00e9 seul par Matthieu Gaggio, fils de restaurateur et ancien consultant dans le milieu.<\/p>\n<p>Un bar de quartier aux influences internationales<\/p>\n<p class=\" wall-content\">Inspir\u00e9 par les \u00ab<strong>\u2009bars de quartier du monde entier<\/strong>\u2009\u00bb \u2013 de la <strong>bodega espagnole<\/strong> \u00e0 la <strong>cantina italienne<\/strong>, en passant par le <strong>dive bar am\u00e9ricain<\/strong> et le <strong>rade fran\u00e7ais<\/strong> \u2013 Hacienda Bernadette entend recr\u00e9er l\u2019ambiance conviviale et accessible de ces lieux de vie populaires.<\/p>\n<p class=\" wall-content\">L\u2019id\u00e9e\u2009: un \u00ab<strong>\u2009lieu sans chichi<\/strong>\u2009\u00bb, chaleureux, o\u00f9 l\u2019on retrouve de bons produits, une bonne playlist et, souvent, une t\u00eate famili\u00e8re.<\/p>\n<p>Vid\u00e9os : en ce moment sur ActuDes spiritueux artisanaux et des cocktails simples<\/p>\n<p class=\" wall-content\">Ici, pas de mixologie complexe\u2009: <strong>des cocktails simples<\/strong>, bien faits, \u00e0 base de <strong>spiritueux artisanaux<\/strong>.<\/p>\n<p class=\" wall-content\">Vermouths espagnols, bitters italiens ou encore chartreuse et g\u00e9n\u00e9pi\u2026 L\u00e0 encore, on retrouvera un m\u00e9lange d\u2019influences fran\u00e7aises et internationales.<\/p>\n<p class=\" wall-content\">\u00ab\u2009On aura une offre de bi\u00e8res artisanales, mais on ne sera pas un bar \u00e0 bi\u00e8res. De la m\u00eame fa\u00e7on, on aura une offre de vins\u2026 sans \u00eatre un bar \u00e0 vins. <strong>L\u2019id\u00e9e est que tout le monde puisse y trouver son compte<\/strong>\u2009\u00bb, glisse Matthieu Gaggio.<\/p>\n<p>\u00c0 grignoter\u2009: du snacking \u00e0 partager<\/p>\n<p class=\" wall-content\">C\u00f4t\u00e9 food, on retrouvera des <strong>assiettes \u00e0 partager<\/strong>, comme des <strong>planches de charcuterie ou de fromages<\/strong>, mais aussi des plats plus \u00e9labor\u00e9s, tels qu\u2019un \u00ab<strong>\u2009croque-monsieur \u00e0 la truffe\u2009\u00bb<\/strong> ou une \u00ab<strong>\u2009burrata servie avec des p\u00eaches r\u00f4ties<\/strong>\u2009\u00bb.<\/p>\n<p class=\" wall-content\">\u00ab<strong>\u2009La carte changera r\u00e9guli\u00e8rement<\/strong>, qu\u2019il s\u2019agisse des boissons ou des plats\u2009\u00bb, indique Matthieu.<\/p>\n<p>Un lieu hybride et chaleureux<\/p>\n<p class=\" wall-content\">La d\u00e9co m\u00eale vintage, <strong>mati\u00e8res brutes<\/strong> (bois, carrelage, b\u00e9ton cir\u00e9), avec une touche de \u00ab\u2009diner am\u00e9ricain\u2009\u00bb cosy. \u00ab\u2009J\u2019aime bien dire qu\u2019il s\u2019agit d\u2019un <strong>PMU en plus moderne<\/strong>\u2009\u00bb, confie le g\u00e9rant.<\/p>\n<p class=\" wall-content\">Un cadre aussi pens\u00e9 comme une \u00ab\u2009safe place\u2009\u00bb\u2009: on y vient pour souffler, trinquer, \u00ab\u2009c\u00e9l\u00e9brer les petites victoires du quotidien\u2009\u00bb, aime \u00e0 dire aussi Matthieu.<\/p>\n<p>Quiz et jeu de fl\u00e9chettes<\/p>\n<p class=\" wall-content\">Enfin, le bar proposera des <strong>soir\u00e9es quiz<\/strong> et il sera possible d\u2019y jouer aux <strong>fl\u00e9chettes<\/strong>.<\/p>\n<p class=\" wall-content\">\u00ab\u2009On veut que ce soit <strong>un lieu vivant<\/strong>\u2009\u00bb, termine Matthieu.<\/p>\n<p class=\" wall-content\">*Probablement le week-end du 7-8\u00a0juin.<\/p>\n<p class=\" wall-content\">Suivez toute l\u2019actualit\u00e9 de vos villes et m\u00e9dias favoris en vous inscrivant \u00e0 <a href=\"https:\/\/moncompte.actu.fr\" title=\"D\u00e9couvez Mon Actu\" rel=\"nofollow noopener\" data-trk=\"{&quot;cta&quot;:{&quot;action&quot;:&quot;https:\\\/\\\/moncompte.actu.fr&quot;,&quot;category&quot;:&quot;mon compte&quot;,&quot;from&quot;:&quot;article footer&quot;,&quot;name&quot;:&quot;Mon actu&quot;,&quot;type&quot;:&quot;cta&quot;}}\" target=\"_blank\">Mon Actu<\/a>.<\/p>\n","protected":false},"excerpt":{"rendered":"Par Ivan CAPECCHI Publi\u00e9 le 26 mai 2025 \u00e0 17h12 Un nouveau lieu de vie s\u2019appr\u00eate \u00e0 voir&hellip;\n","protected":false},"author":2,"featured_media":130973,"comment_status":"","ping_status":"","sticky":false,"template":"","format":"standard","meta":{"footnotes":""},"categories":[2820],"tags":[1111,11,258,215,1777,674,1011,27,775,1652,12,25,1340,640],"class_list":{"0":"post-130972","1":"post","2":"type-post","3":"status-publish","4":"format-standard","5":"has-post-thumbnail","7":"category-strasbourg","8":"tag-actu","9":"tag-actualites","10":"tag-alimentation","11":"tag-commerce","12":"tag-eu","13":"tag-europe","14":"tag-fr","15":"tag-france","16":"tag-grand-est","17":"tag-loisirs-culture","18":"tag-news","19":"tag-republique-francaise","20":"tag-restaurant","21":"tag-strasbourg"},"share_on_mastodon":{"url":"https:\/\/pubeurope.com\/@fr\/114578038659226737","error":""},"_links":{"self":[{"href":"https:\/\/www.europesays.com\/fr\/wp-json\/wp\/v2\/posts\/130972","targetHints":{"allow":["GET"]}}],"collection":[{"href":"https:\/\/www.europesays.com\/fr\/wp-json\/wp\/v2\/posts"}],"about":[{"href":"https:\/\/www.europesays.com\/fr\/wp-json\/wp\/v2\/types\/post"}],"author":[{"embeddable":true,"href":"https:\/\/www.europesays.com\/fr\/wp-json\/wp\/v2\/users\/2"}],"replies":[{"embeddable":true,"href":"https:\/\/www.europesays.com\/fr\/wp-json\/wp\/v2\/comments?post=130972"}],"version-history":[{"count":0,"href":"https:\/\/www.europesays.com\/fr\/wp-json\/wp\/v2\/posts\/130972\/revisions"}],"wp:featuredmedia":[{"embeddable":true,"href":"https:\/\/www.europesays.com\/fr\/wp-json\/wp\/v2\/media\/130973"}],"wp:attachment":[{"href":"https:\/\/www.europesays.com\/fr\/wp-json\/wp\/v2\/media?parent=130972"}],"wp:term":[{"taxonomy":"category","embeddable":true,"href":"https:\/\/www.europesays.com\/fr\/wp-json\/wp\/v2\/categories?post=130972"},{"taxonomy":"post_tag","embeddable":true,"href":"https:\/\/www.europesays.com\/fr\/wp-json\/wp\/v2\/tags?post=130972"}],"curies":[{"name":"wp","href":"https:\/\/api.w.org\/{rel}","templated":true}]}}