{"id":130974,"date":"2025-05-27T05:01:09","date_gmt":"2025-05-27T05:01:09","guid":{"rendered":"https:\/\/www.europesays.com\/fr\/130974\/"},"modified":"2025-05-27T05:01:09","modified_gmt":"2025-05-27T05:01:09","slug":"ete-2025-united-airlines-lance-une-liaison-saisonniere-directe-entre-nice","status":"publish","type":"post","link":"https:\/\/www.europesays.com\/fr\/130974\/","title":{"rendered":"\u00c9t\u00e9 2025 : United Airlines lance une liaison saisonni\u00e8re directe entre Nice (\u2026)"},"content":{"rendered":"<p>                    <img loading=\"lazy\" decoding=\"async\" src=\"https:\/\/www.europesays.com\/fr\/wp-content\/uploads\/2025\/05\/d7cf595ccef3c1299394cf42ba9018.jpg\" class=\"img-responsive post-image\" width=\"680\" height=\"510\" alt=\"\u00c9t\u00e9 2025 : United Airline\" title=\"\u00c9t\u00e9 2025 : United Airlines lance une liaison saisonni\u00e8re directe entre Nice et Washington D.C.\"\/><\/p>\n<p class=\"chapo\">La compagnie am\u00e9ricaine renforce sa pr\u00e9sence sur la C\u00f4te d\u2019Azur avec une nouvelle ligne saisonni\u00e8re vers la capitale am\u00e9ricaine, augmentant de 30\u00a0% son offre de si\u00e8ges vers les \u00c9tats-Unis \u00e0 l\u2019\u00e9t\u00e9 2025.<\/p>\n<p><strong>United Airlines a inaugur\u00e9 le 23 mai une nouvelle liaison a\u00e9rienne saisonni\u00e8re sans escale entre Nice C\u00f4te d\u2019Azur et Washington D.C., op\u00e9r\u00e9e quatre fois par semaine jusqu\u2019au 25 septembre<\/strong>. Ce lancement marque la premi\u00e8re connexion directe entre la C\u00f4te d\u2019Azur et la capitale am\u00e9ricaine assur\u00e9e par la compagnie.<br class=\"texte\"\/><br \/>\nAvec cette nouvelle route, United augmente de plus de 30\u00a0% le nombre de si\u00e8ges disponibles entre Nice et les \u00c9tats-Unis pour la saison estivale, consolidant ainsi son offre existante avec la ligne saisonni\u00e8re vers New York\/Newark.<br class=\"autobr\"\/><br \/>\nLe vol est assur\u00e9 par un Boeing 767-300 configur\u00e9 avec 30 suites en classe affaires Polaris, 24 si\u00e8ges en Premium Plus et 149 si\u00e8ges en classe \u00e9conomique. Les passagers b\u00e9n\u00e9ficient de prestations vari\u00e9es selon leur classe de voyage, incluant gastronomie, kits de confort et syst\u00e8mes de divertissement individuels.<br class=\"autobr\"\/><br \/>\nCe renforcement du r\u00e9seau s\u2019inscrit dans la plus vaste expansion internationale jamais r\u00e9alis\u00e9e par la compagnie, qui introduit cet \u00e9t\u00e9 neuf nouvelles lignes transatlantiques, dont cinq au d\u00e9part de New York\/Newark et trois depuis Washington Dulles, notamment vers Dakar, Venise et Nice.<br class=\"autobr\"\/><br \/>\n\u00ab\u00a0<strong>Ce vol sans escale offre encore plus de possibilit\u00e9s de voyage \u00e0 nos clients de Nice, de Monaco et de toute la C\u00f4te d\u2019Azur, qui peuvent d\u00e9sormais rejoindre directement Washington D.C. et New York\/Newark, et b\u00e9n\u00e9ficier de correspondances fluides vers plus de 130 destinations sur le continent am\u00e9ricain gr\u00e2ce \u00e0 nos hubs <\/strong>\u00a0\u00bb, a d\u00e9taill\u00e9 <strong> Gr\u00e9goire Dutoit, <\/strong> directeur commercial France de United.<br class=\"autobr\"\/><br \/>\n<strong>Franck Goldnadel, <\/strong> pr\u00e9sident du directoire d\u2019A\u00e9roports de la C\u00f4te d\u2019Azur, a salu\u00e9 une liaison \u00ab\u00a0op\u00e9r\u00e9e sans escale, synonyme de gain de temps et de moindres \u00e9missions. Elle(&#8230;) r\u00e9pond \u00e0 notre volont\u00e9 de toujours mieux connecter notre territoire aux grandes m\u00e9tropoles mondiales \u00a0\u00bb, r\u00e9pondant \u00e0 une demande croissante des voyageurs am\u00e9ricains pour la r\u00e9gion.<br class=\"autobr\"\/><br \/>\nPr\u00e9sente en France depuis 1987, United dessert Paris toute l\u2019ann\u00e9e et op\u00e8re d\u00e9sormais deux lignes saisonni\u00e8res au d\u00e9part de Nice. \u00c0 Washington Dulles, son hub dessert plus de 115 destinations, consolidant son r\u00f4le de plateforme internationale strat\u00e9gique.<\/p>\n<p>Visuel de Une\u00a0: Photo du vol inaugural \u00a9A\u00e9roportsdelaCotedAzur\/J.Kelagopian<\/p>\n","protected":false},"excerpt":{"rendered":"La compagnie am\u00e9ricaine renforce sa pr\u00e9sence sur la C\u00f4te d\u2019Azur avec une nouvelle ligne saisonni\u00e8re vers la capitale&hellip;\n","protected":false},"author":2,"featured_media":130975,"comment_status":"","ping_status":"","sticky":false,"template":"","format":"standard","meta":{"footnotes":""},"categories":[2819],"tags":[1111,11,2408,1777,674,1011,27,12,2401,882,25],"class_list":{"0":"post-130974","1":"post","2":"type-post","3":"status-publish","4":"format-standard","5":"has-post-thumbnail","7":"category-nice","8":"tag-actu","9":"tag-actualites","10":"tag-appels-d","11":"tag-eu","12":"tag-europe","13":"tag-fr","14":"tag-france","15":"tag-news","16":"tag-nice","17":"tag-provence-alpes-cote-dazur","18":"tag-republique-francaise"},"share_on_mastodon":{"url":"https:\/\/pubeurope.com\/@fr\/114578042641185393","error":""},"_links":{"self":[{"href":"https:\/\/www.europesays.com\/fr\/wp-json\/wp\/v2\/posts\/130974","targetHints":{"allow":["GET"]}}],"collection":[{"href":"https:\/\/www.europesays.com\/fr\/wp-json\/wp\/v2\/posts"}],"about":[{"href":"https:\/\/www.europesays.com\/fr\/wp-json\/wp\/v2\/types\/post"}],"author":[{"embeddable":true,"href":"https:\/\/www.europesays.com\/fr\/wp-json\/wp\/v2\/users\/2"}],"replies":[{"embeddable":true,"href":"https:\/\/www.europesays.com\/fr\/wp-json\/wp\/v2\/comments?post=130974"}],"version-history":[{"count":0,"href":"https:\/\/www.europesays.com\/fr\/wp-json\/wp\/v2\/posts\/130974\/revisions"}],"wp:featuredmedia":[{"embeddable":true,"href":"https:\/\/www.europesays.com\/fr\/wp-json\/wp\/v2\/media\/130975"}],"wp:attachment":[{"href":"https:\/\/www.europesays.com\/fr\/wp-json\/wp\/v2\/media?parent=130974"}],"wp:term":[{"taxonomy":"category","embeddable":true,"href":"https:\/\/www.europesays.com\/fr\/wp-json\/wp\/v2\/categories?post=130974"},{"taxonomy":"post_tag","embeddable":true,"href":"https:\/\/www.europesays.com\/fr\/wp-json\/wp\/v2\/tags?post=130974"}],"curies":[{"name":"wp","href":"https:\/\/api.w.org\/{rel}","templated":true}]}}