{"id":131004,"date":"2025-05-27T05:18:15","date_gmt":"2025-05-27T05:18:15","guid":{"rendered":"https:\/\/www.europesays.com\/fr\/131004\/"},"modified":"2025-05-27T05:18:15","modified_gmt":"2025-05-27T05:18:15","slug":"paris-termine-en-hausse-apres-le-sursis-accorde-par-trump-26-05-2025-a-1754","status":"publish","type":"post","link":"https:\/\/www.europesays.com\/fr\/131004\/","title":{"rendered":"Paris: termine en hausse apr\u00e8s le sursis accord\u00e9 par Trump &#8211; 26\/05\/2025 \u00e0 17:54"},"content":{"rendered":"<p>                                                                (CercleFinance.com) &#8211; La Bourse de Paris conclut la s\u00e9ance sur un gain de 1,21% \u00e0 7828 points, profitant de la volte-face du pr\u00e9sident des Etats-Unis qui a d\u00e9cid\u00e9 de repousser au 9 juillet sur ultimatum sur les droits de douane ciblant l&rsquo;Europe.<\/p>\n<p>L&rsquo;indice parisien est notamment tir\u00e9 par Stellantis (+4,8%) et Soci\u00e9t\u00e9 G\u00e9n\u00e9rale (+4%).\n<\/p>\n<p>&lsquo;L&rsquo;exp\u00e9rience des derniers mois sugg\u00e8re qu&rsquo;un accord sera finalement conclu et que les tarifs de 10% sur les importations am\u00e9ricaines en provenance de l&rsquo;UE annonc\u00e9s d\u00e9but avril resteront en place pour la plupart des produits&rsquo;, temp\u00e9rait Commerzbank.\n<\/p>\n<p>A Wall Street, pas de cotations ce lundi mais les &lsquo;futures&rsquo; progressent de +1% \u00e0 +1,3% malgr\u00e9 la d\u00e9gradation des T-Bonds (toujours en transactions \u00e9lectroniques) apr\u00e8s une br\u00e8ve parenth\u00e8se de 48H de d\u00e9tente jeudi et vendredi.<br \/>\n<br \/>Le rendement du &rsquo;10 ans&rsquo; remonte \u00e0 4,53% (et plus de 4,55% ce matin), le &lsquo;2 ans&rsquo; repasse la barre des 4,00%, le &rsquo;30 ans&rsquo; celle des 5,05%.\n<\/p>\n<p>Londres et New York \u00e9tant ferm\u00e9s ce lundi, les volumes d&rsquo;activit\u00e9 sont consid\u00e9rablement plus minces que d&rsquo;habitude, avec 1MdE \u00e9chang\u00e9 \u00e0 Paris \u00e0 90 minutes de la cl\u00f4ture.\n<\/p>\n<p>Par ailleurs, aucune donn\u00e9e macro\u00e9conomique notable ne figure au calendrier ce lundi, les autres jours de cette derni\u00e8re semaine de mai s&rsquo;annon\u00e7ant toutefois plus riches en statistiques.\n<\/p>\n<p>Les march\u00e9s obligataires exp\u00e9dient donc les affaires courantes&#8230; mais nos OAT se d\u00e9tendent de -2Pts vers 3,248% et les Bunds de seulement -0,7Pt vers 2,567%, soit moins de 68Pts de &lsquo;spread&rsquo;, le meilleur score depuis mars.\n<\/p>\n<p>Ainsi, sur le vieux continent, les op\u00e9rateurs prendront connaissance notamment des indices du sentiment \u00e9conomique de Bruxelles, ainsi que d&rsquo;une nouvelle estimation de la croissance fran\u00e7aise, ou de l&rsquo;inflation en France et en Allemagne.\n<\/p>\n<p>Aux Etats-Unis, sont attendus dans les prochains jours l&rsquo;indice de confiance du Conference Board, une estimation du PIB, puis les revenus et d\u00e9penses des m\u00e9nages (accompagn\u00e9s de l&rsquo;indice des prix PCE surveill\u00e9 de pr\u00e8s par la Fed).\n<\/p>\n<p>Sur le front des publications d&rsquo;entreprises, c&rsquo;est surtout celle du sp\u00e9cialiste des puces pour l&rsquo;IA -et l&rsquo;une des toutes premi\u00e8res capitalisations mondiales- Nvidia, pr\u00e9vue mercredi soir, qui devrait retenir l&rsquo;attention des investisseurs.\n<\/p>\n<p>&lsquo;Ses ventes devraient rester en voie pour r\u00e9pondre aux attentes du march\u00e9, mais, comme pour les deux derniers trimestres, nous ne pr\u00e9voyons pas de d\u00e9passement d&rsquo;attente et de rel\u00e8vement d&rsquo;objectifs significatifs&rsquo;, pronostiquait HSBC.\n<\/p>\n<p>&lsquo;Il faudra surveiller s&rsquo;il y a du changement au niveau de la r\u00e9partition g\u00e9ographique des acheteurs de processeurs Nvidia du fait de la guerre commerciale&rsquo;, pointe Christopher Dembik, senior investment adviser chez Pictet Asset Management.\n<\/p>\n<p>Dans l&rsquo;actualit\u00e9 des soci\u00e9t\u00e9s tricolores, Airbus indique que Vietjet, la plus grande compagnie priv\u00e9e du Vietnam, lui a pass\u00e9 une nouvelle commande de 20 gros-porteurs A330-900 pour son expansion au cours de la prochaine d\u00e9cennie.\n<\/p>\n<p>Capgemini annonce l&rsquo;extension de son partenariat strat\u00e9gique avec Mistral AI et SAP pour proposer des solutions s\u00e9curis\u00e9es et \u00e9volutives bas\u00e9es sur l&rsquo;IA pour les industries r\u00e9glement\u00e9es.\n<\/p>\n<p>TotalEnergies annonce le d\u00e9marrage de la production de la quatri\u00e8me phase de d\u00e9veloppement du champ de Mero, situ\u00e9 sur le bloc de Libra, \u00e0 180 kilom\u00e8tres au large de Rio de Janeiro, au Br\u00e9sil, dans le bassin pr\u00e9-salif\u00e8re de Santos.\n<\/p>\n<p>Enfin, Casino fait part d&rsquo;un accord de partenariat strat\u00e9gique exclusif sign\u00e9 avec le groupe marocain H&amp;S Invest Holding, visant l&rsquo;ouverture de plus de 210 points de vente d&rsquo;ici \u00e0 10 ans, sous les marques Franprix et Monoprix, sur l&rsquo;ensemble du territoire marocain.<\/p>\n","protected":false},"excerpt":{"rendered":"(CercleFinance.com) &#8211; La Bourse de Paris conclut la s\u00e9ance sur un gain de 1,21% \u00e0 7828 points, profitant&hellip;\n","protected":false},"author":2,"featured_media":15273,"comment_status":"","ping_status":"","sticky":false,"template":"","format":"standard","meta":{"footnotes":""},"categories":[1888],"tags":[400,1111,1928,11,1927,398,408,405,1777,674,1011,27,403,402,399,404,12,1926,626,1925,25,401,406,407],"class_list":{"0":"post-131004","1":"post","2":"type-post","3":"status-publish","4":"format-standard","5":"has-post-thumbnail","7":"category-paris","8":"tag-action-cac-40","9":"tag-actu","10":"tag-actu-paris","11":"tag-actualites","12":"tag-actualites-paris","13":"tag-bourse-de-paris","14":"tag-boursorama","15":"tag-cotations","16":"tag-eu","17":"tag-europe","18":"tag-fr","19":"tag-france","20":"tag-indices-devises","21":"tag-investir","22":"tag-investissement","23":"tag-marche-boursier","24":"tag-news","25":"tag-news-paris","26":"tag-paris","27":"tag-paris-news","28":"tag-republique-francaise","29":"tag-sicav","30":"tag-trackers","31":"tag-warrants"},"share_on_mastodon":{"url":"https:\/\/pubeurope.com\/@fr\/114578109440542406","error":""},"_links":{"self":[{"href":"https:\/\/www.europesays.com\/fr\/wp-json\/wp\/v2\/posts\/131004","targetHints":{"allow":["GET"]}}],"collection":[{"href":"https:\/\/www.europesays.com\/fr\/wp-json\/wp\/v2\/posts"}],"about":[{"href":"https:\/\/www.europesays.com\/fr\/wp-json\/wp\/v2\/types\/post"}],"author":[{"embeddable":true,"href":"https:\/\/www.europesays.com\/fr\/wp-json\/wp\/v2\/users\/2"}],"replies":[{"embeddable":true,"href":"https:\/\/www.europesays.com\/fr\/wp-json\/wp\/v2\/comments?post=131004"}],"version-history":[{"count":0,"href":"https:\/\/www.europesays.com\/fr\/wp-json\/wp\/v2\/posts\/131004\/revisions"}],"wp:featuredmedia":[{"embeddable":true,"href":"https:\/\/www.europesays.com\/fr\/wp-json\/wp\/v2\/media\/15273"}],"wp:attachment":[{"href":"https:\/\/www.europesays.com\/fr\/wp-json\/wp\/v2\/media?parent=131004"}],"wp:term":[{"taxonomy":"category","embeddable":true,"href":"https:\/\/www.europesays.com\/fr\/wp-json\/wp\/v2\/categories?post=131004"},{"taxonomy":"post_tag","embeddable":true,"href":"https:\/\/www.europesays.com\/fr\/wp-json\/wp\/v2\/tags?post=131004"}],"curies":[{"name":"wp","href":"https:\/\/api.w.org\/{rel}","templated":true}]}}