{"id":131011,"date":"2025-05-27T05:22:11","date_gmt":"2025-05-27T05:22:11","guid":{"rendered":"https:\/\/www.europesays.com\/fr\/131011\/"},"modified":"2025-05-27T05:22:11","modified_gmt":"2025-05-27T05:22:11","slug":"en-direct-guerre-en-ukraine-trump-souffle-le-chaud-et-le-froid-sur-la-russie-moscou-continue-ses-attaques-massives","status":"publish","type":"post","link":"https:\/\/www.europesays.com\/fr\/131011\/","title":{"rendered":"EN DIRECT &#8211; Guerre en Ukraine : Trump souffle le chaud et le froid sur la Russie, Moscou continue ses attaques massives"},"content":{"rendered":"<p>Le pr\u00e9sident am\u00e9ricain semble perdre patience vis-\u00e0-vis de Moscou.Mais la Russie a de nouveau lanc\u00e9 des attaques massives contre l&rsquo;Ukraine.Retrouvez les derni\u00e8res informations.<a href=\"https:\/\/www.tf1info.fr\/actualite\/invasion-de-l-ukraine-par-la-russie-une-guerre-qui-dure-12951\/\" rel=\"noopener\" class=\"jsx-3118104007 Link jsx-1428418400 jsx-554215408\" target=\"_blank\"><\/p>\n<p style=\"font-weight:400\" class=\"jsx-1837267516\">Suivez la couverture compl\u00e8te<\/p>\n<p style=\"font-weight:800\" class=\"jsx-1837267516\">Ukraine : 4\u1d49 ann\u00e9e de guerre<\/p>\n<p><\/a><\/p>\n<p data-module=\"article-paragraph\" class=\"jsx-362436225 Paragraph Paragraph__End\">Donald Trump semble perdre patience vis-\u00e0-vis de Moscou. Lundi 26 mai, le pr\u00e9sident am\u00e9ricain a estim\u00e9, sur sa plateforme Truth Social que Vladimir Poutine \u00e9tait devenu \u00ab\u00a0compl\u00e8tement fou\u00a0\u00bb. Un nouveau changement de ton alors que dirigeant des \u00c9tats-Unis n&rsquo;a gu\u00e8re obtenu de r\u00e9sultats dans la r\u00e9solution du conflit en Ukraine, <a href=\"https:\/\/www.tf1info.fr\/actualite\/guerre-en-ukraine-une-treve-en-negociation-13895\/\" target=\"_blank\" rel=\"noopener\">lui qui promettait de mettre fin au conflit en 24 heures<\/a>. Pire, tandis que Donald Trump tente de n\u00e9gocier un accord de paix, Moscou a lanc\u00e9, ces derniers jours, de nouvelles attaques massives contre l&rsquo;Ukraine.<\/p>\n<p>Minute par minute06:59POUTINE<\/p>\n<p>Vladimir Poutine a menac\u00e9 ce lundi d'\u00a0\u00bb\u00e9trangler\u00a0\u00bb les entreprises occidentales restant en Russie et agissant contre ses int\u00e9r\u00eats, dans le cadre des efforts de Moscou pour renforcer le d\u00e9veloppement de logiciels russes.<\/p>\n<p>\u00ab\u00a0Nous devons les \u00e9trangler. Je suis compl\u00e8tement d&rsquo;accord, et je le dis sans h\u00e9sitation\u00a0\u00bb, a d\u00e9clar\u00e9 le pr\u00e9sident russe, en r\u00e9ponse \u00e0 l&rsquo;appel d&rsquo;un homme d&rsquo;affaires \u00e0 restreindre les activit\u00e9s des entreprises technologiques am\u00e9ricaines Zoom et Microsoft, qui ne fournissent actuellement que des services limit\u00e9s en Russie.\u00a0<\/p>\n<p>De nombreuses entreprises occidentales ont quitt\u00e9 la Russie ou r\u00e9duit consid\u00e9rablement leurs activit\u00e9s dans le pays apr\u00e8s que Moscou a lanc\u00e9 son offensive militaire en Ukraine en f\u00e9vrier 2022, entra\u00eenant une s\u00e9rie de sanctions \u00e9conomiques de la part des alli\u00e9s de Kiev.\u00a0<\/p>\n<p data-module=\"article-paragraph\" class=\"jsx-362436225 Paragraph\">Mais la position du milliardaire r\u00e9publicain appara\u00eet fluctuante : il a dans un premier temps r\u00e9serv\u00e9 un accueil glacial au pr\u00e9sident ukrainien Volodymyr Zelensky <a href=\"https:\/\/www.tf1info.fr\/international\/video-guerre-ukraine-concluez-un-accord-ou-nous-vous-laissons-tomber-extremement-tendue-la-rencontre-entre-zelensky-et-trump-tourne-au-reglement-de-comptes-2356800.html\" target=\"_blank\" rel=\"noopener\">dans le Bureau ovale de la Maison Blanche en f\u00e9vrier<\/a> et semblait se ranger aux arguments de Vladimir Poutine. Il a d&rsquo;ailleurs encore parl\u00e9 au t\u00e9l\u00e9phone \u00e0 ce dernier la semaine pass\u00e9e, un appel qui s&rsquo;\u00e9tait \u00ab\u00a0tr\u00e8s bien pass\u00e9\u00a0\u00bb selon lui, au cours duquel \u00ab\u00a0des progr\u00e8s\u00a0\u00bb auraient \u00e9t\u00e9 accomplis en vue d&rsquo;un cessez-le-feu.\u00a0<\/p>\n<p data-module=\"article-paragraph\" class=\"jsx-362436225 Paragraph Paragraph__End\">Mais les derniers messages de Donald Trump dimanche soir montrent un changement de ton, d&rsquo;autant que de nombreux \u00e9lus r\u00e9publicains lui r\u00e9clament davantage de fermet\u00e9 contre le ma\u00eetre du Kremlin. \u00ab\u00a0J&rsquo;ai toujours eu de tr\u00e8s bonnes relations avec (le pr\u00e9sident) russe Vladimir Poutine mais quelque chose lui est arriv\u00e9. Il est devenu compl\u00e8tement FOU!\u00a0\u00bb, a-t-il \u00e9crit sur sa plateforme Truth Social. \u00ab\u00a0J&rsquo;ai toujours dit qu&rsquo;il voulait TOUTE l&rsquo;Ukraine, pas seulement une partie, et peut-\u00eatre que cela se r\u00e9v\u00e8le juste mais s&rsquo;il le fait, cela m\u00e8nera \u00e0 la chute de la Russie !\u00a0\u00bb, a-t-il ajout\u00e9.<\/p>\n<ul class=\"jsx-3657663356 ReadMoreArticle__List flex flex-column\">\n<li class=\"jsx-3657663356\"><a href=\"https:\/\/www.tf1info.fr\/international\/ukraine-emmanuel-macron-appelle-donald-trump-a-traduire-en-actes-sa-colere-face-a-moscou-2373156.html\" rel=\"noopener\" class=\"jsx-4233824444 Link flex\" target=\"_blank\"><img decoding=\"async\" src=\"https:\/\/www.europesays.com\/fr\/wp-content\/uploads\/2025\/05\/macron-appelle-trump-a-reagir-face-a-poutine-5a3059-0@1x.jpeg\" alt=\"Macron appelle Trump \u00e0 r\u00e9agir face \u00e0 Poutine. \" loading=\"lazy\" importance=\"low\" fetchpriority=\"low\" class=\"\"\/>\n<p class=\"jsx-3657663356 ReadMoreArticle__Title\">Lire aussi<\/p>\n<p class=\"jsx-3657663356\">Ukraine : Emmanuel Macron appelle Donald Trump \u00e0 \u00ab\u00a0traduire en actes\u00a0\u00bb sa \u00ab\u00a0col\u00e8re\u00a0\u00bb face \u00e0 Moscou<\/p>\n<p><\/a><\/li>\n<\/ul>\n<p data-module=\"article-paragraph\" class=\"jsx-362436225 Paragraph Paragraph__End\">Ces messages, \u00e9crits alors que l&rsquo;Ukraine a subi ces derniers jours des attaques a\u00e9riennes de centaines de drones et de missiles, sont les plus v\u00e9h\u00e9ments jamais formul\u00e9s par le pr\u00e9sident am\u00e9ricain \u00e0 l&rsquo;\u00e9gard de Vladimir Poutine. Le pr\u00e9sident fran\u00e7ais Emmanuel Macron estime que les derni\u00e8res attaques russes contre l&rsquo;Ukraine, \u00ab\u00a0gravissimes\u00a0\u00bb, ont fait r\u00e9aliser \u00e0 Donald Trump que Vladimir Poutine lui avait \u00ab\u00a0menti\u00a0\u00bb. \u00ab\u00a0Le pr\u00e9sident Trump r\u00e9alise que lorsque le pr\u00e9sident Poutine a dit au t\u00e9l\u00e9phone qu&rsquo;il \u00e9tait pr\u00eat \u00e0 la paix, ou lorsqu&rsquo;il a dit \u00e0 ses \u00e9missaires qu&rsquo;il \u00e9tait pr\u00eat \u00e0 la paix, il leur a menti\u00a0\u00bb, a \u00e0 la presse le pr\u00e9sident fran\u00e7ais, \u00e0 l&rsquo;occasion d&rsquo;un d\u00e9placement au Vietnam.<\/p>\n<p>La r\u00e9daction de TF1info<\/p>\n","protected":false},"excerpt":{"rendered":"Le pr\u00e9sident am\u00e9ricain semble perdre patience vis-\u00e0-vis de Moscou.Mais la Russie a de nouveau lanc\u00e9 des attaques massives&hellip;\n","protected":false},"author":2,"featured_media":131012,"comment_status":"","ping_status":"","sticky":false,"template":"","format":"standard","meta":{"footnotes":""},"categories":[1590],"tags":[1111,11,1921,5925,73,1777,674,1918,1922,12,2543,132,220,1917,133,1920],"class_list":{"0":"post-131011","1":"post","2":"type-post","3":"status-publish","4":"format-standard","5":"has-post-thumbnail","7":"category-ukraine","8":"tag-actu","9":"tag-actualites","10":"tag-article-video","11":"tag-conflits-et-guerre","12":"tag-etats-unis","13":"tag-eu","14":"tag-europe","15":"tag-guerre-en-ukraine-une-treve-en-negociation","16":"tag-info","17":"tag-news","18":"tag-relations-internationales","19":"tag-russie","20":"tag-ukraine","21":"tag-ukraine-4-annee-de-guerre","22":"tag-video","23":"tag-video-international"},"share_on_mastodon":{"url":"https:\/\/pubeurope.com\/@fr\/114578125308899514","error":""},"_links":{"self":[{"href":"https:\/\/www.europesays.com\/fr\/wp-json\/wp\/v2\/posts\/131011","targetHints":{"allow":["GET"]}}],"collection":[{"href":"https:\/\/www.europesays.com\/fr\/wp-json\/wp\/v2\/posts"}],"about":[{"href":"https:\/\/www.europesays.com\/fr\/wp-json\/wp\/v2\/types\/post"}],"author":[{"embeddable":true,"href":"https:\/\/www.europesays.com\/fr\/wp-json\/wp\/v2\/users\/2"}],"replies":[{"embeddable":true,"href":"https:\/\/www.europesays.com\/fr\/wp-json\/wp\/v2\/comments?post=131011"}],"version-history":[{"count":0,"href":"https:\/\/www.europesays.com\/fr\/wp-json\/wp\/v2\/posts\/131011\/revisions"}],"wp:featuredmedia":[{"embeddable":true,"href":"https:\/\/www.europesays.com\/fr\/wp-json\/wp\/v2\/media\/131012"}],"wp:attachment":[{"href":"https:\/\/www.europesays.com\/fr\/wp-json\/wp\/v2\/media?parent=131011"}],"wp:term":[{"taxonomy":"category","embeddable":true,"href":"https:\/\/www.europesays.com\/fr\/wp-json\/wp\/v2\/categories?post=131011"},{"taxonomy":"post_tag","embeddable":true,"href":"https:\/\/www.europesays.com\/fr\/wp-json\/wp\/v2\/tags?post=131011"}],"curies":[{"name":"wp","href":"https:\/\/api.w.org\/{rel}","templated":true}]}}