{"id":131017,"date":"2025-05-27T05:25:15","date_gmt":"2025-05-27T05:25:15","guid":{"rendered":"https:\/\/www.europesays.com\/fr\/131017\/"},"modified":"2025-05-27T05:25:15","modified_gmt":"2025-05-27T05:25:15","slug":"lallemagne-va-t-elle-livrer-des-missiles-taurus-a-lukraine-sans-restriction-demploi","status":"publish","type":"post","link":"https:\/\/www.europesays.com\/fr\/131017\/","title":{"rendered":"L&rsquo;Allemagne va-t-elle livrer des missiles Taurus \u00e0 l&rsquo;Ukraine sans restriction d&#8217;emploi ?"},"content":{"rendered":"<p><img fetchpriority=\"high\" decoding=\"async\" src=\"https:\/\/www.europesays.com\/fr\/wp-content\/uploads\/2025\/04\/taurus-20250303.jpg\" alt=\"\" width=\"600\" height=\"333\" class=\"alignnone size-full wp-image-80884\"  \/><\/p>\n<p>En novembre, l\u2019administration du pr\u00e9sident Biden avait autoris\u00e9 l\u2019Ukraine \u00e0 utiliser le syst\u00e8me d\u2019artillerie M142 HIMARS [High Mobility Artillery Rocket System] pour tirer des missiles balistiques MGM-140 ATACMS [Army TACtical Missile System], d\u2019une port\u00e9e de 300 km, contre des cibles militaires situ\u00e9es en Russie. Jusqu\u2019alors, l\u2019emploi de ce type de munition \u00e9tait restreint aux territoires ukrainiens occup\u00e9s par les forces russes. <\/p>\n<p>Cela \u00e9tant, cette autorisation n\u2019aurait concern\u00e9 que la seule r\u00e9gion de Koursk, laquelle \u00e9tait partiellement contr\u00f4l\u00e9e par l\u2019arm\u00e9e ukrainienne, \u00e0 l\u2019issue d\u2019une offensive \u00ab\u00a0surprise\u00a0\u00bb lanc\u00e9e en ao\u00fbt 2024. Il fut avanc\u00e9 que la d\u00e9cision de l\u2019administration am\u00e9ricaine avait \u00e9t\u00e9 motiv\u00e9e par la pr\u00e9sence de troupes nord-cor\u00e9ennes aux c\u00f4t\u00e9s des forces russes. <\/p>\n<p>\u00ab\u00a0Les m\u00e9dias parlent beaucoup de l\u2019autorisation que nous avons re\u00e7ue pour mener ces actions. Mais les frappes ne se font pas par des mots. De telles choses ne sont pas annonc\u00e9es. Les missiles parleront d\u2019eux-m\u00eames. Ils le feront certainement\u00a0\u00bb, avait ensuite comment\u00e9 Volodymyr Zelenski, le pr\u00e9sident ukrainien. <\/p>\n<p>Apr\u00e8s ce feu vert am\u00e9ricain, la France cultiva une certaine ambigu\u00eft\u00e9 au sujet de l\u2019emploi des missiles de croisi\u00e8re air-sol SCALP EG fournis \u00e0 la force a\u00e9rienne ukrainienne. Le ministre des Affaires \u00e9trang\u00e8res, Jean-No\u00ebl Barrot, s\u2019\u00e9tait content\u00e9 de rappeler qu\u2019autoriser des frappes \u00ab\u00a0sur des cibles depuis lesquelles les Russes attaquent le territoire ukrainien\u00a0\u00bb demeurait une option. <\/p>\n<p>De son c\u00f4t\u00e9 le Royaume-Uni ne fit pas de commentaire. Cependant, le 20 novembre, les forces ukrainiennes utilis\u00e8rent une douzaine de missiles Storm Shadow [nom britannique du missile SCALP EG, ndlr] pour frapper un \u00ab\u00a0important centre de commandement\u00a0\u00bb russo-nord-cor\u00e9en pr\u00e9sum\u00e9. <\/p>\n<p>Depuis, la question des restrictions d\u2019emploi sur les munitions de longue port\u00e9e livr\u00e9es \u00e0 l\u2019Ukraine par la France, le Royaume-Uni et les \u00c9tats-Unis a \u00e9t\u00e9 \u00e9clips\u00e9e par d\u2019autres sujets, dont les n\u00e9gociations en vue de trouver un accord de cessez-le-feu entre Kiev et Moscou. N\u00e9gociations qui, pour le moment, n\u2019ont rien donn\u00e9 de probant, mis \u00e0 part un \u00e9change de prisonniers entre les deux bellig\u00e9rants. <\/p>\n<p>Or, ce 26 mai, le chancelier allemand, Friedrich Merz, a affirm\u00e9 que les principaux pays partenaires de l\u2019Ukraine, dont \u00e9videmment l\u2019Allemagne, n\u2019imposaient plus de restrictions sur l\u2019emploi des armes fournies \u00e0 l\u2019arm\u00e9e ukrainienne. <\/p>\n<p>\u00ab\u00a0Il n\u2019y a plus de limites de port\u00e9e pour les armes qui ont \u00e9t\u00e9 livr\u00e9es \u00e0 l\u2019Ukraine. Ni par les Britanniques, ni par les Fran\u00e7ais, ni par nous [les Allemands, ndlr]. Ni par les Am\u00e9ricains\u00a0\u00bb, a en effet d\u00e9clar\u00e9 M. Merz, lors d\u2019un entretien donn\u00e9 \u00e0 la t\u00e9l\u00e9vision publique WDR. \u00ab\u00a0Cela signifie que l\u2019Ukraine peut d\u00e9sormais se d\u00e9fendre, par exemple en attaquant des positions militaires en Russie [\u2026] ce qu\u2019elle ne faisait pas il y a quelque temps, \u00e0 quelques exceptions pr\u00e8s. Elle peut le faire maintenant\u00a0\u00bb, a-t-il ajout\u00e9. <\/p>\n<p>Jusqu\u2019\u00e0 pr\u00e9sent, l\u2019Allemagne n\u2019a pas livr\u00e9 de missiles \u00e0 longue port\u00e9e, comme le KEPD-350 Taurus, \u00e0 l\u2019Ukraine. Et pour cause : soucieux d\u2019\u00e9viter une \u00ab\u00a0escalade\u00a0\u00bb avec la Russie, le pr\u00e9d\u00e9cesseur de M. Merz, Olaf Scholz, s\u2019y \u00e9tait constamment oppos\u00e9, malgr\u00e9 les pressions exerc\u00e9es par les partis membres de la coalition qu\u2019il dirigeait [Die Gr\u00fcnen et le Parti lib\u00e9ral d\u00e9mocrate, ndlr]. <\/p>\n<p>Avant d\u2019\u00eatre confirm\u00e9 \u00e0 la t\u00eate du gouvernement allemand, M. Merz s\u2019\u00e9tait dit ouvert \u00e0 l\u2019id\u00e9e de fournir des missiles KEPD-350 Taurus \u00e0 l\u2019Ukraine. \u00ab\u00a0Cela doit se faire en coop\u00e9ration avec nos partenaires europ\u00e9ens. [\u2026] Cela doit \u00eatre coordonn\u00e9 et si c\u2019est coordonn\u00e9, alors l\u2019Allemagne devrait y participer\u00a0\u00bb, avait-il expliqu\u00e9, en avril dernier. Et d\u2019ajouter : \u00ab\u00a0L\u2019arm\u00e9e ukrainienne doit sortir de la d\u00e9fensive. En cas d\u2019attaque, elle doit par exemple pouvoir d\u00e9truire la liaison terrestre entre la Russie et la Crim\u00e9e\u00a0\u00bb. Liaison qui ne peut qu\u2019\u00eatre le pont de Kertch. <\/p>\n<p>Pour rappel, dot\u00e9 d\u2019une charge Mephisto [Multi-Effect Penetrator, HIgh Sophisticated and Target Optimised] de 495 kg, le KEPD-350 Taurus peut atteindre une cible situ\u00e9e 500 km de distance de son point de tir, \u00e0 la vitesse maximale de Mach 0,95. <\/p>\n<p>Quoi qu\u2019il en soit, le Kremlin n\u2019a pas tard\u00e9 \u00e0 r\u00e9agir aux propos du chancelier allemand. \u00ab\u00a0Si cette d\u00e9cision a vraiment \u00e9t\u00e9 prise, elle va absolument \u00e0 l\u2019encontre de nos aspirations \u00e0 entrer dans un r\u00e8glement politique [\u2026] Et donc c\u2019est une d\u00e9cision assez dangereuse\u00a0\u00bb, a comment\u00e9 Dmitri Peskov\u2026 alors que les forces russes ont lanc\u00e9 plus de 900 drones contre l\u2019Ukraine au cours de ces derni\u00e8res soixante-douze heures. <\/p>\n<p>Cela \u00e9tant, la r\u00e9action de M. Peskov aura \u00e9t\u00e9 plus mesur\u00e9e que celle exprim\u00e9e par le minist\u00e8re russe des Affaires \u00e9trang\u00e8res apr\u00e8s les propos tenus par M. Merz en avril. \u00ab\u00a0Une frappe avec ces missiles contre des installations russes [\u2026] sera consid\u00e9r\u00e9e comme une participation directe de l\u2019Allemagne aux hostilit\u00e9s au c\u00f4t\u00e9 du r\u00e9gime de Kiev, avec toutes les cons\u00e9quences que cela implique\u00a0\u00bb, avait-il pr\u00e9venu. <\/p>\n","protected":false},"excerpt":{"rendered":"En novembre, l\u2019administration du pr\u00e9sident Biden avait autoris\u00e9 l\u2019Ukraine \u00e0 utiliser le syst\u00e8me d\u2019artillerie M142 HIMARS [High Mobility&hellip;\n","protected":false},"author":2,"featured_media":32157,"comment_status":"","ping_status":"","sticky":false,"template":"","format":"standard","meta":{"footnotes":""},"categories":[1587],"tags":[11,672,1804,1805,1803,341,1777,674,4710,1801,131,3343,12,1802,25520,132,8695,220],"class_list":{"0":"post-131017","1":"post","2":"type-post","3":"status-publish","4":"format-standard","5":"has-post-thumbnail","7":"category-allemagne","8":"tag-actualites","9":"tag-allemagne","10":"tag-bundesrepublik-deutschland","11":"tag-de","12":"tag-deutschland","13":"tag-emploi","14":"tag-eu","15":"tag-europe","16":"tag-friedrich-merz","17":"tag-germany","18":"tag-guerre-en-ukraine","19":"tag-missile","20":"tag-news","21":"tag-republique-federale-dallemagne","22":"tag-restriction","23":"tag-russie","24":"tag-taurus","25":"tag-ukraine"},"share_on_mastodon":{"url":"https:\/\/pubeurope.com\/@fr\/114578137198433582","error":""},"_links":{"self":[{"href":"https:\/\/www.europesays.com\/fr\/wp-json\/wp\/v2\/posts\/131017","targetHints":{"allow":["GET"]}}],"collection":[{"href":"https:\/\/www.europesays.com\/fr\/wp-json\/wp\/v2\/posts"}],"about":[{"href":"https:\/\/www.europesays.com\/fr\/wp-json\/wp\/v2\/types\/post"}],"author":[{"embeddable":true,"href":"https:\/\/www.europesays.com\/fr\/wp-json\/wp\/v2\/users\/2"}],"replies":[{"embeddable":true,"href":"https:\/\/www.europesays.com\/fr\/wp-json\/wp\/v2\/comments?post=131017"}],"version-history":[{"count":0,"href":"https:\/\/www.europesays.com\/fr\/wp-json\/wp\/v2\/posts\/131017\/revisions"}],"wp:featuredmedia":[{"embeddable":true,"href":"https:\/\/www.europesays.com\/fr\/wp-json\/wp\/v2\/media\/32157"}],"wp:attachment":[{"href":"https:\/\/www.europesays.com\/fr\/wp-json\/wp\/v2\/media?parent=131017"}],"wp:term":[{"taxonomy":"category","embeddable":true,"href":"https:\/\/www.europesays.com\/fr\/wp-json\/wp\/v2\/categories?post=131017"},{"taxonomy":"post_tag","embeddable":true,"href":"https:\/\/www.europesays.com\/fr\/wp-json\/wp\/v2\/tags?post=131017"}],"curies":[{"name":"wp","href":"https:\/\/api.w.org\/{rel}","templated":true}]}}