{"id":131023,"date":"2025-05-27T05:29:12","date_gmt":"2025-05-27T05:29:12","guid":{"rendered":"https:\/\/www.europesays.com\/fr\/131023\/"},"modified":"2025-05-27T05:29:12","modified_gmt":"2025-05-27T05:29:12","slug":"allons-nous-choisir-de-repondre-a-la-souffrance-par-la-mort","status":"publish","type":"post","link":"https:\/\/www.europesays.com\/fr\/131023\/","title":{"rendered":"\u00abAllons-nous choisir de r\u00e9pondre \u00e0 la souffrance par la mort\u00a0?\u00bb"},"content":{"rendered":"<p><strong>ENTRETIEN &#8211;<\/strong> Le texte sur l\u2019aide \u00e0 mourir correspond-il \u00e0 une loi d\u2019exception ou ouvre-t-il \u00e0 une application large d\u2019un \u00abdroit \u00e0 mourir\u00bb\u00a0? La pr\u00e9sidente de la Soci\u00e9t\u00e9 fran\u00e7aise d\u2019accompagnement et de soins palliatifs d\u00e9nonce un malentendu sur cette grande r\u00e9forme soci\u00e9tale.<\/p>\n<p class=\"fig-paragraph\">Pr\u00e9sidente de la Soci\u00e9t\u00e9 fran\u00e7aise d\u2019accompagnement et de soins palliatifs, Claire Fourcade d\u00e9nonce un malentendu sur cette grande r\u00e9forme soci\u00e9tale.<\/p>\n<p class=\"fig-paragraph\"><strong>LE FIGARO. &#8211; Cela fait deux ans que vous militez contre ce texte. Que ressentez-vous au moment du vote\u00a0?<\/strong><\/p>\n<p class=\"fig-paragraph\"><strong>CLAIRE FOURCADE. &#8211; <\/strong>Je ressens un m\u00e9lange d\u2019inqui\u00e9tude, de tristesse, mais aussi une grande combativit\u00e9. Ce vote n\u2019est qu\u2019une premi\u00e8re \u00e9tape, et j\u2019esp\u00e8re que les discussions au S\u00e9nat permettront d\u2019am\u00e9liorer le texte s\u2019il est adopt\u00e9 par l\u2019<a href=\"http:\/\/www.lefigaro.fr\/actualite-france\/aide-a-mourir-les-risques-de-derive-divisent-l-assemblee-20250519\" target=\"_blank\" data-fig-type=\"Article\" rel=\"noopener\" data-gtm-custom-categorie=\"navigation\" data-gtm-custom-action=\"crossclick\" data-gtm-custom-label=\"Contextuel\" data-gtm-event=\"customEventSPE\" data-fig-domain=\"LEFIGARO\">Assembl\u00e9e nationale<\/a>. Il faut continuer \u00e0 se battre. Malgr\u00e9 la pression, nous, soignants, avons r\u00e9ussi \u00e0 faire entendre la complexit\u00e9 de cette r\u00e9forme. Nous avons rappel\u00e9 que\u00a0<a href=\"http:\/\/www.lefigaro.fr\/actualite-france\/alain-minc-sur-la-fin-de-vie-cette-loi-est-faite-pour-saint-germain-des-pres-20250523\" data-fig-type=\"Article\" data-gtm-custom-categorie=\"navigation\" data-gtm-custom-action=\"crossclick\" data-gtm-custom-label=\"Contextuel\" data-gtm-event=\"customEventSPE\" data-fig-domain=\"LEFIGARO\" target=\"_blank\" rel=\"noopener\">la fin de vie<\/a>\u00a0ne se r\u00e9sume pas \u00e0 un choix binaire entre souffrance et injection l\u00e9tale. Nous avons aussi r\u00e9ussi \u00e0 faire valoir combien le soin est un pilier essentiel de notre soci\u00e9t\u00e9, et l\u2019importance de le pr\u00e9server. Les Fran\u00e7ais et les d\u00e9put\u00e9s ont compris qu\u2019il ne s\u2019agissait pas simplement d\u2019une opposition caricaturale entre progressistes\u2026<\/p>\n<p class=\"fig-premium-paywall__infos\">\n        Cet article est r\u00e9serv\u00e9 aux abonn\u00e9s.        Il vous reste 88% \u00e0 d\u00e9couvrir.\n    <\/p>\n<p>                <img  data- alt=\"Le Figaro\" class=\"fig-img--complete fig-img\"\/><\/p>\n<p class=\"fig-premium-paywall__title\">Vente Flash<\/p>\n<p class=\"fig-premium-paywall__subtitle\">4,99\u20ac par mois pendant 12 mois. Sans engagement.<\/p>\n<p class=\"fig-premium-paywall__connect\">\n                D\u00e9j\u00e0 abonn\u00e9\u00a0?                <a class=\"fig-premium-paywall__connect-link\" href=\"https:\/\/connect.lefigaro.fr\/login?client=horizon_web&amp;type=main&amp;redirect_uri=https%3A%2F%2Fwww.lefigaro.fr%2Factualite-france%2Fclaire-fourcade-allons-nous-choisir-de-repondre-a-la-souffrance-par-la-mort-20250526\" data-js-gtm=\"{&quot;customCategorie&quot;: &quot;conversion&quot;, &quot;customAction&quot;: &quot;before_Landing_Connexion_paywall_auto&quot;, &quot;customLabel&quot;: &quot;bGVmaWdhcm8uZnJfXzFmMDNhMWQ1LTJjZmUtNjA0YS1hODRlLWM5MDc1YTlmZGQ2MV9fQXJ0aWNsZQ==_Claire Fourcade\u00a0: \u00abAllons-nous choisir de r\u00e9pondre \u00e0 la souffrance par la mort\u00a0?\u00bb_742&quot;, &quot;customIDSPE&quot;: &quot;bGVmaWdhcm8uZnJfXzFmMDNhMWQ1LTJjZmUtNjA0YS1hODRlLWM5MDc1YTlmZGQ2MV9fQXJ0aWNsZQ==&quot;, &quot;event&quot;: &quot;customEventSPE&quot;}\" target=\"_blank\" rel=\"noopener\"><br \/>\n                    Connectez-vous<br \/>\n                <\/a>\n            <\/p>\n","protected":false},"excerpt":{"rendered":"ENTRETIEN &#8211; Le texte sur l\u2019aide \u00e0 mourir correspond-il \u00e0 une loi d\u2019exception ou ouvre-t-il \u00e0 une application&hellip;\n","protected":false},"author":2,"featured_media":131024,"comment_status":"","ping_status":"","sticky":false,"template":"","format":"standard","meta":{"footnotes":""},"categories":[2],"tags":[47,1058,1054,1059,1060,1055,11,1057,17193,118,7977,1011,27,1061,303,12,1062,25,656,104,1056,20812,809],"class_list":{"0":"post-131023","1":"post","2":"type-post","3":"status-publish","4":"format-standard","5":"has-post-thumbnail","7":"category-actualites","8":"tag-actualite","9":"tag-actualite-education","10":"tag-actualite-france","11":"tag-actualite-justice","12":"tag-actualite-securite","13":"tag-actualite-societe","14":"tag-actualites","15":"tag-education","16":"tag-euthanasie","17":"tag-faits-divers","18":"tag-fin-de-vie","19":"tag-fr","20":"tag-france","21":"tag-immigration","22":"tag-justice","23":"tag-news","24":"tag-polemique","25":"tag-republique-francaise","26":"tag-securite","27":"tag-societe","28":"tag-societe-francaise","29":"tag-soins-palliatifs","30":"tag-violence"},"share_on_mastodon":{"url":"https:\/\/pubeurope.com\/@fr\/114578152730163038","error":""},"_links":{"self":[{"href":"https:\/\/www.europesays.com\/fr\/wp-json\/wp\/v2\/posts\/131023","targetHints":{"allow":["GET"]}}],"collection":[{"href":"https:\/\/www.europesays.com\/fr\/wp-json\/wp\/v2\/posts"}],"about":[{"href":"https:\/\/www.europesays.com\/fr\/wp-json\/wp\/v2\/types\/post"}],"author":[{"embeddable":true,"href":"https:\/\/www.europesays.com\/fr\/wp-json\/wp\/v2\/users\/2"}],"replies":[{"embeddable":true,"href":"https:\/\/www.europesays.com\/fr\/wp-json\/wp\/v2\/comments?post=131023"}],"version-history":[{"count":0,"href":"https:\/\/www.europesays.com\/fr\/wp-json\/wp\/v2\/posts\/131023\/revisions"}],"wp:featuredmedia":[{"embeddable":true,"href":"https:\/\/www.europesays.com\/fr\/wp-json\/wp\/v2\/media\/131024"}],"wp:attachment":[{"href":"https:\/\/www.europesays.com\/fr\/wp-json\/wp\/v2\/media?parent=131023"}],"wp:term":[{"taxonomy":"category","embeddable":true,"href":"https:\/\/www.europesays.com\/fr\/wp-json\/wp\/v2\/categories?post=131023"},{"taxonomy":"post_tag","embeddable":true,"href":"https:\/\/www.europesays.com\/fr\/wp-json\/wp\/v2\/tags?post=131023"}],"curies":[{"name":"wp","href":"https:\/\/api.w.org\/{rel}","templated":true}]}}