{"id":13104,"date":"2025-04-09T16:52:40","date_gmt":"2025-04-09T16:52:40","guid":{"rendered":"https:\/\/www.europesays.com\/fr\/13104\/"},"modified":"2025-04-09T16:52:40","modified_gmt":"2025-04-09T16:52:40","slug":"jusqua-2-tonnes-de-colis-mysteres-a-saisir-dans-cette-galerie-commerciale","status":"publish","type":"post","link":"https:\/\/www.europesays.com\/fr\/13104\/","title":{"rendered":"jusqu&rsquo;\u00e0 2 tonnes de colis myst\u00e8res \u00e0 saisir dans cette galerie commerciale"},"content":{"rendered":"<p>            Par<br \/>\n        <strong><br \/>\n            <a href=\"https:\/\/actu.fr\/auteur\/laurene-fertin\" title=\"Consulter tous les articles de Laur\u00e8ne Fertin\" rel=\"nofollow noopener\" target=\"_blank\">Laur\u00e8ne Fertin<\/a><br \/>\n        <\/strong><\/p>\n<p>        Publi\u00e9 le<\/p>\n<p>            8 avr. 2025 \u00e0 11h04        <\/p>\n<p>Bonne nouvelle pour celles et ceux qui veulent faire de <strong>bonnes affaires.<\/strong> <strong>Du lundi\u00a07 au samedi 12\u00a0avril 2025<\/strong>, une vente de <strong>colis perdus<\/strong> se d\u00e9roule pr\u00e8s de Rennes.<\/p>\n<p class=\" wall-content\">L\u2019entreprise <strong>Mystery Box,<\/strong> soci\u00e9t\u00e9 des colis perdus dans le Grand Ouest, propose de d\u00e9couvrir <strong>jusqu\u2019\u00e0 deux tonnes<\/strong> de colis perdus.<\/p>\n<p>Le prix fix\u00e9 au poids<\/p>\n<p class=\" wall-content\">La vente se d\u00e9roule dans la <strong>galerie Carrefour de Rennes-Pac\u00e9<\/strong> de 9\u2009h\u200930 \u00e0 19\u2009h.<\/p>\n<p class=\" wall-content\">Durant ces six jours, il y a \u00e0 disposition des curieux entre une et deux tonnes de colis. Aussi, les prix sont fix\u00e9s au poids\u2009: comptez <strong>2,50\u00a0euros les 100 grammes<\/strong>.<\/p>\n<p>Quelques \u00ab\u2009p\u00e9pites rares\u2009\u00bb<\/p>\n<p class=\" wall-content\">Comme l\u2019indique l\u2019\u00e9v\u00e9nement, <strong>personne ne sait<\/strong> ce que contiennent les colis. C\u2019est un peu la <strong>surprise.<\/strong><\/p>\n<p class=\" wall-content\">\u00ab\u2009Mais la plupart du temps, les colis peuvent contenir un peu de <strong>high-tech,<\/strong> des <strong>v\u00eatements,<\/strong> des <strong>chaussures,<\/strong> des <strong>gadgets,<\/strong> et quelques <strong>p\u00e9pites rares<\/strong> type <strong>AirPods <\/strong>par exemple\u2009\u00bb, illustre Nicolas Charlot, directeur g\u00e9n\u00e9ral de Mystery Box.<\/p>\n<blockquote class=\"ac-article-quote wall-content\">\n<p>Les colis perdus viennent g\u00e9n\u00e9ralement d\u2019autres pays d\u2019Europe, comme des Pays-Bas, d&rsquo;Allemagne, de Belgique etc. et maintenant de France.\n<\/p>\n<p>    <strong>Nicolas Charlot<\/strong><br \/>\n        Directeur g\u00e9n\u00e9ral de Mystery Box    <\/p><\/blockquote>\n<p>Pourquoi des colis sont-ils perdus\u2009?<\/p>\n<p class=\" wall-content\">Ces colis proviennent souvent de personnes plusieurs fois <strong>absentes<\/strong> \u00e0 leur domicile\u2009; mais cela peut aussi \u00eatre des <strong>retours,<\/strong> des <strong>refus<\/strong> ou alors un <strong>mauvais adressage.<\/strong><\/p>\n<p class=\" wall-content\">\u00ab\u2009Le retour \u00e0 l\u2019exp\u00e9diteur \u00e9tant on\u00e9reux, ce dernier pr\u00e9f\u00e8re laisser le colis sur place et en renvoyer un au destinataire\u2009\u00bb, expose Nicolas Charlot.<\/p>\n<p class=\" wall-content\">Suivez toute l\u2019actualit\u00e9 de vos villes et m\u00e9dias favoris en vous inscrivant \u00e0 <a href=\"https:\/\/moncompte.actu.fr\" title=\"D\u00e9couvez Mon Actu\" rel=\"nofollow noopener\" data-trk=\"{&quot;cta&quot;:{&quot;action&quot;:&quot;https:\\\/\\\/moncompte.actu.fr&quot;,&quot;category&quot;:&quot;mon compte&quot;,&quot;from&quot;:&quot;article footer&quot;,&quot;name&quot;:&quot;Mon actu&quot;,&quot;type&quot;:&quot;cta&quot;}}\" target=\"_blank\">Mon Actu<\/a>.<\/p>\n","protected":false},"excerpt":{"rendered":"Par Laur\u00e8ne Fertin Publi\u00e9 le 8 avr. 2025 \u00e0 11h04 Bonne nouvelle pour celles et ceux qui veulent&hellip;\n","protected":false},"author":2,"featured_media":13105,"comment_status":"","ping_status":"","sticky":false,"template":"","format":"standard","meta":{"footnotes":""},"categories":[2821],"tags":[1111,11,677,829,130,1777,674,1011,27,1305,12,584,25],"class_list":{"0":"post-13104","1":"post","2":"type-post","3":"status-publish","4":"format-standard","5":"has-post-thumbnail","7":"category-rennes","8":"tag-actu","9":"tag-actualites","10":"tag-bons-plans","11":"tag-bretagne","12":"tag-consommation","13":"tag-eu","14":"tag-europe","15":"tag-fr","16":"tag-france","17":"tag-lifestyle","18":"tag-news","19":"tag-rennes","20":"tag-republique-francaise"},"share_on_mastodon":{"url":"https:\/\/pubeurope.com\/@fr\/114309047517155778","error":""},"_links":{"self":[{"href":"https:\/\/www.europesays.com\/fr\/wp-json\/wp\/v2\/posts\/13104","targetHints":{"allow":["GET"]}}],"collection":[{"href":"https:\/\/www.europesays.com\/fr\/wp-json\/wp\/v2\/posts"}],"about":[{"href":"https:\/\/www.europesays.com\/fr\/wp-json\/wp\/v2\/types\/post"}],"author":[{"embeddable":true,"href":"https:\/\/www.europesays.com\/fr\/wp-json\/wp\/v2\/users\/2"}],"replies":[{"embeddable":true,"href":"https:\/\/www.europesays.com\/fr\/wp-json\/wp\/v2\/comments?post=13104"}],"version-history":[{"count":0,"href":"https:\/\/www.europesays.com\/fr\/wp-json\/wp\/v2\/posts\/13104\/revisions"}],"wp:featuredmedia":[{"embeddable":true,"href":"https:\/\/www.europesays.com\/fr\/wp-json\/wp\/v2\/media\/13105"}],"wp:attachment":[{"href":"https:\/\/www.europesays.com\/fr\/wp-json\/wp\/v2\/media?parent=13104"}],"wp:term":[{"taxonomy":"category","embeddable":true,"href":"https:\/\/www.europesays.com\/fr\/wp-json\/wp\/v2\/categories?post=13104"},{"taxonomy":"post_tag","embeddable":true,"href":"https:\/\/www.europesays.com\/fr\/wp-json\/wp\/v2\/tags?post=13104"}],"curies":[{"name":"wp","href":"https:\/\/api.w.org\/{rel}","templated":true}]}}