{"id":131058,"date":"2025-05-27T05:51:09","date_gmt":"2025-05-27T05:51:09","guid":{"rendered":"https:\/\/www.europesays.com\/fr\/131058\/"},"modified":"2025-05-27T05:51:09","modified_gmt":"2025-05-27T05:51:09","slug":"le-president-lula-atteint-de-labyrinthite-et-mis-au-repos","status":"publish","type":"post","link":"https:\/\/www.europesays.com\/fr\/131058\/","title":{"rendered":"le pr\u00e9sident Lula atteint de labyrinthite et mis au repos"},"content":{"rendered":"<p>                             Par Le Figaro avec AFP<\/p>\n<p>                Il y a 22 minutes<\/p>\n<p>\u00a0\u00bb<br \/>\n        data-script=\u00a0\u00bbhttps:\/\/static.lefigaro.fr\/widget-video\/short-ttl\/video\/index.js\u00a0\u00bb<br \/>\n    &gt;<\/p>\n<p>Le pr\u00e9sident \u00e2g\u00e9 de 79 ans, qui a souffert d\u2019un cancer du larynx en 2011 et subi une op\u00e9ration de la hanche en 2023, n\u2019a pas exclu de briguer un nouveau mandat lors de la pr\u00e9sidentielle de 2026.<\/p>\n<p class=\"fig-paragraph\">Le pr\u00e9sident br\u00e9silien\u00a0<a href=\"http:\/\/www.lefigaro.fr\/flash-actu\/bresil-le-president-lula-en-visite-au-japon-pour-parler-commerce-et-environnement-20250324\" target=\"_blank\" data-fig-type=\"NewsFlash\" rel=\"noopener\" data-gtm-custom-categorie=\"navigation\" data-gtm-custom-action=\"crossclick\" data-gtm-custom-label=\"Contextuel\" data-gtm-event=\"customEventSPE\" data-fig-domain=\"LEFIGARO\">Luiz Inacio Lula da Silva<\/a>\u00a0souffre de labyrinthite, une infection de l&rsquo;oreille interne, et s&rsquo;est vu prescrire le repos, a annonc\u00e9 lundi 26 mai le gouvernement.<\/p>\n<p class=\"fig-paragraph\">Le chef de l&rsquo;\u00c9tat de 79 ans, qui avait \u00e9t\u00e9 op\u00e9r\u00e9 fin d\u00e9cembre pour drainer un h\u00e9matome pr\u00e8s du cerveau, a r\u00e9alis\u00e9 lundi des examens m\u00e9dicaux dans un h\u00f4pital de Brasilia apr\u00e8s s&rsquo;\u00eatre plaint de vertiges.<\/p>\n<p>\u00abAnnul\u00e9 une partie de son agenda\u00bb<\/p>\n<p class=\"fig-paragraph\">Les m\u00e9decins ont diagnostiqu\u00e9 une labyrinthite et ont demand\u00e9 \u00e0 Lula de rester au repos. Le pr\u00e9sident est retourn\u00e9 dans sa r\u00e9sidence et a \u00abannul\u00e9 une partie de son agenda\u00bb, selon une source de la pr\u00e9sidence qui a requis l&rsquo;anonymat.<\/p>\n<p class=\"fig-paragraph\">La labyrinthite est une inflammation du labyrinthe, une structure de l&rsquo;oreille interne qui joue un r\u00f4le cl\u00e9 dans l&rsquo;audition et l&rsquo;\u00e9quilibre. La gu\u00e9rison survient la plupart du temps en quelques semaines.<\/p>\n<p class=\"fig-paragraph\">Le pr\u00e9sident de gauche, qui a souffert d&rsquo;un cancer du larynx en 2011 et subi une op\u00e9ration de la hanche en 2023, n&rsquo;a pas exclu de briguer un nouveau mandat lors de la pr\u00e9sidentielle de 2026.<\/p>\n","protected":false},"excerpt":{"rendered":"Par Le Figaro avec AFP Il y a 22 minutes \u00a0\u00bb data-script=\u00a0\u00bbhttps:\/\/static.lefigaro.fr\/widget-video\/short-ttl\/video\/index.js\u00a0\u00bb &gt; Le pr\u00e9sident \u00e2g\u00e9 de 79&hellip;\n","protected":false},"author":2,"featured_media":131059,"comment_status":"","ping_status":"","sticky":false,"template":"","format":"standard","meta":{"footnotes":""},"categories":[5],"tags":[259,11,260,2548,1011,27,14,25523,261,12,262,28],"class_list":{"0":"post-131058","1":"post","2":"type-post","3":"status-publish","4":"format-standard","5":"has-post-thumbnail","7":"category-international","8":"tag-actualite-internationale","9":"tag-actualites","10":"tag-affaires-etrangeres","11":"tag-bresil","12":"tag-fr","13":"tag-france","14":"tag-international","15":"tag-luiz-inacio-lula-da-silva","16":"tag-ministere-des-affaires-etrangeres","17":"tag-news","18":"tag-politique-etrangere","19":"tag-world"},"share_on_mastodon":{"url":"https:\/\/pubeurope.com\/@fr\/114578239488996789","error":""},"_links":{"self":[{"href":"https:\/\/www.europesays.com\/fr\/wp-json\/wp\/v2\/posts\/131058","targetHints":{"allow":["GET"]}}],"collection":[{"href":"https:\/\/www.europesays.com\/fr\/wp-json\/wp\/v2\/posts"}],"about":[{"href":"https:\/\/www.europesays.com\/fr\/wp-json\/wp\/v2\/types\/post"}],"author":[{"embeddable":true,"href":"https:\/\/www.europesays.com\/fr\/wp-json\/wp\/v2\/users\/2"}],"replies":[{"embeddable":true,"href":"https:\/\/www.europesays.com\/fr\/wp-json\/wp\/v2\/comments?post=131058"}],"version-history":[{"count":0,"href":"https:\/\/www.europesays.com\/fr\/wp-json\/wp\/v2\/posts\/131058\/revisions"}],"wp:featuredmedia":[{"embeddable":true,"href":"https:\/\/www.europesays.com\/fr\/wp-json\/wp\/v2\/media\/131059"}],"wp:attachment":[{"href":"https:\/\/www.europesays.com\/fr\/wp-json\/wp\/v2\/media?parent=131058"}],"wp:term":[{"taxonomy":"category","embeddable":true,"href":"https:\/\/www.europesays.com\/fr\/wp-json\/wp\/v2\/categories?post=131058"},{"taxonomy":"post_tag","embeddable":true,"href":"https:\/\/www.europesays.com\/fr\/wp-json\/wp\/v2\/tags?post=131058"}],"curies":[{"name":"wp","href":"https:\/\/api.w.org\/{rel}","templated":true}]}}