{"id":13106,"date":"2025-04-09T16:53:12","date_gmt":"2025-04-09T16:53:12","guid":{"rendered":"https:\/\/www.europesays.com\/fr\/13106\/"},"modified":"2025-04-09T16:53:12","modified_gmt":"2025-04-09T16:53:12","slug":"concours-nimporte-coiffes-collectivite-europeenne-dalsace","status":"publish","type":"post","link":"https:\/\/www.europesays.com\/fr\/13106\/","title":{"rendered":"Concours \u00ab\u00a0N&rsquo;importe coiffes !\u00a0\u00bb &#8211; Collectivit\u00e9 europ\u00e9enne d&rsquo;Alsace"},"content":{"rendered":"<p><strong>Un vent de fantaisie souffle sur la coiffe alsacienne<\/strong><\/p>\n<p>Et si la <strong>coiffe au grand n\u0153ud<\/strong>, embl\u00e8me iconique du costume traditionnel alsacien, devenait votre terrain de jeu cr\u00e9atif ?<\/p>\n<p>Du <strong>1er avril au 31 mai 2025<\/strong>, l\u2019Union Internationale des Alsaciens (UIA) vous invite \u00e0 participer au concours <strong>\u00ab\u00a0N\u2019importe Coiffes !\u00a0\u00bb<\/strong> : un clin d\u2019\u0153il plein d\u2019humour et d\u2019amour pour notre patrimoine textile.<\/p>\n<p>Ouvert \u00e0 toutes et tous, seul(e) ou en groupe, ce concours met \u00e0 l\u2019honneur la cr\u00e9ativit\u00e9 sous toutes ses formes. <strong>\u00c0 vous d\u2019imaginer une coiffe in\u00e9dite<\/strong>, haute en couleur ou discr\u00e8tement raffin\u00e9e, con\u00e7ue \u00e0 partir des mat\u00e9riaux de votre choix \u2014 recycl\u00e9s, modernes, naturels\u2026 ou totalement d\u00e9cal\u00e9s !\u00a0<\/p>\n<p>Seule condition de participation : <strong>elle doit pouvoir \u00eatre port\u00e9e sur la t\u00eate et s\u2019int\u00e9grer dans un d\u00e9fil\u00e9 de mode<\/strong>. Les 10 meilleures cr\u00e9ations seront mises \u00e0 l\u2019honneur lors d\u2019un v\u00e9ritable d\u00e9fil\u00e9 festif le 27 juin \u00e0 Strasbourg, dans le cadre de l\u2019Alsace Fan Day.<\/p>\n<p><strong>Crit\u00e8res de s\u00e9lection<\/strong> : la cr\u00e9ativit\u00e9, l\u2019originalit\u00e9, la dext\u00e9rit\u00e9, le soin apport\u00e9 \u00e0 la r\u00e9alisation, le niveau de complexit\u00e9 de confection, les mati\u00e8res utilis\u00e9es (avec respect de l\u2019environnement)\u2026 et le coup de c\u0153ur !<\/p>\n<p><strong>Modalit\u00e9s de participation<\/strong><\/p>\n<p>Pour participer, rien de plus simple :<\/p>\n<ul>&#13;<\/p>\n<li>r\u00e9alisez votre coiffe<\/li>\n<p>&#13;<\/p>\n<li>filmez-la sous tous ses angles<\/li>\n<p>&#13;<\/p>\n<li><strong>envoyez la vid\u00e9o avant le 31 mai 2025<\/strong> via <a rel=\"noopener\" href=\"https:\/\/wetransfer.com\/\" target=\"_blank\" title=\"Site WeTransfer\">WeTransfer<\/a> \u00e0 l\u2019adresse <a rel=\"noopener\" href=\"https:\/\/www.alsace.eu\/actualites\/concours-n-importe-coiffes\/mailto:contact@alsacefanday.com\" target=\"_blank\" title=\"Envoyer un email \u00e0 l&#039;adresse alsacefanday\">contact@alsacefanday.com<\/a><\/li>\n<p>&#13;<\/p>\n<li>indiquez vos coordonn\u00e9es compl\u00e8tes : nom, pr\u00e9nom, adresse email et num\u00e9ro de t\u00e9l\u00e9phone<\/li>\n<p>&#13;\n<\/ul>\n<p>Un jury compos\u00e9 de professionnels du monde de la mode et du patrimoine s\u00e9lectionnera <strong>10 \u0153uvres finalistes<\/strong>. Ces coiffes seront pr\u00e9sent\u00e9es lors du d\u00e9fil\u00e9 sur le parvis de l&rsquo;H\u00f4tel d&rsquo;Alsace (1, place du Quartier Blanc, \u00e0 Strasbourg), et les 5 gagnants seront d\u00e9voil\u00e9s \u00e0 l\u2019issue de l\u2019\u00e9v\u00e9nement.<\/p>\n<p><strong>Des lots 100 % alsaciens sont \u00e0 gagner<\/strong> : s\u00e9jour bien-\u00eatre, repas gastronomique, montre Pierre Lannier, caisse de cr\u00e9mant, livres\u2026<\/p>\n<p>Alors, pr\u00eat(e) \u00e0 nouer le ruban traditionnel \u00e0 votre fa\u00e7on ?<\/p>\n","protected":false},"excerpt":{"rendered":"Un vent de fantaisie souffle sur la coiffe alsacienne Et si la coiffe au grand n\u0153ud, embl\u00e8me iconique&hellip;\n","protected":false},"author":2,"featured_media":13107,"comment_status":"","ping_status":"","sticky":false,"template":"","format":"standard","meta":{"footnotes":""},"categories":[2820],"tags":[1111,11,2389,5941,5939,5940,5938,903,251,1777,674,1011,27,775,12,25,640],"class_list":{"0":"post-13106","1":"post","2":"type-post","3":"status-publish","4":"format-standard","5":"has-post-thumbnail","7":"category-strasbourg","8":"tag-actu","9":"tag-actualites","10":"tag-alsace","11":"tag-alsace-fan-day","12":"tag-coiffe-alsacienne","13":"tag-coiffe-traditionnelle","14":"tag-collectivit-europenne-dalsace","15":"tag-concours","16":"tag-culture","17":"tag-eu","18":"tag-europe","19":"tag-fr","20":"tag-france","21":"tag-grand-est","22":"tag-news","23":"tag-republique-francaise","24":"tag-strasbourg"},"share_on_mastodon":{"url":"https:\/\/pubeurope.com\/@fr\/114309051585939106","error":""},"_links":{"self":[{"href":"https:\/\/www.europesays.com\/fr\/wp-json\/wp\/v2\/posts\/13106","targetHints":{"allow":["GET"]}}],"collection":[{"href":"https:\/\/www.europesays.com\/fr\/wp-json\/wp\/v2\/posts"}],"about":[{"href":"https:\/\/www.europesays.com\/fr\/wp-json\/wp\/v2\/types\/post"}],"author":[{"embeddable":true,"href":"https:\/\/www.europesays.com\/fr\/wp-json\/wp\/v2\/users\/2"}],"replies":[{"embeddable":true,"href":"https:\/\/www.europesays.com\/fr\/wp-json\/wp\/v2\/comments?post=13106"}],"version-history":[{"count":0,"href":"https:\/\/www.europesays.com\/fr\/wp-json\/wp\/v2\/posts\/13106\/revisions"}],"wp:featuredmedia":[{"embeddable":true,"href":"https:\/\/www.europesays.com\/fr\/wp-json\/wp\/v2\/media\/13107"}],"wp:attachment":[{"href":"https:\/\/www.europesays.com\/fr\/wp-json\/wp\/v2\/media?parent=13106"}],"wp:term":[{"taxonomy":"category","embeddable":true,"href":"https:\/\/www.europesays.com\/fr\/wp-json\/wp\/v2\/categories?post=13106"},{"taxonomy":"post_tag","embeddable":true,"href":"https:\/\/www.europesays.com\/fr\/wp-json\/wp\/v2\/tags?post=13106"}],"curies":[{"name":"wp","href":"https:\/\/api.w.org\/{rel}","templated":true}]}}