{"id":131060,"date":"2025-05-27T05:52:09","date_gmt":"2025-05-27T05:52:09","guid":{"rendered":"https:\/\/www.europesays.com\/fr\/131060\/"},"modified":"2025-05-27T05:52:09","modified_gmt":"2025-05-27T05:52:09","slug":"les-socialistes-votent-pour-leur-premier-secretaire-en-pensant-a-la-presidentielle","status":"publish","type":"post","link":"https:\/\/www.europesays.com\/fr\/131060\/","title":{"rendered":"Les socialistes votent pour leur premier secr\u00e9taire en pensant \u00e0 la pr\u00e9sidentielle"},"content":{"rendered":"<p>La prochaine <a href=\"https:\/\/www.20minutes.fr\/elections\/presidentielle\/\" target=\"_blank\" class=\"color-ultramarine c-link\" rel=\"nofollow noopener\">pr\u00e9sidentielle<\/a> se joue ce mardi au <a href=\"https:\/\/www.20minutes.fr\/politique\/ps\/\" target=\"_blank\" class=\"color-ultramarine c-link\" rel=\"nofollow noopener\">PS<\/a>. Le parti va voter une premi\u00e8re fois pour choisir son nouveau premier secr\u00e9taire, entre le sortant Olivier Faure et ses concurrents le maire de Rouen Nicolas Mayer-Rossignol et le chef des d\u00e9put\u00e9s socialistes Boris Vallaud.<\/p>\n<p>La bataille devrait se jouer essentiellement entre les deux rivaux du pr\u00e9c\u00e9dent congr\u00e8s de Marseille, en\u00a02023\u00a0: Nicolas Mayer-Rossignol affirme qu\u2019il sera en t\u00eate, le camp d\u2019<a href=\"https:\/\/www.20minutes.fr\/politique\/olivier-faure\/\" target=\"_blank\" class=\"color-ultramarine c-link\" rel=\"nofollow noopener\">Olivier Faure<\/a> \u00e9voque une lutte serr\u00e9e, qui donnera la victoire, une nouvelle fois, \u00e0 son champion.<\/p>\n<p>Le spectre de la triche<\/p>\n<p>Quelque 40.000 adh\u00e9rents pourront voter pour ce premier tour, entre 17 et 22 heures dans les locaux des sections, afin de choisir le prochain texte d\u2019orientation du parti. Le r\u00e9sultat d\u00e9finira le rapport de force dans ses instances. Les deux candidats dont les motions seront arriv\u00e9es en t\u00eate seront d\u00e9partag\u00e9s lors d\u2019un deuxi\u00e8me tour le 5\u00a0juin avant un Congr\u00e8s pr\u00e9vu du 13 au 15\u00a0juin \u00e0 Nancy.<\/p>\n<\/p>\n<p>Les r\u00e9sultats ne seront connus que tard dans la nuit, voire mercredi matin. Et risquent de faire l\u2019objet d\u2019accusations de tricheries, comme \u00e0 Marseille, qui avaient ab\u00eem\u00e9 l\u2019image du parti.<\/p>\n<p>A la t\u00eate du PS depuis\u00a02018, Olivier Faure d\u00e9fend l\u2019union de la gauche non m\u00e9lenchoniste pour la pr\u00e9sidentielle de\u00a02027, avec une plateforme programmatique allant du leader de Place publique <a href=\"https:\/\/www.20minutes.fr\/politique\/raphael-glucksmann\/\" target=\"_blank\" class=\"color-ultramarine c-link\" rel=\"nofollow noopener\">Rapha\u00ebl Glucksmann<\/a> \u00e0 l\u2019ex-d\u00e9put\u00e9 LFI <a href=\"https:\/\/www.20minutes.fr\/dossier\/francois-ruffin\" target=\"_blank\" class=\"color-ultramarine c-link\" rel=\"nofollow noopener\">Fran\u00e7ois Ruffin<\/a>, en vue d\u2019une candidature commune. Mais le camp de Nicolas Mayer-Rossignol taxe celui qui a \u00e9t\u00e9 l\u2019un des artisans des accords de gauche Nupes (en\u00a02022) et Nouveau Front populaire (en\u00a02024) d&rsquo;\u00ab\u00a0ambigu\u00eft\u00e9\u00a0\u00bb vis-\u00e0-vis de <a href=\"https:\/\/www.20minutes.fr\/politique\/jean-luc-melenchon\/\" target=\"_blank\" class=\"color-ultramarine c-link\" rel=\"nofollow noopener\">Jean-Luc M\u00e9lenchon<\/a>, le leader de <a href=\"https:\/\/www.20minutes.fr\/politique\/france-insoumise\/\" target=\"_blank\" class=\"color-ultramarine c-link\" rel=\"nofollow noopener\">La France insoumise<\/a>, avec qui il a pourtant pris ses distances depuis plusieurs mois.<\/p>\n<p>Vallaud faiseur de roi\u00a0?<\/p>\n<p>Le maire de Rouen d\u00e9fend lui \u00ab\u00a0l\u2019affirmation socialiste\u00a0\u00bb et pr\u00f4ne la cr\u00e9ation d\u2019un grand parti socialiste (un \u00ab\u00a0GPS\u00a0\u00bb) agr\u00e9geant \u00ab\u00a0ceux qui sont au PS et ceux qui sont \u00e0 l\u2019ext\u00e9rieur\u00a0\u00bb, comme Rapha\u00ebl Glucksmann, Beno\u00eet Hamon ou Bernard Cazeneuve. Il accuse Olivier Faure d&rsquo;\u00ab\u00a0une gestion clanique\u00a0\u00bb et d\u2019un manque de travail dans le parti.<\/p>\n<p>Les partisans du premier secr\u00e9taire sortant r\u00e9pondent que Nicolas Mayer-Rossignol a rassembl\u00e9 autour de lui une coalition disparate de tous les \u00ab\u00a0anti-Faure\u00a0\u00bb et pr\u00e9disent une candidature de Fran\u00e7ois Hollande en\u00a02027, si le maire de Rouen gagne le congr\u00e8s.<\/p>\n<p><a href=\"https:\/\/www.20minutes.fr\/politique\/\" target=\"_blank\" class=\"c-link c-btn c-btn--primary\" rel=\"nofollow noopener\">Notre dossier Politique<\/a><\/p>\n<p>Le troisi\u00e8me homme, Boris Vallaud, a \u00e9galement critiqu\u00e9 l\u2019absence de travail et la \u00ab\u00a0division\u00a0\u00bb du parti sous l\u2019\u00e8re Faure. L\u2019ancien alli\u00e9 du premier secr\u00e9taire se veut le candidat de \u00ab\u00a0la r\u00e9conciliation\u00a0\u00bb et de \u00ab\u00a0la doctrine\u00a0\u00bb. Il a notamment d\u00e9velopp\u00e9 le concept de \u00ab\u00a0d\u00e9marchandisation\u00a0\u00bb de la soci\u00e9t\u00e9, et a lanc\u00e9 un institut de formation et un m\u00e9dia interne. Quel que soit son score \u2013 15 \u00e0 20\u00a0% selon ses rivaux \u2013, il pourrait \u00eatre faiseur de roi, s\u2019il d\u00e9cide au second tour de se ranger derri\u00e8re un de ses adversaires.<\/p>\n","protected":false},"excerpt":{"rendered":"La prochaine pr\u00e9sidentielle se joue ce mardi au PS. Le parti va voter une premi\u00e8re fois pour choisir&hellip;\n","protected":false},"author":2,"featured_media":131061,"comment_status":"","ping_status":"","sticky":false,"template":"","format":"standard","meta":{"footnotes":""},"categories":[4],"tags":[47,11,6219,3079,1011,27,3082,4483,3081,1023,12,4393,4484,316,15923,25,133],"class_list":{"0":"post-131060","1":"post","2":"type-post","3":"status-publish","4":"format-standard","5":"has-post-thumbnail","7":"category-france","8":"tag-actualite","9":"tag-actualites","10":"tag-boris-vallaud","11":"tag-election-presidentielle-2027","12":"tag-fr","13":"tag-france","14":"tag-francois-hollande","15":"tag-francois-ruffin","16":"tag-jean-luc-melenchon","17":"tag-la-france-insoumise-lfi","18":"tag-news","19":"tag-olivier-faure","20":"tag-parti-socialiste-ps","21":"tag-politique","22":"tag-raphael-glucksmann","23":"tag-republique-francaise","24":"tag-video"},"share_on_mastodon":{"url":"https:\/\/pubeurope.com\/@fr\/114578243115941886","error":""},"_links":{"self":[{"href":"https:\/\/www.europesays.com\/fr\/wp-json\/wp\/v2\/posts\/131060","targetHints":{"allow":["GET"]}}],"collection":[{"href":"https:\/\/www.europesays.com\/fr\/wp-json\/wp\/v2\/posts"}],"about":[{"href":"https:\/\/www.europesays.com\/fr\/wp-json\/wp\/v2\/types\/post"}],"author":[{"embeddable":true,"href":"https:\/\/www.europesays.com\/fr\/wp-json\/wp\/v2\/users\/2"}],"replies":[{"embeddable":true,"href":"https:\/\/www.europesays.com\/fr\/wp-json\/wp\/v2\/comments?post=131060"}],"version-history":[{"count":0,"href":"https:\/\/www.europesays.com\/fr\/wp-json\/wp\/v2\/posts\/131060\/revisions"}],"wp:featuredmedia":[{"embeddable":true,"href":"https:\/\/www.europesays.com\/fr\/wp-json\/wp\/v2\/media\/131061"}],"wp:attachment":[{"href":"https:\/\/www.europesays.com\/fr\/wp-json\/wp\/v2\/media?parent=131060"}],"wp:term":[{"taxonomy":"category","embeddable":true,"href":"https:\/\/www.europesays.com\/fr\/wp-json\/wp\/v2\/categories?post=131060"},{"taxonomy":"post_tag","embeddable":true,"href":"https:\/\/www.europesays.com\/fr\/wp-json\/wp\/v2\/tags?post=131060"}],"curies":[{"name":"wp","href":"https:\/\/api.w.org\/{rel}","templated":true}]}}