{"id":131062,"date":"2025-05-27T05:53:12","date_gmt":"2025-05-27T05:53:12","guid":{"rendered":"https:\/\/www.europesays.com\/fr\/131062\/"},"modified":"2025-05-27T05:53:12","modified_gmt":"2025-05-27T05:53:12","slug":"vers-un-vote-historique-dun-nouveau-droit-a-leuthanasie-et-au-suicide-assiste","status":"publish","type":"post","link":"https:\/\/www.europesays.com\/fr\/131062\/","title":{"rendered":"vers un vote \u00abhistorique\u00bb d\u2019un nouveau droit \u00e0 l\u2019euthanasie et au suicide assist\u00e9"},"content":{"rendered":"<p><strong>D\u00c9CRYPTAGE &#8211;<\/strong> Mardi, \u00e0 l\u2019Assembl\u00e9e nationale, la l\u00e9galisation d\u2019une aide \u00e0 mourir devrait pour la premi\u00e8re fois \u00eatre accept\u00e9e par des parlementaires.<\/p>\n<p class=\"fig-paragraph\">Un vote solennel pour un choix historique. Mardi, l\u2019Assembl\u00e9e nationale va trancher le d\u00e9bat hautement sensible de la<a href=\"http:\/\/www.lefigaro.fr\/actualite-france\/projet-de-loi-sur-la-fin-de-vie-des-eveques-denoncent-aupres-de-deputes-une-pente-infiniment-dangereuse-20250526\" data-fig-type=\"NewsFlash\" data-gtm-custom-categorie=\"navigation\" data-gtm-custom-action=\"crossclick\" data-gtm-custom-label=\"Contextuel\" data-gtm-event=\"customEventSPE\" data-fig-domain=\"LEFIGARO\" target=\"_blank\" rel=\"noopener\">\u00a0fin de vie<\/a>, \u00e0 la fois intime et anthropologique, m\u00e9dical et philosophique. Les d\u00e9put\u00e9s voteront \u00e9galement le texte d\u00e9di\u00e9 aux seuls soins palliatifs qui devrait \u00eatre adopt\u00e9 \u00e0 l\u2019unanimit\u00e9. \u00c0 l\u2019issue d\u2019un d\u00e9bat parlementaire de deux semaines, la l\u00e9galisation d\u2019une\u00a0<a href=\"http:\/\/www.lefigaro.fr\/actualite-france\/tu-n-as-jamais-eu-envie-de-te-suicider-la-lutte-des-personnes-handicapees-contre-l-aide-a-mourir-20250523\" data-fig-type=\"Article\" data-gtm-custom-categorie=\"navigation\" data-gtm-custom-action=\"crossclick\" data-gtm-custom-label=\"Contextuel\" data-gtm-event=\"customEventSPE\" data-fig-domain=\"LEFIGARO\" target=\"_blank\" rel=\"noopener\">aide \u00e0 mourir<\/a>\u00a0devrait pour la premi\u00e8re fois \u00eatre accept\u00e9e par des parlementaires. Une rupture. Ce ne serait cependant que la premi\u00e8re \u00e9tape d\u2019un texte qui devra par la suite \u00eatre examin\u00e9 au S\u00e9nat &#8211; fin septembre ou d\u00e9but octobre &#8211; et faire l\u2019objet d\u2019une deuxi\u00e8me lecture dans les deux chambres.<\/p>\n<p class=\"fig-paragraph\">Vendredi soir, Philippe Juvin, Patrick Hetzel et Thibault Bazin, les \u00ab\u00a0trois mousquetaires\u00a0\u00bb de LR, tel que les a ironiquement surnomm\u00e9s Hadrien Clouet (LFI), \u00e9taient encore au combat dans l\u2019H\u00e9micycle de l\u2019Assembl\u00e9e nationale. Ils avaient toutefois peu d\u2019espoir de voir la proposition de loi ouvrant \u00ab\u00a0l\u2019aide active \u00e0 mourir\u00a0\u00bb\u2026<\/p>\n<p class=\"fig-premium-paywall__infos\">\n        Cet article est r\u00e9serv\u00e9 aux abonn\u00e9s.        Il vous reste 86% \u00e0 d\u00e9couvrir.\n    <\/p>\n<p>                <img  data- alt=\"Le Figaro\" class=\"fig-img--complete fig-img\"\/><\/p>\n<p class=\"fig-premium-paywall__title\">Vente Flash<\/p>\n<p class=\"fig-premium-paywall__subtitle\">4,99\u20ac par mois pendant 12 mois. Sans engagement.<\/p>\n<p class=\"fig-premium-paywall__connect\">\n                D\u00e9j\u00e0 abonn\u00e9\u00a0?                <a class=\"fig-premium-paywall__connect-link\" href=\"https:\/\/connect.lefigaro.fr\/login?client=horizon_web&amp;type=main&amp;redirect_uri=https%3A%2F%2Fwww.lefigaro.fr%2Fpolitique%2Faide-a-mourir-vers-un-vote-historique-d-un-nouveau-droit-a-l-euthanasie-et-au-suicide-assiste-20250526\" data-js-gtm=\"{&quot;customCategorie&quot;: &quot;conversion&quot;, &quot;customAction&quot;: &quot;before_Landing_Connexion_paywall_auto&quot;, &quot;customLabel&quot;: &quot;bGVmaWdhcm8uZnJfXzFmMDNhMmFlLTQxNGYtNmE0Mi1hYWQyLTNkN2ZiNGU2ODJhMl9fQXJ0aWNsZQ==_Aide \u00e0 mourir\u00a0: vers un vote \u00abhistorique\u00bb d\u2019un nouveau droit \u00e0 l\u2019euthanasie et au suicide assist\u00e9_326&quot;, &quot;customIDSPE&quot;: &quot;bGVmaWdhcm8uZnJfXzFmMDNhMmFlLTQxNGYtNmE0Mi1hYWQyLTNkN2ZiNGU2ODJhMl9fQXJ0aWNsZQ==&quot;, &quot;event&quot;: &quot;customEventSPE&quot;}\" target=\"_blank\" rel=\"noopener\"><br \/>\n                    Connectez-vous<br \/>\n                <\/a>\n            <\/p>\n","protected":false},"excerpt":{"rendered":"D\u00c9CRYPTAGE &#8211; Mardi, \u00e0 l\u2019Assembl\u00e9e nationale, la l\u00e9galisation d\u2019une aide \u00e0 mourir devrait pour la premi\u00e8re fois \u00eatre&hellip;\n","protected":false},"author":2,"featured_media":131063,"comment_status":"","ping_status":"","sticky":false,"template":"","format":"standard","meta":{"footnotes":""},"categories":[2],"tags":[11,416,426,427,422,423,17193,1011,27,418,424,425,420,421,12,419,316,429,5748,428],"class_list":{"0":"post-131062","1":"post","2":"type-post","3":"status-publish","4":"format-standard","5":"has-post-thumbnail","7":"category-actualites","8":"tag-actualites","9":"tag-assemblee-nationale","10":"tag-candidat","11":"tag-candidats","12":"tag-depute","13":"tag-deputes","14":"tag-euthanasie","15":"tag-fr","16":"tag-france","17":"tag-gouvernement","18":"tag-institution","19":"tag-institutions","20":"tag-loi","21":"tag-lois","22":"tag-news","23":"tag-opposition","24":"tag-politique","25":"tag-ps","26":"tag-suicide","27":"tag-ump"},"share_on_mastodon":{"url":"https:\/\/pubeurope.com\/@fr\/114578247125651397","error":""},"_links":{"self":[{"href":"https:\/\/www.europesays.com\/fr\/wp-json\/wp\/v2\/posts\/131062","targetHints":{"allow":["GET"]}}],"collection":[{"href":"https:\/\/www.europesays.com\/fr\/wp-json\/wp\/v2\/posts"}],"about":[{"href":"https:\/\/www.europesays.com\/fr\/wp-json\/wp\/v2\/types\/post"}],"author":[{"embeddable":true,"href":"https:\/\/www.europesays.com\/fr\/wp-json\/wp\/v2\/users\/2"}],"replies":[{"embeddable":true,"href":"https:\/\/www.europesays.com\/fr\/wp-json\/wp\/v2\/comments?post=131062"}],"version-history":[{"count":0,"href":"https:\/\/www.europesays.com\/fr\/wp-json\/wp\/v2\/posts\/131062\/revisions"}],"wp:featuredmedia":[{"embeddable":true,"href":"https:\/\/www.europesays.com\/fr\/wp-json\/wp\/v2\/media\/131063"}],"wp:attachment":[{"href":"https:\/\/www.europesays.com\/fr\/wp-json\/wp\/v2\/media?parent=131062"}],"wp:term":[{"taxonomy":"category","embeddable":true,"href":"https:\/\/www.europesays.com\/fr\/wp-json\/wp\/v2\/categories?post=131062"},{"taxonomy":"post_tag","embeddable":true,"href":"https:\/\/www.europesays.com\/fr\/wp-json\/wp\/v2\/tags?post=131062"}],"curies":[{"name":"wp","href":"https:\/\/api.w.org\/{rel}","templated":true}]}}