{"id":131068,"date":"2025-05-27T05:56:08","date_gmt":"2025-05-27T05:56:08","guid":{"rendered":"https:\/\/www.europesays.com\/fr\/131068\/"},"modified":"2025-05-27T05:56:08","modified_gmt":"2025-05-27T05:56:08","slug":"letat-met-fin-definitivement-au-dispositif-oui-pub-teste-a-nancy-voici-pourquoi","status":"publish","type":"post","link":"https:\/\/www.europesays.com\/fr\/131068\/","title":{"rendered":"L&rsquo;Etat met fin d\u00e9finitivement au dispositif \u00ab\u00a0Oui Pub\u00a0\u00bb test\u00e9 \u00e0 Nancy : voici pourquoi"},"content":{"rendered":"<p>            Par<br \/>\n        <strong><br \/>\n            <a href=\"https:\/\/actu.fr\/auteur\/amandine-mehl\" title=\"Consulter tous les articles de Amandine Mehl\" rel=\"nofollow noopener\" target=\"_blank\">Amandine Mehl<\/a><br \/>\n        <\/strong><\/p>\n<p>        Publi\u00e9 le<\/p>\n<p>            27 mai 2025 \u00e0 7h02        <\/p>\n<p>Le 1er septembre 2022, avec 13 autres territoires, le <a href=\"https:\/\/actu.fr\/tag\/grand-nancy\" rel=\"nofollow noopener\" target=\"_blank\">Grand Nancy<\/a> participait \u00e0 l\u2019exp\u00e9rimentation du dispositif \u00ab\u00a0<a href=\"https:\/\/actu.fr\/grand-est\/nancy_54395\/l-operation-oui-pub-deployee-dans-le-grand-nancy-ce-que-ca-va-changer-pour-vous_47317585.html\" rel=\"nofollow noopener\" target=\"_blank\">Oui Pub<\/a>\u00ab\u00a0.\u00a0<\/p>\n<p class=\" wall-content\">Ce test, pr\u00e9vu pour durer jusqu\u2019en mai 2025, avait pour but d\u2019<strong>inverser la logique<\/strong> du \u00ab\u00a0<strong>Stop Pub<\/strong>\u00ab\u00a0. Toutefois, en d\u00e9pit d\u2019un bilan qu\u2019elle juge \u00ab\u00a0positif\u00a0\u00bb, la M\u00e9tropole annonce que le minist\u00e8re de la Transition \u00c9cologique <strong>a mis fin<\/strong> \u00e0 l\u2019exp\u00e9rimentation. On vous explique.<\/p>\n<p>La M\u00e9tropole du Grand Nancy dresse un bilan \u00ab\u00a0positif\u00a0\u00bb du \u00ab\u00a0Oui Pub\u00a0\u00bb<\/p>\n<p class=\" wall-content\">D\u2019apr\u00e8s la M\u00e9tropole, qui a dress\u00e9 le bilan, \u00ab\u00a0le taux moyen d\u2019apposition du \u00ab\u00a0Oui Pub\u00a0\u00bb sur les bo\u00eetes aux lettres est de <strong>23 %<\/strong>, <strong>contre 40 %<\/strong> pour l\u2019autocollant \u00ab\u00a0Stop Pub\u00a0\u00bb avant le d\u00e9but de l\u2019exp\u00e9rimentation\u00a0\u00bb.<\/p>\n<blockquote class=\"ac-article-quote wall-content\">\n<p>Si les quantit\u00e9s de papier collect\u00e9es \u00e9taient d\u00e9j\u00e0 en baisse depuis plusieurs ann\u00e9es, une acc\u00e9l\u00e9ration de la tendance a \u00e9t\u00e9 constat\u00e9e depuis le d\u00e9but de l\u2019exp\u00e9rimentation avec une baisse de pr\u00e8s de 22\u2009% des tonnages collect\u00e9s entre 2021 et 2024. Au niveau national, 63\u2009% des personnes interrog\u00e9es se sont dites favorables au \u00ab\u00a0Oui Pub\u00a0\u00bb.<\/p>\n<p>    <strong>M\u00e9tropole du Grand Nancy<\/strong>\n            <\/p><\/blockquote>\n<p>Le retour du \u00ab\u00a0Stop Pub\u00a0\u00bb dans le Grand Nancy<\/p>\n<p class=\" wall-content\">Une position que le minist\u00e8re de la Transition Ecologique ne partage pas, donc, puisque l\u2019exp\u00e9rimentation a pris fin au motif d\u2019un \u00ab\u00a0<strong>retour nuanc\u00e9 et sans conclusion unanime<\/strong>\u00a0\u00bb du rapport d\u2019\u00e9valuation.<\/p>\n<p>Vid\u00e9os : en ce moment sur Actu<\/p>\n<p class=\" wall-content\">Faute de base l\u00e9gale, le \u00ab\u00a0Oui Pub\u00a0\u00bb n\u2019est ainsi <strong>plus op\u00e9rationnel<\/strong> et les collectivit\u00e9s ne sont plus habilit\u00e9es \u00e0 communiquer sur le dispositif, fait savoir la M\u00e9tropole. Par cons\u00e9quent, les habitants <strong>qui ne souhaitent pas<\/strong> recevoir d\u2019imprim\u00e9s publicitaires <strong>doivent de nouveau apposer la mention \u00ab\u00a0Stop Pub\u00a0\u00bb<\/strong> sur leur bo\u00eete aux lettres.<\/p>\n<p class=\" wall-content\">\u00c0 noter que des <strong>autocollants<\/strong> sont mis \u00e0 disposition, <strong>gratuitement<\/strong>, dans les mairies des communes du Grand Nancy ainsi qu\u2019\u00e0 la Maison de l\u2019habitat et du d\u00e9veloppement durable du Grand Nancy.<\/p>\n<p class=\" wall-content\">Suivez toute l\u2019actualit\u00e9 de vos villes et m\u00e9dias favoris en vous inscrivant \u00e0 <a href=\"https:\/\/moncompte.actu.fr\" title=\"D\u00e9couvez Mon Actu\" rel=\"nofollow noopener\" data-trk=\"{&quot;cta&quot;:{&quot;action&quot;:&quot;https:\\\/\\\/moncompte.actu.fr&quot;,&quot;category&quot;:&quot;mon compte&quot;,&quot;from&quot;:&quot;article footer&quot;,&quot;name&quot;:&quot;Mon actu&quot;,&quot;type&quot;:&quot;cta&quot;}}\" target=\"_blank\">Mon Actu<\/a>.<\/p>\n","protected":false},"excerpt":{"rendered":"Par Amandine Mehl Publi\u00e9 le 27 mai 2025 \u00e0 7h02 Le 1er septembre 2022, avec 13 autres territoires,&hellip;\n","protected":false},"author":2,"featured_media":131069,"comment_status":"","ping_status":"","sticky":false,"template":"","format":"standard","meta":{"footnotes":""},"categories":[9635],"tags":[1111,11,1777,674,1011,27,775,10375,1702,12,25,104],"class_list":{"0":"post-131068","1":"post","2":"type-post","3":"status-publish","4":"format-standard","5":"has-post-thumbnail","7":"category-nancy","8":"tag-actu","9":"tag-actualites","10":"tag-eu","11":"tag-europe","12":"tag-fr","13":"tag-france","14":"tag-grand-est","15":"tag-grand-nancy","16":"tag-nancy","17":"tag-news","18":"tag-republique-francaise","19":"tag-societe"},"share_on_mastodon":{"url":"https:\/\/pubeurope.com\/@fr\/114578258890671688","error":""},"_links":{"self":[{"href":"https:\/\/www.europesays.com\/fr\/wp-json\/wp\/v2\/posts\/131068","targetHints":{"allow":["GET"]}}],"collection":[{"href":"https:\/\/www.europesays.com\/fr\/wp-json\/wp\/v2\/posts"}],"about":[{"href":"https:\/\/www.europesays.com\/fr\/wp-json\/wp\/v2\/types\/post"}],"author":[{"embeddable":true,"href":"https:\/\/www.europesays.com\/fr\/wp-json\/wp\/v2\/users\/2"}],"replies":[{"embeddable":true,"href":"https:\/\/www.europesays.com\/fr\/wp-json\/wp\/v2\/comments?post=131068"}],"version-history":[{"count":0,"href":"https:\/\/www.europesays.com\/fr\/wp-json\/wp\/v2\/posts\/131068\/revisions"}],"wp:featuredmedia":[{"embeddable":true,"href":"https:\/\/www.europesays.com\/fr\/wp-json\/wp\/v2\/media\/131069"}],"wp:attachment":[{"href":"https:\/\/www.europesays.com\/fr\/wp-json\/wp\/v2\/media?parent=131068"}],"wp:term":[{"taxonomy":"category","embeddable":true,"href":"https:\/\/www.europesays.com\/fr\/wp-json\/wp\/v2\/categories?post=131068"},{"taxonomy":"post_tag","embeddable":true,"href":"https:\/\/www.europesays.com\/fr\/wp-json\/wp\/v2\/tags?post=131068"}],"curies":[{"name":"wp","href":"https:\/\/api.w.org\/{rel}","templated":true}]}}