{"id":131079,"date":"2025-05-27T06:05:11","date_gmt":"2025-05-27T06:05:11","guid":{"rendered":"https:\/\/www.europesays.com\/fr\/131079\/"},"modified":"2025-05-27T06:05:11","modified_gmt":"2025-05-27T06:05:11","slug":"le-proces-de-lauteur-de-bd-bastien-vives-pour-diffusion-dimages-pedopornographiques-debute-ce-mardi-la-maison-grenobloise-glenat-egalement-poursuivie","status":"publish","type":"post","link":"https:\/\/www.europesays.com\/fr\/131079\/","title":{"rendered":"Le proc\u00e8s de l\u2019auteur de BD Bastien Viv\u00e8s pour diffusion d\u2019images p\u00e9dopornographiques d\u00e9bute ce mardi, la maison grenobloise Gl\u00e9nat \u00e9galement poursuivie"},"content":{"rendered":"<p itemprop=\"description\"><strong>Poursuivi pour fixation et transmission en vue de la diffusion d\u2019images \u00e0 caract\u00e8re p\u00e9dopornographique, l\u2019auteur de bandes dessin\u00e9es, Bastien Viv\u00e8s, va \u00eatre jug\u00e9 cette semaine.<\/strong><\/p>\n<p>La maison d&rsquo;\u00e9dition grenobloise Gl\u00e9nat est aussi dans le viseur de la justice.<\/p>\n<p>Ce mardi 27 mai sonne le d\u00e9but du proc\u00e8s de Bastien Viv\u00e8s, c\u00e9l\u00e8bre auteur de bandes dessin\u00e9es (Polina, Le Go\u00fbt du Chlore), et de ses \u00e9diteurs, la maison grenobloise Gl\u00e9nat et Les Requins Marteaux.<\/p>\n<p>Au tribunal correctionnel de Nanterre (Hauts-de-Seine), l\u2019artiste de 41 ans doit \u00eatre jug\u00e9 pour fixation et transmission en vue de la diffusion d&rsquo;images \u00e0 caract\u00e8re p\u00e9dopornographique dans ses albums \u00ab\u00a0Petit Paul\u00a0\u00bb et \u00ab\u00a0La d\u00e9charge mentale\u00a0\u00bb, tandis que ses maisons d\u2019\u00e9ditions doivent l\u2019\u00eatre pour diffusion d\u2019images de mineurs \u00e0 caract\u00e8re pornographique.<\/p>\n<p>La maison d\u2019\u00e9dition grenobloise a estim\u00e9 que le premier album, \u00ab\u00a0Petit Paul\u00a0\u00bb, n\u2019avait \u00ab\u00a0jamais eu pour vocation de d\u00e9dramatiser, favoriser ou l\u00e9gitimer l&rsquo;abus de mineur de quelque mani\u00e8re que ce soit.\u00a0\u00bb<\/p>\n<p>Le proc\u00e8s Viv\u00e8s devrait donc durer pendant deux journ\u00e9es au sein du tribunal correctionnel de Nanterre.<\/p>\n","protected":false},"excerpt":{"rendered":"Poursuivi pour fixation et transmission en vue de la diffusion d\u2019images \u00e0 caract\u00e8re p\u00e9dopornographique, l\u2019auteur de bandes dessin\u00e9es,&hellip;\n","protected":false},"author":2,"featured_media":131080,"comment_status":"","ping_status":"","sticky":false,"template":"","format":"standard","meta":{"footnotes":""},"categories":[9566],"tags":[1111,11,7733,8279,2430,7736,650,7734,2889,2263,1777,674,1011,27,2731,8280,6417,1114,108,4662,12,3725,1825,25,7737],"class_list":{"0":"post-131079","1":"post","2":"type-post","3":"status-publish","4":"format-standard","5":"has-post-thumbnail","7":"category-grenoble","8":"tag-actu","9":"tag-actualites","10":"tag-alpes","11":"tag-alpes1","12":"tag-auvergne-rhone-alpes","13":"tag-cds","14":"tag-cinema","15":"tag-ecoute","16":"tag-emission","17":"tag-equipe","18":"tag-eu","19":"tag-europe","20":"tag-fr","21":"tag-france","22":"tag-grenoble","23":"tag-haute","24":"tag-information","25":"tag-infos","26":"tag-isere","27":"tag-journal","28":"tag-news","29":"tag-podcast","30":"tag-radio","31":"tag-republique-francaise","32":"tag-winamp"},"share_on_mastodon":{"url":"https:\/\/pubeurope.com\/@fr\/114578294272687302","error":""},"_links":{"self":[{"href":"https:\/\/www.europesays.com\/fr\/wp-json\/wp\/v2\/posts\/131079","targetHints":{"allow":["GET"]}}],"collection":[{"href":"https:\/\/www.europesays.com\/fr\/wp-json\/wp\/v2\/posts"}],"about":[{"href":"https:\/\/www.europesays.com\/fr\/wp-json\/wp\/v2\/types\/post"}],"author":[{"embeddable":true,"href":"https:\/\/www.europesays.com\/fr\/wp-json\/wp\/v2\/users\/2"}],"replies":[{"embeddable":true,"href":"https:\/\/www.europesays.com\/fr\/wp-json\/wp\/v2\/comments?post=131079"}],"version-history":[{"count":0,"href":"https:\/\/www.europesays.com\/fr\/wp-json\/wp\/v2\/posts\/131079\/revisions"}],"wp:featuredmedia":[{"embeddable":true,"href":"https:\/\/www.europesays.com\/fr\/wp-json\/wp\/v2\/media\/131080"}],"wp:attachment":[{"href":"https:\/\/www.europesays.com\/fr\/wp-json\/wp\/v2\/media?parent=131079"}],"wp:term":[{"taxonomy":"category","embeddable":true,"href":"https:\/\/www.europesays.com\/fr\/wp-json\/wp\/v2\/categories?post=131079"},{"taxonomy":"post_tag","embeddable":true,"href":"https:\/\/www.europesays.com\/fr\/wp-json\/wp\/v2\/tags?post=131079"}],"curies":[{"name":"wp","href":"https:\/\/api.w.org\/{rel}","templated":true}]}}