{"id":131083,"date":"2025-05-27T06:07:13","date_gmt":"2025-05-27T06:07:13","guid":{"rendered":"https:\/\/www.europesays.com\/fr\/131083\/"},"modified":"2025-05-27T06:07:13","modified_gmt":"2025-05-27T06:07:13","slug":"mobiliser-les-rennais-qui-veulent-que-ca-change-a-moins-dun-an-des-municipales-les-oppositions-lancent-les-hostilites","status":"publish","type":"post","link":"https:\/\/www.europesays.com\/fr\/131083\/","title":{"rendered":"\u201cMobiliser les Rennais qui veulent que \u00e7a change\u201d\u00a0: \u00e0 moins d\u2019un an des municipales, les oppositions lancent les hostilit\u00e9s"},"content":{"rendered":"<p>Vertes, bleues et framboises. Les affiches sont barr\u00e9es d\u2019un slogan : \u00ab\u00a0Dans 300 jours, vous d\u00e9ciderez comment vivre Rennes !\u201d Dans la soir\u00e9e de ce lundi 26 mai, une cinquantaine de militants, r\u00e9partis en douze \u00e9quipes, ont sorti colle et pinceaux pour marquer le premier acte de la campagne aux municipales de l\u2019opposition rennaise. Objectif ? Mettre fin au r\u00e8gne de la gauche, \u00e0 la t\u00eate de la capitale bretonne depuis 1977, en mars prochain. <\/p>\n<p>\u00ab\u00a0Interpeller les Rennais\u00a0\u00bb<\/p>\n<p>Selon ses promoteurs, cette initiative est port\u00e9e par un collectif d\u2019habitants qui ont rejoint les deux groupes d\u2019opposition sortants (qui travaillent ensemble \u00e0 la M\u00e9tropole) : R\u00e9v\u00e9ler Rennes, emmen\u00e9 par Carole Gandon et Libres d\u2019agir pour Rennes, dont le chef de file est Charles Compagnon. La campagne est \u00e9galement soutenue par plusieurs formations politiques, membres ou proche du \u00ab\u00a0socle commun\u00a0\u00bb \u00e0 Paris : Horizons, le MoDem, l\u2019UDI, Territoires de progr\u00e8s et le Parti breton. <\/p>\n<p>Son objectif ? \u00ab Interpeller les Rennais, les bousculer, les faire r\u00e9agir et les \u00e9couter, r\u00e9sume Carole Gandon. Nous cherchons \u00e0 mobiliser celles et ceux qui souhaitent une alternance d\u00e9mocratique l\u2019ann\u00e9e prochaine. Nous voulons aussi recueillir un maximum de contributions pour nourrir un programme d\u2019alternance, qui part des habitants. Nous sommes l\u00e0 pour \u00e9couter.\u00a0\u00bb <\/p>\n<p>D\u00e9sincarnation <\/p>\n<p>Sur les affiches placard\u00e9es, aucune \u00ab trombine \u00bb n\u2019est expos\u00e9e. La d\u00e9marche se veut \u00ab\u00a0collective\u00a0\u00bb, \u00ab\u00a0transpartisane\u00a0\u00bb et &#8211; donc &#8211; d\u00e9sincarn\u00e9e. \u00ab\u00a0Cette initiative est un pr\u00e9alable \u00e0 la vraie campagne aux municipales qui d\u00e9butera \u00e0 l\u2019automne\u00a0\u00bb, pr\u00e9cise la cheffe de file de R\u00e9v\u00e9ler Rennes.\ufeff <\/p>\n<p>Du c\u00f4t\u00e9 de Charles Compagnon, le son de cloche est analogue. \u00ab Un grand rassemblement est n\u00e9cessaire pour cr\u00e9er les conditions de cette respiration d\u00e9mocratique, attendue par beaucoup et que je souhaite de mes v\u0153ux. Vivre Rennes est une plateforme que toutes les personnes qui aspirent \u00e0 cette respiration peuvent rejoindre pour participer, contribuer, cr\u00e9er, militer. \u00bb <\/p>\n<p>\u00ab\u00a0Une autre voie est possible\u00a0\u00bb<\/p>\n<p>Pour les deux opposants de la maire, Nathalie App\u00e9r\u00e9, il s\u2019agit de mobiliser et de lutter contre toute forme de \u00ab\u00a0r\u00e9signation\u00a0\u00bb. \u00ab\u00a0Nous nous adressons aussi \u00e0 ceux qui n\u2018\u00a0y croient plus. Ceux qui pensent que, \u00e7a fait 50 ans qu\u2019une m\u00eame famille gouverne la ville et que cela va encore durer 50 ans, tacle Charles Compagnon. Nous voulons interpeller les Rennais en leur disant que, si vous voulez autre chose, une autre voie est possible. \u00bb<\/p>\n","protected":false},"excerpt":{"rendered":"Vertes, bleues et framboises. Les affiches sont barr\u00e9es d\u2019un slogan : \u00ab\u00a0Dans 300 jours, vous d\u00e9ciderez comment vivre&hellip;\n","protected":false},"author":2,"featured_media":131084,"comment_status":"","ping_status":"","sticky":false,"template":"","format":"standard","meta":{"footnotes":""},"categories":[2821],"tags":[1111,11,829,1777,674,1011,27,12,3364,584,25],"class_list":{"0":"post-131083","1":"post","2":"type-post","3":"status-publish","4":"format-standard","5":"has-post-thumbnail","7":"category-rennes","8":"tag-actu","9":"tag-actualites","10":"tag-bretagne","11":"tag-eu","12":"tag-europe","13":"tag-fr","14":"tag-france","15":"tag-news","16":"tag-politique-a-rennes","17":"tag-rennes","18":"tag-republique-francaise"},"share_on_mastodon":{"url":"https:\/\/pubeurope.com\/@fr\/114578302136081031","error":""},"_links":{"self":[{"href":"https:\/\/www.europesays.com\/fr\/wp-json\/wp\/v2\/posts\/131083","targetHints":{"allow":["GET"]}}],"collection":[{"href":"https:\/\/www.europesays.com\/fr\/wp-json\/wp\/v2\/posts"}],"about":[{"href":"https:\/\/www.europesays.com\/fr\/wp-json\/wp\/v2\/types\/post"}],"author":[{"embeddable":true,"href":"https:\/\/www.europesays.com\/fr\/wp-json\/wp\/v2\/users\/2"}],"replies":[{"embeddable":true,"href":"https:\/\/www.europesays.com\/fr\/wp-json\/wp\/v2\/comments?post=131083"}],"version-history":[{"count":0,"href":"https:\/\/www.europesays.com\/fr\/wp-json\/wp\/v2\/posts\/131083\/revisions"}],"wp:featuredmedia":[{"embeddable":true,"href":"https:\/\/www.europesays.com\/fr\/wp-json\/wp\/v2\/media\/131084"}],"wp:attachment":[{"href":"https:\/\/www.europesays.com\/fr\/wp-json\/wp\/v2\/media?parent=131083"}],"wp:term":[{"taxonomy":"category","embeddable":true,"href":"https:\/\/www.europesays.com\/fr\/wp-json\/wp\/v2\/categories?post=131083"},{"taxonomy":"post_tag","embeddable":true,"href":"https:\/\/www.europesays.com\/fr\/wp-json\/wp\/v2\/tags?post=131083"}],"curies":[{"name":"wp","href":"https:\/\/api.w.org\/{rel}","templated":true}]}}