{"id":131087,"date":"2025-05-27T06:09:09","date_gmt":"2025-05-27T06:09:09","guid":{"rendered":"https:\/\/www.europesays.com\/fr\/131087\/"},"modified":"2025-05-27T06:09:09","modified_gmt":"2025-05-27T06:09:09","slug":"alsace-habitat-debloque-une-aide-de-116-000-euros","status":"publish","type":"post","link":"https:\/\/www.europesays.com\/fr\/131087\/","title":{"rendered":"Alsace Habitat d\u00e9bloque une aide de 116\u00a0000\u00a0euros"},"content":{"rendered":"<p>Le conseil d\u2019administration d\u2019Alsace Habitat a d\u00e9bloqu\u00e9 un fonds d\u2019aide de 116\u00a0000\u00a0\u20ac dont 40\u00a0000\u00a0\u20ac seront fl\u00e9ch\u00e9s aux locataires de Schiltigheim, a annonc\u00e9 <a href=\"https:\/\/www.dna.fr\/politique\/2025\/04\/09\/alsace-habitat-danielle-dambach-ecrit-a-frederic-bierry-pour-avoir-des-reponses-concretes\" target=\"_blank\" rel=\"noopener\"> la maire de la commune Danielle Dambach<\/a> , en introduction du dernier conseil municipal, mardi 20\u00a0mai.<\/p>\n<p>D\u00e9but 2024, face \u00e0 une situation similaire, le bailleur alsacien avait annonc\u00e9 une aide de 430\u00a0000\u00a0\u20ac pour att\u00e9nuer la hausse des charges locatives. Aussit\u00f4t <a href=\"https:\/\/www.dna.fr\/social\/2024\/02\/28\/rappel-de-charges-l-aide-d-alsace-habitat-jugee-insuffisante-par-les-locataires\" target=\"_blank\" rel=\"noopener\">jug\u00e9e insuffisante<\/a> par le collectif des locataires d\u2019Alsace Habitat, mobilis\u00e9 dans les quartiers schilikois des \u00c9crivains et du Marais contre la hausse jug\u00e9e excessive des rappels de charges.<\/p>\n<p>  Examen des charges d\u00e8s juillet<\/p>\n<p>Cette ann\u00e9e, une partie de l\u2019aide prendra donc la forme de r\u00e9gularisations pour 55 locataires schilikois, dont les charges seront plafonn\u00e9es \u00e0 2\u00a0000\u00a0euros. \u00ab\u00a0Si leur montant d\u00e9passe cette somme, le surplus est automatiquement transform\u00e9 en avoir sur le compte du locataire\u00a0\u00bb, explique <a href=\"https:\/\/www.dna.fr\/p\/danielle-dambach\" target=\"_blank\" rel=\"noopener\">Danielle Dambach<\/a>. L\u2019information a \u00e9t\u00e9 confirm\u00e9e par Alsace Habitat.<\/p>\n<p>Par ailleurs, le bailleur s\u2019est engag\u00e9 \u00e0 r\u00e9examiner les charges de 2024 d\u00e8s le mois de juillet\u00a02025, a \u00e9galement annonc\u00e9 la maire de Schiltigheim. Et, ce, alors que les rappels de charge arrivent habituellement en d\u00e9cembre, \u00ab\u00a0car nous avons eu les montants des boucliers tarifaires tardivement\u00a0\u00bb, compl\u00e8te le directeur g\u00e9n\u00e9ral d\u2019Alsace Habitat, Francis Bentz. L\u2019absence du bouclier tarifaire cette ann\u00e9e permet au bailleur d\u2019examiner les charges plus t\u00f4t.<\/p>\n<p>\u00ab\u00a0Nous avons demand\u00e9 que l\u2019ensemble des factures soit fourni aux associations repr\u00e9sentatives des locataires\u00a0\u00bb, a aussi indiqu\u00e9 l\u2019\u00e9dile schilikoise. \u00ab\u00a0Impossible\u00a0\u00bb, r\u00e9pond le bailleur. \u00ab\u00a0Nous avons des milliers de factures, nous ne pouvons pas toutes les envoyer\u00a0\u00bb, r\u00e9agit Francis Bentz. R\u00e9guli\u00e8rement critiqu\u00e9 pour son manque de transparence et de communication, le directeur g\u00e9n\u00e9ral garantit toutefois \u00ab\u00a0ne jamais avoir refus\u00e9 aux gens de consulter des factures\u00a0\u00bb.<\/p>\n<p>  La maire porte plainte \u00e0 la suite des perturbations du dernier conseil<\/p>\n<p>Autre engagement, c\u00f4t\u00e9 Schiltigheim\u00a0: le centre communal d\u2019action sociale (CCAS) cherche \u00e0 identifier les locataires avec des r\u00e9gularisations de charges \u00ab\u00a0anormales\u00a0\u00bb. \u00ab\u00a0Cela permettra un traitement plus cibl\u00e9 des situations, en lien avec le bailleur\u00a0\u00bb.<\/p>\n<p>Danielle Dambach est aussi revenue sur la s\u00e9ance du conseil du 1er\u00a0 avril, <a href=\"https:\/\/www.dna.fr\/politique\/2025\/04\/02\/conseil-municipal-une-seance-perturbee-par-des-locataires-d-alsace-habitat-en-colere\" target=\"_blank\" rel=\"noopener\">perturb\u00e9e par des membres du collectif<\/a> , venus demander le soutien de la Ville. La s\u00e9ance avait d\u00fb \u00eatre suspendue. Une plainte a \u00e9t\u00e9 d\u00e9pos\u00e9e par la Ville aupr\u00e8s de la procureure g\u00e9n\u00e9rale pour \u00ab\u00a0menaces\u00a0\u00bb.<\/p>\n<p>\u00ab\u00a0Le comportement de Rapha\u00ebl Rodrigues a \u00e9t\u00e9 port\u00e9 \u00e0 la connaissance [de la procureure]\u00a0\u00bb, pr\u00e9cise la Ville aux DNA.<\/p>\n<p>Avec cette plainte, la \u00ab\u00a0victoire\u00a0\u00bb de cette nouvelle aide d\u00e9bloqu\u00e9e a un go\u00fbt amer pour le collectif des locataires schilikois. \u00ab\u00a0Au lieu de f\u00e9liciter le collectif qui a manifest\u00e9 dans le calme lors du dernier conseil, [la maire] indique gravement qu\u2019une plainte est en cours d\u2019instruction\u00a0\u00bb, a r\u00e9agi Rapha\u00ebl Rodrigues, \u00e9lu d\u2019opposition et soutien du mouvement, sur son compte Facebook. \u00ab\u00a0On se pose des questions par rapport \u00e0 notre libert\u00e9 de manifester\u00a0\u00bb, compl\u00e8te le pr\u00e9sident du collectif, Milloud Bellahcene, candidat potentiel aux prochaines \u00e9lections municipales, sur une liste citoyenne avec Rapha\u00ebl Rodrigues.<\/p>\n<p>Si cette aide \u00ab\u00a0va dans le bon sens\u00a0\u00bb, \u00ab\u00a0l\u2019ampleur du pr\u00e9judice cr\u00e9\u00e9 par les choix de gestion d\u2019Alsace Habitat n\u2019est pas fix\u00e9e \u00e0 ce jour\u00a0\u00bb, commente de son c\u00f4t\u00e9 Fran\u00e7ois Bilem, pr\u00e9sident bas-rhinois de l\u2019association des consommateurs de la CGT, <a href=\"https:\/\/www.dna.fr\/social\/2025\/05\/10\/rappel-de-charges-l-association-des-consommateurs-de-la-cgt-interpelle-alsace-habitat\" target=\"_blank\" rel=\"noopener\">qui avait interpell\u00e9 le bailleur<\/a> , d\u00e9but mai. Il demande \u00ab\u00a0la prise en charge int\u00e9grale des rappels de charges 2023 pour Alsace Habitat\u00a0\u00bb ainsi que la mise en place d\u2019une \u00ab\u00a0commission d\u2019enqu\u00eate sur les raisons de cette situation d\u00e9sastreuse\u00a0\u00bb.<\/p>\n","protected":false},"excerpt":{"rendered":"Le conseil d\u2019administration d\u2019Alsace Habitat a d\u00e9bloqu\u00e9 un fonds d\u2019aide de 116\u00a0000\u00a0\u20ac dont 40\u00a0000\u00a0\u20ac seront fl\u00e9ch\u00e9s aux locataires&hellip;\n","protected":false},"author":2,"featured_media":131088,"comment_status":"","ping_status":"","sticky":false,"template":"","format":"standard","meta":{"footnotes":""},"categories":[2820],"tags":[1111,11,33,2880,1777,674,107,1011,27,775,1908,12,2922,25,5512,104,640,3265],"class_list":{"0":"post-131087","1":"post","2":"type-post","3":"status-publish","4":"format-standard","5":"has-post-thumbnail","7":"category-strasbourg","8":"tag-actu","9":"tag-actualites","10":"tag-economie","11":"tag-edition-strasbourg","12":"tag-eu","13":"tag-europe","14":"tag-fil-info","15":"tag-fr","16":"tag-france","17":"tag-grand-est","18":"tag-logement","19":"tag-news","20":"tag-pouvoir-dachat","21":"tag-republique-francaise","22":"tag-schiltigheim","23":"tag-societe","24":"tag-strasbourg","25":"tag-strasbourg-nord"},"share_on_mastodon":{"url":"https:\/\/pubeurope.com\/@fr\/114578310045427739","error":""},"_links":{"self":[{"href":"https:\/\/www.europesays.com\/fr\/wp-json\/wp\/v2\/posts\/131087","targetHints":{"allow":["GET"]}}],"collection":[{"href":"https:\/\/www.europesays.com\/fr\/wp-json\/wp\/v2\/posts"}],"about":[{"href":"https:\/\/www.europesays.com\/fr\/wp-json\/wp\/v2\/types\/post"}],"author":[{"embeddable":true,"href":"https:\/\/www.europesays.com\/fr\/wp-json\/wp\/v2\/users\/2"}],"replies":[{"embeddable":true,"href":"https:\/\/www.europesays.com\/fr\/wp-json\/wp\/v2\/comments?post=131087"}],"version-history":[{"count":0,"href":"https:\/\/www.europesays.com\/fr\/wp-json\/wp\/v2\/posts\/131087\/revisions"}],"wp:featuredmedia":[{"embeddable":true,"href":"https:\/\/www.europesays.com\/fr\/wp-json\/wp\/v2\/media\/131088"}],"wp:attachment":[{"href":"https:\/\/www.europesays.com\/fr\/wp-json\/wp\/v2\/media?parent=131087"}],"wp:term":[{"taxonomy":"category","embeddable":true,"href":"https:\/\/www.europesays.com\/fr\/wp-json\/wp\/v2\/categories?post=131087"},{"taxonomy":"post_tag","embeddable":true,"href":"https:\/\/www.europesays.com\/fr\/wp-json\/wp\/v2\/tags?post=131087"}],"curies":[{"name":"wp","href":"https:\/\/api.w.org\/{rel}","templated":true}]}}