{"id":131095,"date":"2025-05-27T06:13:17","date_gmt":"2025-05-27T06:13:17","guid":{"rendered":"https:\/\/www.europesays.com\/fr\/131095\/"},"modified":"2025-05-27T06:13:17","modified_gmt":"2025-05-27T06:13:17","slug":"apres-les-violences-laccalmie-mais-pour-combien-de-temps","status":"publish","type":"post","link":"https:\/\/www.europesays.com\/fr\/131095\/","title":{"rendered":"apr\u00e8s les violences, l\u2019accalmie&#8230; mais pour combien de temps\u00a0?"},"content":{"rendered":"<p>Les riverains des quartiers nord de la cit\u00e9 des ducs observent une accalmie dans les violences qui ont marqu\u00e9 l\u2019hiver, mais craignent que les guerres entre narcotrafiquants ne reprennent une fois la police repartie.<\/p>\n<p class=\"fig-paragraph\">M\u00eame la maire socialiste de Nantes,\u00a0<a href=\"http:\/\/www.lefigaro.fr\/vox\/societe\/explosion-de-l-insecurite-ecologie-punitive-johanna-rolland-est-a-nantes-ce-qu-anne-hidalgo-est-a-paris-20240327\" target=\"_blank\" data-fig-type=\"Article\" rel=\"noopener\" data-gtm-custom-categorie=\"navigation\" data-gtm-custom-action=\"crossclick\" data-gtm-custom-label=\"Contextuel\" data-gtm-event=\"customEventSPE\" data-fig-domain=\"LEFIGARO\">Johanna Rolland<\/a>, a fait le d\u00e9placement. Samedi 24 mai, l\u2019animation bon enfant d\u2019un \u00abbanquet citoyen\u00bb a \u00e9gay\u00e9 un tron\u00e7on de la route de la Chapelle, situ\u00e9 aux pieds des barres d\u2019immeubles des quartiers nord. Quelques centaines d\u2019habitants ont partag\u00e9 un repas et quelques animations festives organis\u00e9es pour \u00abreprendre le contr\u00f4le\u00bb\u00a0<a href=\"http:\/\/www.lefigaro.fr\/nantes\/ils-ont-pris-le-controle-de-tout-a-nantes-le-cri-de-detresse-des-residents-d-un-quartier-gangrene-par-le-trafic-de-drogue-20250116\" target=\"_blank\" data-fig-type=\"NewsFlash\" rel=\"noopener\" data-gtm-custom-categorie=\"navigation\" data-gtm-custom-action=\"crossclick\" data-gtm-custom-label=\"Contextuel\" data-gtm-event=\"customEventSPE\" data-fig-domain=\"LEFIGARO\">d\u2019un secteur gangren\u00e9 par le narcotrafic<\/a>. Du pain b\u00e9nit pour l\u2019\u00e9dile de la cit\u00e9 des ducs, qui d\u00e9fend depuis quelques semaines, quartier apr\u00e8s quartier, le bilan de dix ann\u00e9es pass\u00e9es \u00e0 la t\u00eate de la sixi\u00e8me ville de France. \u00abMerci pour ce beau moment de convivialit\u00e9\u00a0!\u00bb, a-t-elle adress\u00e9 aux organisateurs de l\u2019\u00e9v\u00e9nement. Quelques heures plus tard, apr\u00e8s le d\u00e9part de l\u2019\u00e9lue, les braillements nocturnes ont repris de plus bel. \u00abAcab\u00a0! Acab\u00a0!\u00bb &#8211; autrement dit, \u00ab<a href=\"https:\/\/www.lefigaro.fr\/actualite-france\/d-ou-vient-le-slogan-acab-20191206\" target=\"_blank\" data-fig-type=\"Article\" rel=\"noopener\" data-gtm-custom-categorie=\"navigation\" data-gtm-custom-action=\"crossclick\" data-gtm-custom-label=\"Contextuel\" data-gtm-event=\"customEventSPE\" data-fig-domain=\"LEFIGARO\">Tous les flics sont des b\u00e2tards<\/a> \u00bb.<\/p>\n<p class=\"fig-paragraph\">Dans le quartier, rares sont les patrouilles des forces de l\u2019ordre \u00e0 ne pas \u00eatre accueillies et suivies de vocif\u00e9rations antiflics. Autant de cris qui permettent aux trafiquants de suivre les fonctionnaires \u00e0 la trace. Ces derniers temps, les hurlements ont fendu l\u2019air des quartiers nord plusieurs fois par jour &#8211; contre deux ou trois fois par semaine, d\u2019ordinaire. Des nuisances sonores particuli\u00e8rement p\u00e9nibles pour les riverains, contraints d\u2019endurer ces gazouillis anxiog\u00e8nes, effet secondaire des patrouilles. \u00abC\u2019est invivable. Les cris r\u00e9sonnent entre les tours et effraient les enfants. D\u00e8s qu\u2019il fait chaud, la nuit, nous craignons d\u2019ouvrir nos fen\u00eatres\u00bb, d\u00e9crit Daniel, membre du collectif du 24 mai, \u00e0 l\u2019origine du banquet partag\u00e9 du week-end. Paradoxalement, malgr\u00e9 les mugissements accrus, une accalmie r\u00e8gne sur le quartier, fait-il savoir, en r\u00e9sumant les \u00e9changes tenus lors du repas partag\u00e9 du week-end.<\/p>\n<p>\u00abOn a conquis le terrain, et on ne l\u00e2chera pas\u00bb<\/p>\n<p class=\"fig-paragraph\">L\u2019hiver dernier, les deux bandes rivales du quartier se sont laiss\u00e9es entra\u00eener dans une spirale de r\u00e8glements de comptes. Plusieurs bless\u00e9s ont \u00e9t\u00e9 pris en charge\u00a0<a href=\"http:\/\/www.lefigaro.fr\/nantes\/nantes-trois-individus-blesses-par-balles-au-niveau-d-un-point-de-deal-20250106\" target=\"_blank\" data-fig-type=\"NewsFlash\" rel=\"noopener\" data-gtm-custom-categorie=\"navigation\" data-gtm-custom-action=\"crossclick\" data-gtm-custom-label=\"Contextuel\" data-gtm-event=\"customEventSPE\" data-fig-domain=\"LEFIGARO\">apr\u00e8s des attaques \u00e0 armes \u00e0 feu<\/a>. Des kalachnikovs ont \u00e9t\u00e9 de sortie. Dans la foul\u00e9e des violences, le ministre de l\u2019Int\u00e9rieur,\u00a0<a href=\"http:\/\/www.lefigaro.fr\/actualite-france\/bruno-retailleau-devoile-son-organisation-pour-s-attaquer-aux-ecosystemes-islamistes-20250526\" target=\"_blank\" data-fig-type=\"NewsFlash\" rel=\"noopener\" data-gtm-custom-categorie=\"navigation\" data-gtm-custom-action=\"crossclick\" data-gtm-custom-label=\"Contextuel\" data-gtm-event=\"customEventSPE\" data-fig-domain=\"LEFIGARO\">Bruno Retailleau<\/a>, s\u2019est\u00a0<a href=\"http:\/\/www.lefigaro.fr\/nantes\/des-renforts-de-police-annonces-a-nantes-mais-aucun-chiffre-precis-encore-communique-20250114\" target=\"_blank\" data-fig-type=\"NewsFlash\" rel=\"noopener\" data-gtm-custom-categorie=\"navigation\" data-gtm-custom-action=\"crossclick\" data-gtm-custom-label=\"Contextuel\" data-gtm-event=\"customEventSPE\" data-fig-domain=\"LEFIGARO\">d\u00e9plac\u00e9 \u00e0 Nantes en janvier<\/a>, annon\u00e7ant des moyens policiers accrus. Depuis, Daniel a senti la situation revenir au calme. \u00abLe quartier est devenu plus appr\u00e9ciable depuis trois ou quatre mois. On voit davantage de policiers, tandis que les tirs de mortier et les rod\u00e9os se sont rar\u00e9fi\u00e9s\u00bb, observe cet habitant du quartier. Jointe par Le Figaro, la direction interd\u00e9partementale de la police nationale (DIPN) confirme l\u2019effort en cours. \u00abLes patrouilles de nos compagnies d\u2019intervention et des CRS occupent d\u00e9sormais le secteur 24 heures sur 24. Il s\u2019agit de l\u2019unique quartier nantais o\u00f9 le dispositif d\u2019une pr\u00e9sence continue a \u00e9t\u00e9 mis en place. On a conquis le terrain, et on ne le l\u00e2chera pas\u00bb, assure un porte-parole des forces de l\u2019ordre.<\/p>\n<p class=\"fig-body-link\">\n            \u00c0 lire aussi<br \/>\n        <a class=\"fig-body-link__link\" href=\"http:\/\/www.lefigaro.fr\/nantes\/nantes-alors-qu-ils-venaient-interrompre-une-rixe-des-policiers-municipaux-pris-a-partie-20250526\" target=\"_blank\" data-fig-type=\"NewsFlash\" rel=\"noopener\" data-gtm-custom-categorie=\"navigation\" data-gtm-custom-action=\"crossclick\" data-gtm-custom-label=\"Contextuel\" data-gtm-event=\"customEventSPE\" data-fig-domain=\"LEFIGARO\">Nantes\u00a0: alors qu\u2019ils venaient interrompre une rixe, des policiers municipaux pris \u00e0 partie<br \/>\n    <\/a>\n<\/p>\n<p class=\"fig-paragraph\">L\u2019embellissement, craint Daniel, pourrait n\u2019\u00eatre que passager. Les braillements des narcotrafiquants indiquent que leurs affaires ne se sont pas volatilis\u00e9es et qu\u2019eux, font profil bas. \u00abC\u2019est comme les rod\u00e9os sauvages\u00a0: les jeunes attendent dix minutes que les policiers passent et reprennent aussit\u00f4t l\u00e0 o\u00f9 ils se sont arr\u00eat\u00e9s\u00bb, note Daniel. Les r\u00e9seaux criminels qui tiennent le quartier se sont professionnalis\u00e9s, remarque-t-il, par ailleurs. \u00abLes points de deal se sont \u201cmexicanis\u00e9s\u201d en quelques ann\u00e9es. Avant, ils \u00e9taient tenus par des marmots, des ados du quartier avec qui on pouvait parler. Aujourd\u2019hui, les petites mains ne parlent pas fran\u00e7ais\u00a0<a href=\"https:\/\/www.lefigaro.fr\/actualite-france\/plongee-au-coeur-des-trafics-d-armes-20211128\" target=\"_blank\" data-fig-type=\"Article\" rel=\"noopener\" data-gtm-custom-categorie=\"navigation\" data-gtm-custom-action=\"crossclick\" data-gtm-custom-label=\"Contextuel\" data-gtm-event=\"customEventSPE\" data-fig-domain=\"LEFIGARO\">et d\u00e9gainent leurs armes \u00e0 feu<\/a> \u00a0d\u00e8s qu\u2019on essaie de les approcher\u00bb.<\/p>\n<p class=\"fig-paragraph\">En parall\u00e8le \u00e0 ce jeu du chat et de la souris entre trafiquants et policiers, le collectif du 24 mai poursuit son action au service des habitants des quartiers nord. Un caf\u00e9 \u00e9ph\u00e9m\u00e8re et itin\u00e9rant a \u00e9t\u00e9 cr\u00e9\u00e9 pour tisser du lien social et collecter des t\u00e9moignages de riverains. Une rencontre entre les responsables du collectif et les acteurs nantais de la tranquillit\u00e9 publique aura lieu en juin. Enfin, les habitants pr\u00e9parent une promenade de diagnostic, \u00e0 l\u2019automne, pour rep\u00e9rer les points d\u2019am\u00e9lioration de leur quartier. En attendant de prochains banquets citoyens. \u00abC\u2019est notre fa\u00e7on de d\u00e9fendre notre territoire, r\u00e9sume Daniel. Avec plein de bonne volont\u00e9\u00bb. Contrairement \u00e0 la kalachnikov, la fourchette pique, et ne s\u2019enraie pas.<\/p>\n","protected":false},"excerpt":{"rendered":"Les riverains des quartiers nord de la cit\u00e9 des ducs observent une accalmie dans les violences qui ont&hellip;\n","protected":false},"author":2,"featured_media":131096,"comment_status":"","ping_status":"","sticky":false,"template":"","format":"standard","meta":{"footnotes":""},"categories":[2818],"tags":[1111,11,1777,674,462,1011,27,2640,2642,2825,766,2638,2643,2637,2639,2646,2645,2641,2635,2644,2647,12,2636,25],"class_list":{"0":"post-131095","1":"post","2":"type-post","3":"status-publish","4":"format-standard","5":"has-post-thumbnail","7":"category-nantes","8":"tag-actu","9":"tag-actualites","10":"tag-eu","11":"tag-europe","12":"tag-fc-nantes","13":"tag-fr","14":"tag-france","15":"tag-hauts-paves-saint-felix","16":"tag-ile-de-nantes","17":"tag-insecurite","18":"tag-nantes","19":"tag-nantes-bellevue-chantenay-sainte-anne","20":"tag-nantes-breil-barberie","21":"tag-nantes-centre-ville","22":"tag-nantes-dervallieres-zola","23":"tag-nantes-doulon-bottiere","24":"tag-nantes-erdre","25":"tag-nantes-malakoff-saint-donatien","26":"tag-nantes-metropole","27":"tag-nantes-nord","28":"tag-nantes-sud","29":"tag-news","30":"tag-pays-de-la-loire","31":"tag-republique-francaise"},"share_on_mastodon":{"url":"https:\/\/pubeurope.com\/@fr\/114578325699842176","error":""},"_links":{"self":[{"href":"https:\/\/www.europesays.com\/fr\/wp-json\/wp\/v2\/posts\/131095","targetHints":{"allow":["GET"]}}],"collection":[{"href":"https:\/\/www.europesays.com\/fr\/wp-json\/wp\/v2\/posts"}],"about":[{"href":"https:\/\/www.europesays.com\/fr\/wp-json\/wp\/v2\/types\/post"}],"author":[{"embeddable":true,"href":"https:\/\/www.europesays.com\/fr\/wp-json\/wp\/v2\/users\/2"}],"replies":[{"embeddable":true,"href":"https:\/\/www.europesays.com\/fr\/wp-json\/wp\/v2\/comments?post=131095"}],"version-history":[{"count":0,"href":"https:\/\/www.europesays.com\/fr\/wp-json\/wp\/v2\/posts\/131095\/revisions"}],"wp:featuredmedia":[{"embeddable":true,"href":"https:\/\/www.europesays.com\/fr\/wp-json\/wp\/v2\/media\/131096"}],"wp:attachment":[{"href":"https:\/\/www.europesays.com\/fr\/wp-json\/wp\/v2\/media?parent=131095"}],"wp:term":[{"taxonomy":"category","embeddable":true,"href":"https:\/\/www.europesays.com\/fr\/wp-json\/wp\/v2\/categories?post=131095"},{"taxonomy":"post_tag","embeddable":true,"href":"https:\/\/www.europesays.com\/fr\/wp-json\/wp\/v2\/tags?post=131095"}],"curies":[{"name":"wp","href":"https:\/\/api.w.org\/{rel}","templated":true}]}}