{"id":131101,"date":"2025-05-27T06:16:10","date_gmt":"2025-05-27T06:16:10","guid":{"rendered":"https:\/\/www.europesays.com\/fr\/131101\/"},"modified":"2025-05-27T06:16:10","modified_gmt":"2025-05-27T06:16:10","slug":"girondins-details-du-plan-oliver-kahn-devant-le-tribunal-de-commerce-de-bordeaux","status":"publish","type":"post","link":"https:\/\/www.europesays.com\/fr\/131101\/","title":{"rendered":"Girondins : d\u00e9tails du plan Oliver Kahn devant le tribunal de commerce de Bordeaux"},"content":{"rendered":"<p><img decoding=\"async\" src=\"https:\/\/www.europesays.com\/fr\/wp-content\/uploads\/2025\/04\/671_fcbd9d8654b42d2119274240e8b44bd6.jpg\" alt=\"Girondins : d\u00e9tails du plan Oliver Kahn devant le tribunal de commerce de Bordeaux\" class=\"img-responsive mt-3\"\/><\/p>\n<p class=\"text-center mb-3\" style=\"font-size: 14px\">\u00a9 Iconsport<\/p>\n<p><strong>Fortress la cl\u00e9 pour devenir propri\u00e9taire des Girondins ?<\/strong><\/p>\n<p style=\"text-align: justify;\">Tous les cr\u00e9anciers ont re\u00e7u un document ce lundi que nous avons consult\u00e9 avec la dette finale compos\u00e9e de 15 classes. Il est not\u00e9 que le d\u00e9lai pour voter est fix\u00e9 au 12 juin \u00e0 23h59.<\/p>\n<p style=\"text-align: justify;\">Ainsi, le plan de G\u00e9rard Lopez pr\u00e9voit de rembourser une dette \u00e9valu\u00e9e \u00e0 26M\u20ac sur 10 ans.<\/p>\n<p style=\"text-align: justify;\">De l&rsquo;autre c\u00f4t\u00e9, nous apprenons qu&rsquo;<a href=\"https:\/\/www.webgirondins.com\/actualite-girondins-girondins-oliver-kahn-est-un-tel-competiteur-qu-il-veut-y-aller-pour-gagner-129223\" target=\"_blank\" rel=\"noopener\">Oliver Kahn a fait une offre de 10 \u00e0 15M\u20ac<\/a> selon Ici Gironde et Sud Ouest pour le remboursement de la dette et la cession du club. Elle serait, selon le quotidien r\u00e9gional, distribu\u00e9 aux cr\u00e9anciers par ordre de privil\u00e8ges et Fortress qui serait rembours\u00e9 int\u00e9gralement. Il faut rappeler que le plan de G\u00e9rard Lopez ne pr\u00e9voit que 4M\u20ac de remboursement de la cr\u00e9ance de Fortress sur les 11M\u20ac. Enfin, Fortress, le fonds d&rsquo;investissement am\u00e9ricain, a la possibilit\u00e9 en refusant le plan Lopez de le faire capoter de par son privil\u00e8ge (classe 1).<\/p>\n<p style=\"text-align: justify;\">Par cons\u00e9quent, l&rsquo;attitude du tribunal de commerce et celle de G\u00e9rard Lopez et de son \u00e9quipe sera scrut\u00e9 ce mardi \u00e0 16h00, heure de l&rsquo;audition.<\/p>\n<p style=\"text-align: justify;\">Une jeune association de supporters, kop33, a appel\u00e9 \u00e0 un rassemblement d\u00e8s 16h devant le tribunal de commerce pour se faire entendre dans ce moment crucial.<\/p>\n<p style=\"text-align: justify;\">\u00c0 lire &gt;&gt; <strong><a href=\"https:\/\/www.webgirondins.com\/actualite-girondins-girondins-oliver-kahn-a-depose-un-dossier-de-plan-de-cession-pour-bordeaux-129221\" target=\"_blank\" rel=\"noopener\">Oliver Kahn a d\u00e9pos\u00e9 un dossier de plan de cession pour Bordeaux<\/a><\/strong><\/p>\n<p style=\"text-align: justify;\"><strong><br \/><\/strong>Notre \u00e9mission sp\u00e9ciale : <strong>Oliver Kahn passe \u00e0 l&rsquo;offensive<\/strong><\/p>\n<p>Ce navigateur ne supporte pas les iframes<\/p>\n<p style=\"text-align: justify;\">\u00a0<\/p>\n<p>Notre podcast court \u00e0 \u00e9couter :<\/p>\n<p>\u00a0<\/p>\n","protected":false},"excerpt":{"rendered":"\u00a9 Iconsport Fortress la cl\u00e9 pour devenir propri\u00e9taire des Girondins ? Tous les cr\u00e9anciers ont re\u00e7u un document&hellip;\n","protected":false},"author":2,"featured_media":22867,"comment_status":"","ping_status":"","sticky":false,"template":"","format":"standard","meta":{"footnotes":""},"categories":[2817],"tags":[12408,1111,11,17144,18121,1997,215,21464,7679,13413,2263,1777,674,1011,27,8294,1987,4654,3289,8295,9778,12,2219,4653,5355,471,5032,25,3333,3693],"class_list":{"0":"post-131101","1":"post","2":"type-post","3":"status-publish","4":"format-standard","5":"has-post-thumbnail","7":"category-bordeaux","8":"tag-activite","9":"tag-actu","10":"tag-actualites","11":"tag-attendus","12":"tag-barre","13":"tag-bordeaux","14":"tag-commerce","15":"tag-continuation","16":"tag-details","17":"tag-devant","18":"tag-equipe","19":"tag-eu","20":"tag-europe","21":"tag-fr","22":"tag-france","23":"tag-gerard","24":"tag-girondins","25":"tag-kahn","26":"tag-leur","27":"tag-lopez","28":"tag-mardi","29":"tag-news","30":"tag-nouvelle-aquitaine","31":"tag-oliver","32":"tag-plan","33":"tag-pour","34":"tag-presenter","35":"tag-republique-francaise","36":"tag-sont","37":"tag-tribunal"},"share_on_mastodon":{"url":"https:\/\/pubeurope.com\/@fr\/114578337553398390","error":""},"_links":{"self":[{"href":"https:\/\/www.europesays.com\/fr\/wp-json\/wp\/v2\/posts\/131101","targetHints":{"allow":["GET"]}}],"collection":[{"href":"https:\/\/www.europesays.com\/fr\/wp-json\/wp\/v2\/posts"}],"about":[{"href":"https:\/\/www.europesays.com\/fr\/wp-json\/wp\/v2\/types\/post"}],"author":[{"embeddable":true,"href":"https:\/\/www.europesays.com\/fr\/wp-json\/wp\/v2\/users\/2"}],"replies":[{"embeddable":true,"href":"https:\/\/www.europesays.com\/fr\/wp-json\/wp\/v2\/comments?post=131101"}],"version-history":[{"count":0,"href":"https:\/\/www.europesays.com\/fr\/wp-json\/wp\/v2\/posts\/131101\/revisions"}],"wp:featuredmedia":[{"embeddable":true,"href":"https:\/\/www.europesays.com\/fr\/wp-json\/wp\/v2\/media\/22867"}],"wp:attachment":[{"href":"https:\/\/www.europesays.com\/fr\/wp-json\/wp\/v2\/media?parent=131101"}],"wp:term":[{"taxonomy":"category","embeddable":true,"href":"https:\/\/www.europesays.com\/fr\/wp-json\/wp\/v2\/categories?post=131101"},{"taxonomy":"post_tag","embeddable":true,"href":"https:\/\/www.europesays.com\/fr\/wp-json\/wp\/v2\/tags?post=131101"}],"curies":[{"name":"wp","href":"https:\/\/api.w.org\/{rel}","templated":true}]}}