{"id":131104,"date":"2025-05-27T06:18:09","date_gmt":"2025-05-27T06:18:09","guid":{"rendered":"https:\/\/www.europesays.com\/fr\/131104\/"},"modified":"2025-05-27T06:18:09","modified_gmt":"2025-05-27T06:18:09","slug":"trois-mis-en-examen-apres-le-vol-de-420-000-euros-dans-le-bureau-de-poste-attaque","status":"publish","type":"post","link":"https:\/\/www.europesays.com\/fr\/131104\/","title":{"rendered":"Trois mis en examen apr\u00e8s le vol de 420.000 euros dans le bureau de poste attaqu\u00e9"},"content":{"rendered":"<p>AFP Videos &#8211; France<\/p>\n<p><a class=\"Td(n) C($inherit) LineClamp(2,45px) D(f) rapidnofollow\" data-uuid=\"9855cf2c-cd17-3497-945c-e8fb0a3e9b0b\" href=\"https:\/\/fr.news.yahoo.com\/proc%C3%A8s-scouarnec-laccus%C3%A9-veut-r%C3%A9parer-094218554.html\" data-ylk=\"elm:hdln;itc:0;pos:1;sec:strm;subsec:moreforyou;cpos:22;ct:video;g:9855cf2c-cd17-3497-945c-e8fb0a3e9b0b\" data-hosted-type=\"HOSTED\" target=\"_blank\" rel=\"noopener\">Proc\u00e8s Le Scouarnec: l&rsquo;accus\u00e9 veut \u00ab\u00a0r\u00e9parer\u00a0\u00bb, plaide la d\u00e9fense<\/a><\/p>\n<p class=\"M(0) C($summaryColor) Fz(14px) Lh(1.43em) LineClamp(3,60px)\">\u00ab\u00a0R\u00e9parer\u00a0\u00bb, c&rsquo;est l&rsquo;objectif que s&rsquo;est fix\u00e9 Jo\u00ebl Le Scouarnec, a plaid\u00e9 lundi la d\u00e9fense de l&rsquo;ex-chirurgien p\u00e9docriminel, jug\u00e9 \u00e0 Vannes depuis fin f\u00e9vrier et qui prendra une derni\u00e8re fois la parole dans la journ\u00e9e avant que la cour ne se retire pour d\u00e9lib\u00e9rer.Accus\u00e9 de viols et agressions sexuelles sur 299 personnes, pour la plupart des patients mineurs au moment des faits, il a \u00e9t\u00e9 qualifi\u00e9 vendredi de \u00ab\u00a0diable\u00a0\u00bb en blouse blanche par l&rsquo;avocat g\u00e9n\u00e9ral. Ce dernier a requis \u00e0 son encontre la peine maximale, 20 ans de r\u00e9clusion, et toute une s\u00e9rie de mesures de s\u00fbret\u00e9 en raison \u00ab\u00a0de risques tr\u00e8s \u00e9lev\u00e9s de r\u00e9cidive\u00a0\u00bb.\u00a0\u00bbC&rsquo;est durant sa carri\u00e8re qu&rsquo;il va commettre l&rsquo;impensable en tant que chirurgien, mais il va aussi soigner, gu\u00e9rir, sauver, soulager des milliers de personnes\u00a0\u00bb, a relev\u00e9 l&rsquo;un de ses avocats, Me Thibaut\u00a0Kurzawa.\u00a0\u00bbR\u00e9duire Jo\u00ebl Le Scouarnec \u00e0 ce qu&rsquo;il a fait de mal, durant une p\u00e9riode aussi importante soit-elle, avec un nombre de victimes aussi important soit-il, ce serait in\u00e9vitablement nier l&rsquo;autre visage d&rsquo;un homme\u00a0\u00bb, a plaid\u00e9 l&rsquo;avocat.La d\u00e9fense de Jo\u00ebl Le Scouarnec, 74 ans, a d\u00e9j\u00e0 admis devant la cour criminelle du Morbihan qu&rsquo;il est \u00ab\u00a0archi coupable\u00a0\u00bb mais elle a constamment insist\u00e9 sur l&rsquo;\u00e9volution accomplie depuis son arrestation \u00e0 Jonzac (Charente-Maritime) en 2007 apr\u00e8s le viol d&rsquo;une voisine de six ans.\u00a0\u00bbCe travail sur lui-m\u00eame a fini par \u00eatre fructueux et s&rsquo;est traduit par un fait majeur: la reconnaissance pleine et enti\u00e8re de l&rsquo;ensemble des faits qui lui sont reproch\u00e9s\u00a0\u00bb, le 20 mars, a r\u00e9affirm\u00e9 Me Kurzawa lundi.Jo\u00ebl Le Scouarnec a m\u00eame avou\u00e9 des violences sexuelles d\u00e9j\u00e0 prescrites et d&rsquo;autres encore inconnues, comme celles commises sur sa propre petite-fille, qui font l&rsquo;objet d&rsquo;une nouvelle proc\u00e9dure au parquet de Lorient.Pour Me Kurzawa, l&rsquo;accus\u00e9 apr\u00e8s son arrestation, voici huit ans, \u00ab\u00a0a formul\u00e9 un voeu: celui d&rsquo;avancer et de r\u00e9parer\u00a0\u00bb et \u00ab\u00a0c&rsquo;est cette r\u00e9paration qui l&rsquo;anime\u00a0\u00bb, \u00ab\u00a0seule boussole dans sa cellule\u00a0\u00bb.Depuis le d\u00e9but du proc\u00e8s, la d\u00e9fense r\u00e9p\u00e8te qu&rsquo;elle ne cherche pas \u00e0 \u00ab\u00a0d\u00e9responsabiliser\u00a0\u00bb ou \u00e0 \u00ab\u00a0victimiser\u00a0\u00bb Jo\u00ebl Le Scouarnec, mais il est important de \u00ab\u00a0chercher \u00e0 comprendre comment il est devenu\u00a0\u00bb p\u00e9dophile, a ajout\u00e9 Me Kurzawa.- R\u00e9tention de s\u00fbret\u00e9? -Plus que sur l&rsquo;origine de ses multiples perversions, c&rsquo;est sur leur \u00ab\u00a0dangerosit\u00e9\u00a0\u00bb que l&rsquo;avocat g\u00e9n\u00e9ral St\u00e9phane Kellenberger a insist\u00e9 vendredi. Il a notamment requis une mesure sp\u00e9ciale de \u00ab\u00a0r\u00e9tention de s\u00fbret\u00e9\u00a0\u00bb, s&rsquo;appliquant apr\u00e8s qu&rsquo;un condamn\u00e9 a purg\u00e9 sa peine, \u00ab\u00a0du fait des troubles graves de sa personnalit\u00e9\u00a0\u00bb.Le magistrat a \u00e9galement demand\u00e9 que l&rsquo;accus\u00e9 soit interdit d\u00e9finitivement d&rsquo;exercer la m\u00e9decine ou une autre profession dans le domaine de la sant\u00e9, et n&rsquo;ait plus le droit d&rsquo;exercer aupr\u00e8s de mineurs ni de poss\u00e9der un animal, en raison de sa zoophilie.- \u00ab\u00a0Au milieu du gu\u00e9\u00a0\u00bb -Jo\u00ebl Le Scouarnec a affirm\u00e9 \u00e0 plusieurs reprises \u00e0 la cour ne plus avoir d&rsquo;attirance sexuelles pour des enfants, malgr\u00e9 l&rsquo;avis contraire des psychiatres et psychologues qui ont d\u00e9fil\u00e9 \u00e0 la barre.\u00a0\u00bbVous \u00eates le diable\u00a0\u00bb, a lanc\u00e9 l&rsquo;avocat g\u00e9n\u00e9ral dans son r\u00e9quisitoire, estimant que malgr\u00e9 le \u00ab\u00a0travail v\u00e9ritablement extraordinaire\u00a0\u00bb de sa d\u00e9fense, Jo\u00ebl Le Scouarnec \u00e9tait, lui, \u00ab\u00a0rest\u00e9 au milieu du gu\u00e9\u00a0\u00bb, tenant \u00ab\u00a0en suspens (les victimes) par sa parole\u00a0\u00bb, croyant \u00ab\u00a0qu&rsquo;il les contr\u00f4le encore\u00a0\u00bb.Masque lisse, traits fig\u00e9s, l&rsquo;accus\u00e9 a habitu\u00e9 la cour \u00e0 n&rsquo;exprimer que peu d&rsquo;\u00e9motions au cours de ce proc\u00e8s d\u00e9but\u00e9 le 24 f\u00e9vrier.Lorsqu&rsquo;il prenait la parole, il a souvent r\u00e9p\u00e9t\u00e9 les m\u00eames mots, avec les m\u00eames intonations, des phrases atones que l&rsquo;avocat g\u00e9n\u00e9ral a imit\u00e9es vendredi d&rsquo;un air agac\u00e9.\u00a0\u00bbJe ne suis pas un com\u00e9dien\u00a0\u00bb, s&rsquo;\u00e9tait d\u00e9fendu Jo\u00ebl Le Scouarnec lorsque l&rsquo;avocat d&rsquo;une partie civile lui en faisait le reproche.Il sera invit\u00e9 \u00e0 prendre la parole une derni\u00e8re fois lundi, apr\u00e8s la plaidoirie de ses avocats et avant que les cinq magistrats de la cour ne se retirent pour d\u00e9lib\u00e9rer.Pour \u00e9tablir son verdict, attendu mercredi, la cour devra r\u00e9pondre \u00e0 841 questions concernant les 111 viols et 189 agressions sexuelles.Arr\u00eat\u00e9 en juin 2017, Jo\u00ebl Le Scouarnec purge actuellement une premi\u00e8re peine de 15 ans de prison pour des violences sexuelles sur quatre enfants.all-ban\/et\/rhl<\/p>\n","protected":false},"excerpt":{"rendered":"AFP Videos &#8211; France Proc\u00e8s Le Scouarnec: l&rsquo;accus\u00e9 veut \u00ab\u00a0r\u00e9parer\u00a0\u00bb, plaide la d\u00e9fense \u00ab\u00a0R\u00e9parer\u00a0\u00bb, c&rsquo;est l&rsquo;objectif que s&rsquo;est&hellip;\n","protected":false},"author":2,"featured_media":131105,"comment_status":"","ping_status":"","sticky":false,"template":"","format":"standard","meta":{"footnotes":""},"categories":[2816],"tags":[1111,11,25524,1777,674,4658,1011,27,12,2680,3764,25,2312,12883],"class_list":{"0":"post-131104","1":"post","2":"type-post","3":"status-publish","4":"format-standard","5":"has-post-thumbnail","7":"category-toulouse","8":"tag-actu","9":"tag-actualites","10":"tag-bureau-de-poste","11":"tag-eu","12":"tag-europe","13":"tag-euros","14":"tag-fr","15":"tag-france","16":"tag-news","17":"tag-occitanie","18":"tag-procureur-de-la-republique","19":"tag-republique-francaise","20":"tag-toulouse","21":"tag-trois-hommes"},"share_on_mastodon":{"url":"https:\/\/pubeurope.com\/@fr\/114578345351639759","error":""},"_links":{"self":[{"href":"https:\/\/www.europesays.com\/fr\/wp-json\/wp\/v2\/posts\/131104","targetHints":{"allow":["GET"]}}],"collection":[{"href":"https:\/\/www.europesays.com\/fr\/wp-json\/wp\/v2\/posts"}],"about":[{"href":"https:\/\/www.europesays.com\/fr\/wp-json\/wp\/v2\/types\/post"}],"author":[{"embeddable":true,"href":"https:\/\/www.europesays.com\/fr\/wp-json\/wp\/v2\/users\/2"}],"replies":[{"embeddable":true,"href":"https:\/\/www.europesays.com\/fr\/wp-json\/wp\/v2\/comments?post=131104"}],"version-history":[{"count":0,"href":"https:\/\/www.europesays.com\/fr\/wp-json\/wp\/v2\/posts\/131104\/revisions"}],"wp:featuredmedia":[{"embeddable":true,"href":"https:\/\/www.europesays.com\/fr\/wp-json\/wp\/v2\/media\/131105"}],"wp:attachment":[{"href":"https:\/\/www.europesays.com\/fr\/wp-json\/wp\/v2\/media?parent=131104"}],"wp:term":[{"taxonomy":"category","embeddable":true,"href":"https:\/\/www.europesays.com\/fr\/wp-json\/wp\/v2\/categories?post=131104"},{"taxonomy":"post_tag","embeddable":true,"href":"https:\/\/www.europesays.com\/fr\/wp-json\/wp\/v2\/tags?post=131104"}],"curies":[{"name":"wp","href":"https:\/\/api.w.org\/{rel}","templated":true}]}}