{"id":131108,"date":"2025-05-27T06:21:09","date_gmt":"2025-05-27T06:21:09","guid":{"rendered":"https:\/\/www.europesays.com\/fr\/131108\/"},"modified":"2025-05-27T06:21:09","modified_gmt":"2025-05-27T06:21:09","slug":"sans-lfi-un-front-des-gauches-de-marseille-pour-soutenir-gaza","status":"publish","type":"post","link":"https:\/\/www.europesays.com\/fr\/131108\/","title":{"rendered":"Sans LFI, un front des gauches de Marseille pour soutenir Gaza"},"content":{"rendered":"<p>Le visage d&rsquo;une gauche unie pour d\u00e9fendre la Palestine, mais r\u00e9solument \u00e9loign\u00e9e de La France insoumise, pourtant en premi\u00e8re ligne sur la question dans le d\u00e9bat public depuis des semaines.\u00a0\u00c0 l&rsquo;appel du parti communiste Fran\u00e7ais, plus de 200 partisans et repr\u00e9sentants de partis de gauche &#8211; dont le PS, les \u00c9cologistes, Place publique et G\u00e9n\u00e9ration.s &#8211; ont d\u00e9nonc\u00e9 ensemble ce lundi soir 26 mai sur le Vieux-Port les massacres en cours \u00e0 Gaza et l&rsquo;intensification des frappes isra\u00e9liennes qui ont fait ce jour plus de 55 morts selon les organisations humanitaires sur place.<\/p>\n<p>Une union scell\u00e9e par les applaudissements unanimes des militants de toutes les organisations \u00e0 l&rsquo;annonce, par Beno\u00eet Payan, d&rsquo;une nouvelle aide financi\u00e8re \u00e0 l&rsquo;Unicef pour des missions humanitaires, <a href=\"https:\/\/www.laprovence.com\/article\/region\/6446609397482514\/gaza-benoit-payan-debloque-une-nouvelle-aide-financiere-les-lumieres-de-lhotel-de-ville-eteintes-ce-lundi-soir-en-solidarite\" target=\"_blank\" rel=\"noopener\">r\u00e9v\u00e9l\u00e9e par <\/a><a href=\"https:\/\/www.laprovence.com\/article\/region\/6446609397482514\/gaza-benoit-payan-debloque-une-nouvelle-aide-financiere-les-lumieres-de-lhotel-de-ville-eteintes-ce-lundi-soir-en-solidarite\" target=\"_blank\" rel=\"noopener\">La Provence<\/a> et qui sera vot\u00e9e le 20 juin en conseil municipal. Une subvention d\u00e9j\u00e0 critiqu\u00e9e par le groupe d&rsquo;opposition de droite Une volont\u00e9 pour Marseille qui d\u00e9nonce le \u00ab\u00a0deux poids, deux mesures\u00a0\u00bb et les \u00ab\u00a0promesses non-tenues\u00a0\u00bb de Beno\u00eet Payan \u00ab\u00a0envers la communaut\u00e9 juive suite aux pogroms du 7\u00a0octobre\u00a0\u00bb.<\/p>\n","protected":false},"excerpt":{"rendered":"Le visage d&rsquo;une gauche unie pour d\u00e9fendre la Palestine, mais r\u00e9solument \u00e9loign\u00e9e de La France insoumise, pourtant en&hellip;\n","protected":false},"author":2,"featured_media":131109,"comment_status":"","ping_status":"","sticky":false,"template":"","format":"standard","meta":{"footnotes":""},"categories":[2814],"tags":[17,1111,11,154,1777,674,1011,27,21115,7740,780,884,12,471,882,16,25,4561],"class_list":{"0":"post-131108","1":"post","2":"type-post","3":"status-publish","4":"format-standard","5":"has-post-thumbnail","7":"category-marseille","8":"tag-17","9":"tag-actu","10":"tag-actualites","11":"tag-des","12":"tag-eu","13":"tag-europe","14":"tag-fr","15":"tag-france","16":"tag-front","17":"tag-gauches","18":"tag-lfi","19":"tag-marseille","20":"tag-news","21":"tag-pour","22":"tag-provence-alpes-cote-dazur","23":"tag-region","24":"tag-republique-francaise","25":"tag-sans"},"share_on_mastodon":{"url":"https:\/\/pubeurope.com\/@fr\/114578357241637563","error":""},"_links":{"self":[{"href":"https:\/\/www.europesays.com\/fr\/wp-json\/wp\/v2\/posts\/131108","targetHints":{"allow":["GET"]}}],"collection":[{"href":"https:\/\/www.europesays.com\/fr\/wp-json\/wp\/v2\/posts"}],"about":[{"href":"https:\/\/www.europesays.com\/fr\/wp-json\/wp\/v2\/types\/post"}],"author":[{"embeddable":true,"href":"https:\/\/www.europesays.com\/fr\/wp-json\/wp\/v2\/users\/2"}],"replies":[{"embeddable":true,"href":"https:\/\/www.europesays.com\/fr\/wp-json\/wp\/v2\/comments?post=131108"}],"version-history":[{"count":0,"href":"https:\/\/www.europesays.com\/fr\/wp-json\/wp\/v2\/posts\/131108\/revisions"}],"wp:featuredmedia":[{"embeddable":true,"href":"https:\/\/www.europesays.com\/fr\/wp-json\/wp\/v2\/media\/131109"}],"wp:attachment":[{"href":"https:\/\/www.europesays.com\/fr\/wp-json\/wp\/v2\/media?parent=131108"}],"wp:term":[{"taxonomy":"category","embeddable":true,"href":"https:\/\/www.europesays.com\/fr\/wp-json\/wp\/v2\/categories?post=131108"},{"taxonomy":"post_tag","embeddable":true,"href":"https:\/\/www.europesays.com\/fr\/wp-json\/wp\/v2\/tags?post=131108"}],"curies":[{"name":"wp","href":"https:\/\/api.w.org\/{rel}","templated":true}]}}