{"id":131110,"date":"2025-05-27T06:22:11","date_gmt":"2025-05-27T06:22:11","guid":{"rendered":"https:\/\/www.europesays.com\/fr\/131110\/"},"modified":"2025-05-27T06:22:11","modified_gmt":"2025-05-27T06:22:11","slug":"une-grande-collecte-toute-la-semaine-pour-donner-son-sang-a-marseille","status":"publish","type":"post","link":"https:\/\/www.europesays.com\/fr\/131110\/","title":{"rendered":"Une grande collecte toute la semaine pour donner son sang \u00e0 Marseille"},"content":{"rendered":"<p>\u00c0 proximit\u00e9 de l&rsquo;ombri\u00e8re du Vieux-Port, une immense tente accueille l&rsquo;\u00c9tablissement Fran\u00e7ais du sang pour une grande collecte pour cette semaine de l&rsquo;ascension. Depuis ce lundi et jusqu&rsquo;\u00e0 samedi, l&rsquo;ESF esp\u00e8re accueillir 750 donneurs avec comme objectif de \u00ab\u00a0mettre le don de sang sous les projecteurs\u00a0\u00bb.<\/p>\n<p>\u00ab\u00a0C&rsquo;est un dispositif extraordinaire, exceptionnel\u00a0\u00bb,\u00a0souligne Brice Mollaret, responsable des collectes \u00e0 l&rsquo;\u00c9tablissement Fran\u00e7ais du Sang des Bouches-du-Rh\u00f4ne. Depuis ce lundi, au Vieux-Port, \u00e0 la sortie du m\u00e9tro, une grande collecte est organis\u00e9e sous un grand chapiteau durant toute la semaine de l&rsquo;ascension jusqu&rsquo;\u00e0 samedi.\u00a0<\/p>\n<p>\u00a0<\/p>\n<\/p>\n<p>\u00a0<\/p>\n<p>Cette collecte est plac\u00e9e sous le signe du cin\u00e9ma, vise \u00e0 sensibiliser le grand public \u00e0 l&rsquo;importance du don de sang, particuli\u00e8rement en cette p\u00e9riode sensible du mois de mai car \u00ab\u00a0les collectes ont \u00e9t\u00e9 un petit peu moins fr\u00e9quent\u00e9es durant les ponts du mois de mai\u00a0\u00bb\u00a0explique le responsable des collectes \u00e0 l&rsquo;ESF des Bouches-du-Rh\u00f4ne.\u00a0<\/p>\n<p>Durant cette semaine, les \u00e9quipes de l&rsquo;EFS esp\u00e8rent accueillir pr\u00e8s de 750 donneurs sur 6 jours cons\u00e9cutifs. Plusieurs conditions doivent \u00eatre respect\u00e9es pour pouvoir donner son sang :\u00a0<\/p>\n<ul>\n<li>Avoir entre 18 et 70 ans,<\/li>\n<li>Avoir\u00a0\u00ab\u00a0bien\u00a0\u00bb\u00a0bu et\u00a0\u00ab\u00a0bien\u00a0\u00bb\u00a0mang\u00e9 avant votre don,<\/li>\n<li>Avoir sa pi\u00e8ce d&rsquo;identit\u00e9 avec soi,<\/li>\n<li>Ne pas avoir voyag\u00e9 dans un pays \u00e0 risque au cours des quatre derniers mois,<\/li>\n<li>Ne pas avoir re\u00e7u un<strong>\u00a0<\/strong>soin ou une op\u00e9ration dentaire. Il y a donc un risque de passage de bact\u00e9ries dans le sang,<\/li>\n<li>Ne pas avoir eu des relations sexuelles avec des partenaires diff\u00e9rents au cours des quatre derniers mois,<\/li>\n<li>Ne pas avoir eu une infection ou de la fi\u00e8vre (plus de 38\u00b0) au cours des deux derni\u00e8res semaines.<\/li>\n<\/ul>\n<p>\u00a0<\/p>\n<p>Il est possible de prendre rendez-vous sur le site de <a href=\"https:\/\/dondesang.efs.sante.fr\/trouver-une-collecte\/131043\/sang\/01-04-2025\" target=\"_blank\" rel=\"noopener\">l&rsquo;\u00c9tablissement Fran\u00e7ais du Sang<\/a> pour gagner du temps, m\u00eame s&rsquo;il est \u00e9galement possible de venir donner son sang sans rendez-vous.\u00a0<\/p>\n<p><strong>Images et interviews Enzo Buonalana\u00a0<\/strong><\/p>\n","protected":false},"excerpt":{"rendered":"\u00c0 proximit\u00e9 de l&rsquo;ombri\u00e8re du Vieux-Port, une immense tente accueille l&rsquo;\u00c9tablissement Fran\u00e7ais du sang pour une grande collecte&hellip;\n","protected":false},"author":2,"featured_media":131111,"comment_status":"","ping_status":"","sticky":false,"template":"","format":"standard","meta":{"footnotes":""},"categories":[2814],"tags":[1111,11,25526,15931,25525,1777,674,1011,27,884,12,882,25],"class_list":{"0":"post-131110","1":"post","2":"type-post","3":"status-publish","4":"format-standard","5":"has-post-thumbnail","7":"category-marseille","8":"tag-actu","9":"tag-actualites","10":"tag-brice-mollaret","11":"tag-don-du-sang","12":"tag-etablissement-francais-du-sang","13":"tag-eu","14":"tag-europe","15":"tag-fr","16":"tag-france","17":"tag-marseille","18":"tag-news","19":"tag-provence-alpes-cote-dazur","20":"tag-republique-francaise"},"share_on_mastodon":{"url":"https:\/\/pubeurope.com\/@fr\/114578361107336566","error":""},"_links":{"self":[{"href":"https:\/\/www.europesays.com\/fr\/wp-json\/wp\/v2\/posts\/131110","targetHints":{"allow":["GET"]}}],"collection":[{"href":"https:\/\/www.europesays.com\/fr\/wp-json\/wp\/v2\/posts"}],"about":[{"href":"https:\/\/www.europesays.com\/fr\/wp-json\/wp\/v2\/types\/post"}],"author":[{"embeddable":true,"href":"https:\/\/www.europesays.com\/fr\/wp-json\/wp\/v2\/users\/2"}],"replies":[{"embeddable":true,"href":"https:\/\/www.europesays.com\/fr\/wp-json\/wp\/v2\/comments?post=131110"}],"version-history":[{"count":0,"href":"https:\/\/www.europesays.com\/fr\/wp-json\/wp\/v2\/posts\/131110\/revisions"}],"wp:featuredmedia":[{"embeddable":true,"href":"https:\/\/www.europesays.com\/fr\/wp-json\/wp\/v2\/media\/131111"}],"wp:attachment":[{"href":"https:\/\/www.europesays.com\/fr\/wp-json\/wp\/v2\/media?parent=131110"}],"wp:term":[{"taxonomy":"category","embeddable":true,"href":"https:\/\/www.europesays.com\/fr\/wp-json\/wp\/v2\/categories?post=131110"},{"taxonomy":"post_tag","embeddable":true,"href":"https:\/\/www.europesays.com\/fr\/wp-json\/wp\/v2\/tags?post=131110"}],"curies":[{"name":"wp","href":"https:\/\/api.w.org\/{rel}","templated":true}]}}