{"id":131118,"date":"2025-05-27T06:27:09","date_gmt":"2025-05-27T06:27:09","guid":{"rendered":"https:\/\/www.europesays.com\/fr\/131118\/"},"modified":"2025-05-27T06:27:09","modified_gmt":"2025-05-27T06:27:09","slug":"zones-de-silence-equipes-dediees-comment-roland-garros-accueille-les-personnes-en-situation-de-handicap","status":"publish","type":"post","link":"https:\/\/www.europesays.com\/fr\/131118\/","title":{"rendered":"Zones de silence, \u00e9quipes d\u00e9di\u00e9es&#8230; Comment Roland-Garros accueille les personnes en situation de handicap"},"content":{"rendered":"<p>            Par<br \/>\n        <strong><br \/>\n            <a href=\"https:\/\/actu.fr\/auteur\/antoine-grotteria02\" title=\"Consulter tous les articles de Antoine Grotteria\" rel=\"nofollow noopener\" target=\"_blank\">Antoine Grotteria<\/a><br \/>\n        <\/strong><\/p>\n<p>        Publi\u00e9 le<\/p>\n<p>            27 mai 2025 \u00e0 6h52        <\/p>\n<p>Sur le court num\u00e9ro\u00a06, plusieurs <strong>personnes en fauteuil roulant<\/strong> observent les \u00e9changes d\u2019un match du premier tour, ce lundi 26\u00a0mai 2025. Des inscriptions au sol peintur\u00e9es de blanc les orientent vers leur place. Mais avant d\u2019acc\u00e9der \u00e0 l\u2019enceinte, il faudra enjamber l\u2019obstacle des <a href=\"https:\/\/actu.fr\/ile-de-france\/paris_75056\/ratp-et-sncf-les-perturbations-attendues-dans-les-transports-a-paris-et-en-ile-de-france-cette-semaine-2_62229997.html\" rel=\"nofollow noopener\" target=\"_blank\">transports<\/a> en commun. Illustration aux stations de <a href=\"https:\/\/actu.fr\/tag\/metro\" rel=\"nofollow noopener\" target=\"_blank\">m\u00e9tro<\/a> Michel-Ange Molitor et Porte d\u2019Auteuil. Aucune d\u2019entre elles ne dispose d\u2019ascenseur ni d\u2019escalator. Alors, le bus ou la voiture seront pr\u00e9conis\u00e9s. Puis, une navette pourra transporter les amateurs de tennis \u00e0 plusieurs <strong>points de d\u00e9pose<\/strong>. Voici des itin\u00e9raires propos\u00e9s lors de <a href=\"https:\/\/actu.fr\/tag\/roland-garros\" rel=\"nofollow noopener\" target=\"_blank\">Roland-Garros<\/a>, qui se d\u00e9roule jusqu\u2019au dimanche 8\u00a0juin \u00e0 la porte d\u2019Auteuil, dans le 16e arrondissement de Paris.<\/p>\n<p>Des rampes sur tous les courts annexes<\/p>\n<p class=\" wall-content\">\u00ab\u2009L\u2019id\u00e9e, c\u2019est d\u2019offrir <strong>la meilleure exp\u00e9rience<\/strong> \u00e0 toutes les personnes qui viennent\u2009\u00bb, souligne par t\u00e9l\u00e9phone \u00e0 actu Paris la chef de projet responsabilit\u00e9 soci\u00e9tale des entreprises (RSE) \u00e0 la F\u00e9d\u00e9ration fran\u00e7aise de tennis (FFT), Claire Hall\u00e9. Si l\u2019institution m\u00e8ne depuis plusieurs ann\u00e9es plusieurs actions destin\u00e9es \u00e0 mettre en lumi\u00e8re le <strong>tennis handisport<\/strong>, le Grand Chelem parisien reste la principale vitrine de sa politique d\u2019inclusion.<\/p>\n<p class=\" wall-content\">La <strong>refonte<\/strong> du site, inaugur\u00e9 en 2021, avait valeur de test en mati\u00e8re d\u2019accessibilit\u00e9. Car l\u2019ancien site ne correspondait pas aux normes requises. Ainsi, du court n\u00b014 au court <a href=\"https:\/\/actu.fr\/ile-de-france\/neuilly-sur-seine_92051\/simonne-mathieu-derriere-le-nom-d-un-court-de-roland-garros-une-grande-resistante-francaise_61164473.html\" rel=\"nofollow noopener\" target=\"_blank\">Simonne-Mathieu<\/a>, s\u00e9par\u00e9s de 700\u00a0m\u00e8tres, toutes les structures ont \u00e9t\u00e9 pens\u00e9es de sorte \u00e0 faciliter le circuit des personnes en situation de handicap. Des <strong>rampes <\/strong>sont\u00a0install\u00e9es. Plusieurs <strong>ascenseurs<\/strong> sont dispos\u00e9s, de sorte \u00e0 \u00e9viter les escaliers.<\/p>\n<p>    <img   decoding=\"async\" loading=\"lazy\" src=\"https:\/\/www.europesays.com\/fr\/wp-content\/uploads\/2025\/05\/roland-garros-site-14-960x640.jpg\" alt=\"Un ascenseur pr\u00e8s du court Suzanne-Lenglen. \" width=\"960\" height=\"640\"\/><br \/>\n    Un ascenseur pr\u00e8s du court Suzanne-Lenglen. (\u00a9AG\/ actu Paris)<\/p>\n<p class=\" wall-content\">Mais les courts ne sont pas les seuls \u00e9quipements \u00e0 avoir endoss\u00e9 des habits plus modernes.<\/p>\n<blockquote class=\"ac-article-quote wall-content\">\n<p>\u00ab\u00a0Une journ\u00e9e \u00e0 Roland-Garros doit \u00eatre la plus agr\u00e9able possible. Parfois, le bruit et le monde peuvent \u00eatre perturbants\u00a0\u00bb<\/p>\n<p>    <strong>Claire Hall\u00e9<\/strong><br \/>\n        Responsable RSE \u00e0 la F\u00e9d\u00e9ration fran\u00e7aise de tennis    <\/p><\/blockquote>\n<p class=\" wall-content\">De ce fait, deux <strong>espaces de silence,<\/strong> appel\u00e9s quiet rooms, font partie du paysage du site. Ces petites bulles de quelques m\u00e8tres de superficie sont insonoris\u00e9es de telle sorte \u00e0 b\u00e9n\u00e9ficier de calme. N\u2019importe quelle personne peut y venir. L\u2019une d\u2019entre elles se situe au pied du <a href=\"https:\/\/actu.fr\/ile-de-france\/paris_75056\/la-boxe-fait-son-grand-retour-au-stade-roland-garros-a-paris_44778016.html\" rel=\"nofollow noopener\" target=\"_blank\">court Philippe-Chatrier<\/a>. Des pr\u00eats de fauteuils sont \u00e9galement possibles.<\/p>\n<p>1\u2009500 places vendues<\/p>\n<p class=\" wall-content\">Outre les services, la FFT a form\u00e9 des <strong>agents<\/strong> sp\u00e9cialement pour orienter les personnes en situation de handicap. \u00ab\u2009Ils sont partout sur le site et sont l\u00e0 pour accompagner les visiteurs en cas de besoin\u2009\u00bb, indique Claire Hall\u00e9. En se baladant, il est en effet possible d\u2019en rencontrer \u00e0 tous les <strong>points strat\u00e9giques<\/strong>. Ces derniers sont situ\u00e9s \u00e0 proximit\u00e9 des deux grands courts et des diff\u00e9rentes portes d\u2019entr\u00e9e.<\/p>\n<p>    <a href=\"https:\/\/email.publihebdos.com\/form?lid=Mqc7o19yVDtMEo2FE8aUtw2\" title=\"Ouvrie le lien\" rel=\"nofollow noopener\" target=\"_blank\">Cliquez ici pour visualiser le contenu<\/a><\/p>\n<p class=\" wall-content\">Mais combien de personnes en situation de handicap rejoignent-elles la porte d\u2019Auteuil\u2009? Selon la responsable RSE de l\u2019instance, \u00ab\u20091\u2009500 places ont \u00e9t\u00e9 vendues\u2009\u00bb pour les personnes en situation de handicap. Un nombre d\u00e9risoire au regard des <strong>centaines de milliers<\/strong> de fans qui assistent \u00e0 l\u2019un des plus grands tournois du monde. Mais \u00ab\u2009l\u00a0\u00bbaffluence progresse en proportion de <a href=\"https:\/\/actu.fr\/ile-de-france\/paris_75056\/rafael-nadal-celebre-fan-zone-prize-money-quelles-sont-les-nouveautes-de-roland-garros-2025_62654599.html\" rel=\"nofollow noopener\" target=\"_blank\">l\u2019engouement<\/a> rencontr\u00e9 par le Grand Chelem\u2009\u00bb, insiste-t-elle.<\/p>\n<p class=\" wall-content\">En attendant les chiffres pr\u00e9cis de la fr\u00e9quentation, le tournoi mise sur les <strong>quatre tableaux handisport<\/strong> pour attirer plus de monde. Et ce, dans le but d\u2019\u00eatre sensibilis\u00e9 \u00e0 ces disciplines paralympiques. Un <a href=\"https:\/\/actu.fr\/ile-de-france\/bobigny_93008\/seine-saint-denis-heritage-majeur-des-jo-de-paris-ce-nouveau-temple-du-para-sport-ouvre-ses-portes_62199057.html\" rel=\"nofollow noopener\" target=\"_blank\">h\u00e9ritage suppl\u00e9mentaire<\/a> des <a href=\"https:\/\/actu.fr\/jeux-olympiques-2024\/\" rel=\"nofollow noopener\" target=\"_blank\">Jeux de Paris<\/a>, qui avaient mis en lumi\u00e8re le para-tennis.<\/p>\n<p class=\" wall-content\">Suivez toute l\u2019actualit\u00e9 de vos villes et m\u00e9dias favoris en vous inscrivant \u00e0 <a href=\"https:\/\/moncompte.actu.fr\" title=\"D\u00e9couvez Mon Actu\" rel=\"nofollow noopener\" data-trk=\"{&quot;cta&quot;:{&quot;action&quot;:&quot;https:\\\/\\\/moncompte.actu.fr&quot;,&quot;category&quot;:&quot;mon compte&quot;,&quot;from&quot;:&quot;article footer&quot;,&quot;name&quot;:&quot;Mon actu&quot;,&quot;type&quot;:&quot;cta&quot;}}\" target=\"_blank\">Mon Actu<\/a>.<\/p>\n","protected":false},"excerpt":{"rendered":"Par Antoine Grotteria Publi\u00e9 le 27 mai 2025 \u00e0 6h52 Sur le court num\u00e9ro\u00a06, plusieurs personnes en fauteuil&hellip;\n","protected":false},"author":2,"featured_media":131119,"comment_status":"","ping_status":"","sticky":false,"template":"","format":"standard","meta":{"footnotes":""},"categories":[1888],"tags":[1111,1928,11,1927,1777,674,1011,27,1943,12,1926,626,1925,25,4171,104],"class_list":{"0":"post-131118","1":"post","2":"type-post","3":"status-publish","4":"format-standard","5":"has-post-thumbnail","7":"category-paris","8":"tag-actu","9":"tag-actu-paris","10":"tag-actualites","11":"tag-actualites-paris","12":"tag-eu","13":"tag-europe","14":"tag-fr","15":"tag-france","16":"tag-handicap","17":"tag-news","18":"tag-news-paris","19":"tag-paris","20":"tag-paris-news","21":"tag-republique-francaise","22":"tag-roland-garros","23":"tag-societe"},"share_on_mastodon":{"url":"https:\/\/pubeurope.com\/@fr\/114578380858902764","error":""},"_links":{"self":[{"href":"https:\/\/www.europesays.com\/fr\/wp-json\/wp\/v2\/posts\/131118","targetHints":{"allow":["GET"]}}],"collection":[{"href":"https:\/\/www.europesays.com\/fr\/wp-json\/wp\/v2\/posts"}],"about":[{"href":"https:\/\/www.europesays.com\/fr\/wp-json\/wp\/v2\/types\/post"}],"author":[{"embeddable":true,"href":"https:\/\/www.europesays.com\/fr\/wp-json\/wp\/v2\/users\/2"}],"replies":[{"embeddable":true,"href":"https:\/\/www.europesays.com\/fr\/wp-json\/wp\/v2\/comments?post=131118"}],"version-history":[{"count":0,"href":"https:\/\/www.europesays.com\/fr\/wp-json\/wp\/v2\/posts\/131118\/revisions"}],"wp:featuredmedia":[{"embeddable":true,"href":"https:\/\/www.europesays.com\/fr\/wp-json\/wp\/v2\/media\/131119"}],"wp:attachment":[{"href":"https:\/\/www.europesays.com\/fr\/wp-json\/wp\/v2\/media?parent=131118"}],"wp:term":[{"taxonomy":"category","embeddable":true,"href":"https:\/\/www.europesays.com\/fr\/wp-json\/wp\/v2\/categories?post=131118"},{"taxonomy":"post_tag","embeddable":true,"href":"https:\/\/www.europesays.com\/fr\/wp-json\/wp\/v2\/tags?post=131118"}],"curies":[{"name":"wp","href":"https:\/\/api.w.org\/{rel}","templated":true}]}}