{"id":13112,"date":"2025-04-09T16:56:16","date_gmt":"2025-04-09T16:56:16","guid":{"rendered":"https:\/\/www.europesays.com\/fr\/13112\/"},"modified":"2025-04-09T16:56:16","modified_gmt":"2025-04-09T16:56:16","slug":"le-chien-dune-fillette-de-6-ans-abattu-par-balle-sous-ses-yeux","status":"publish","type":"post","link":"https:\/\/www.europesays.com\/fr\/13112\/","title":{"rendered":"Le chien d\u2019une fillette de 6 ans abattu par balle sous ses yeux"},"content":{"rendered":"<p><strong>Enqu\u00eate &#8211; Une enqu\u00eate de gendarmerie a \u00e9t\u00e9 ouverte apr\u00e8s qu\u2019un chien a \u00e9t\u00e9 abattu par balle pr\u00e8s de l\u2019\u00e9cole primaire d\u2019un village situ\u00e9 au nord de Nice<\/strong><\/p>\n<p>Depuis samedi, des particuliers et des associations de <a href=\"https:\/\/www.20minutes.fr\/dossier\/protection_des_animaux\" rel=\"nofollow noopener\" target=\"_blank\" data-ylk=\"slk:d\u00e9fense des animaux;elm:context_link;itc:0;sec:content-canvas\" class=\"link \">d\u00e9fense des animaux<\/a> relaient sur les <a href=\"https:\/\/www.20minutes.fr\/dossier\/reseaux_sociaux\" rel=\"nofollow noopener\" target=\"_blank\" data-ylk=\"slk:r\u00e9seaux sociaux;elm:context_link;itc:0;sec:content-canvas\" class=\"link \">r\u00e9seaux sociaux<\/a> un appel \u00e0 t\u00e9moins au sujet d\u2019un fait divers sordide ayant eu lieu \u00e0 Lantosque, un village des <a href=\"https:\/\/www.20minutes.fr\/societe\/alpes-maritimes\/\" rel=\"nofollow noopener\" target=\"_blank\" data-ylk=\"slk:Alpes-Maritimes;elm:context_link;itc:0;sec:content-canvas\" class=\"link \">Alpes-Maritimes<\/a> au nord de Nice. Un chien a \u00e9t\u00e9 abattu presque sous les yeux de sa ma\u00eetresse\u2026 \u00e2g\u00e9e de 6 ans.<\/p>\n<p>Les faits se sont d\u00e9roul\u00e9s jeudi dernier, vers 17 heures, aux abords de l\u2019\u00e9cole primaire et de la gendarmerie du village. \u00ab\u00a0Un malheureux chien a \u00e9t\u00e9 abattu par arme \u00e0 feu alors qu\u2019il \u00e9tait avec sa jeune ma\u00eetresse (une enfant en primaire) en balade\u00a0\u00bb, assure Delphine S, l\u2019internaute qui a <a href=\"https:\/\/www.facebook.com\/delphine.sanjuan.5\/posts\/pfbid032YYbtBDMJUcJnykxXKFJCbhGbvmBCFR1SobsXPqkJLSfvbuhJ9q3TrTxz54Nrz7Ul\" rel=\"nofollow noopener\" target=\"_blank\" data-ylk=\"slk:lanc\u00e9 l\u2019appel \u00e0 t\u00e9moins;elm:context_link;itc:0;sec:content-canvas\" class=\"link \">lanc\u00e9 l\u2019appel \u00e0 t\u00e9moins<\/a> pour tenter d\u2019identifier le tireur.<\/p>\n<p>Une enqu\u00eate de gendarmerie ouverte<\/p>\n<p>Contact\u00e9e par 20 Minutes, la gendarmerie de Lantosque confirme \u00ab\u00a0qu\u2019une enqu\u00eate a \u00e9t\u00e9 ouverte\u00a0\u00bb pour ces faits sans toutefois donner davantage de pr\u00e9cisions. On sait n\u00e9anmoins qu\u2019une plainte a \u00e9t\u00e9 d\u00e9pos\u00e9e \u00e0 la gendarmerie par la m\u00e8re de la fillette, propri\u00e9taire du chien qui a \u00e9t\u00e9 abattu.<\/p>\n<p>Sur les circonstances des faits, les autorit\u00e9s sont donc rest\u00e9es muettes. Cependant, la m\u00e8re de la fillette explique \u00e0 <a href=\"https:\/\/www.nicematin.com\/faits-divers\/-il-a-ete-abattu-pres-des-habitations-une-mere-de-famille-revoltee-apres-la-mort-brutale-de-son-chien-dans-la-vesubie-981089?utm_content=photo&amp;utm_term=nicematin.menton&amp;utm_campaign=facebook&amp;utm_source=nonli&amp;utm_medium=Social%20media\" rel=\"nofollow noopener\" target=\"_blank\" data-ylk=\"slk:Nice matin;elm:context_link;itc:0;sec:content-canvas\" class=\"link \">Nice matin<\/a> que l\u2019animal, baptis\u00e9 \u00ab\u00a0White\u00a0\u00bb, \u00e9tait gard\u00e9 par celle-ci le temps qu\u2019elle sorte de chez elle avec la poussette et le b\u00e9b\u00e9. C\u2019est \u00e0 ce moment que le chien est parti en courant avant de revenir un peu plus tard avec du sang sur la patte et sur le ventre.<\/p>\n<p>C\u2019est une fois l\u2019animal ramen\u00e9 chez elle, et apr\u00e8s avoir nettoy\u00e9 le sang, que sa ma\u00eetresse a d\u00e9couvert le trou caus\u00e9 par une ba(&#8230;)<\/p>\n<p><a href=\"https:\/\/www.20minutes.fr\/faits_divers\/4147578-20250408-alpes-maritimes-chien-fillette-6-ans-abattu-balle-sous-yeux&quot;\" rel=\"nofollow noopener\" target=\"_blank\" data-ylk=\"slk:Lire la suite sur 20minutes;elm:context_link;itc:0;sec:content-canvas\" class=\"link \">Lire la suite sur 20minutes<\/a><\/p>\n<p>\u00c0 lire aussi :<br \/><a href=\"https:\/\/www.20minutes.fr\/faits_divers\/faits-divers-paris\/4146960-20250404-seine-saint-denis-attaques-chien-policiers-tuent-apres-quinzaine-tirs\" rel=\"nofollow noopener\" target=\"_blank\" data-ylk=\"slk:Seine-Saint-Denis\u00a0: Attaqu\u00e9s par un chien, les policiers le tuent apr\u00e8s une quinzaine de tirs;elm:context_link;itc:0;sec:content-canvas\" class=\"link \">Seine-Saint-Denis\u00a0: Attaqu\u00e9s par un chien, les policiers le tuent apr\u00e8s une quinzaine de tirs<\/a><br \/><a href=\"https:\/\/www.20minutes.fr\/arts-stars\/insolite\/4146622-20250402-aboiements-sauve-chien-secouru-apres-plusieurs-jours-passes-trou\" rel=\"nofollow noopener\" target=\"_blank\" data-ylk=\"slk:Ses aboiements l\u2019ont sauv\u00e9, un chien secouru apr\u00e8s plusieurs jours pass\u00e9s dans un trou;elm:context_link;itc:0;sec:content-canvas\" class=\"link \">Ses aboiements l\u2019ont sauv\u00e9, un chien secouru apr\u00e8s plusieurs jours pass\u00e9s dans un trou<\/a><\/p>\n","protected":false},"excerpt":{"rendered":"Enqu\u00eate &#8211; Une enqu\u00eate de gendarmerie a \u00e9t\u00e9 ouverte apr\u00e8s qu\u2019un chien a \u00e9t\u00e9 abattu par balle pr\u00e8s&hellip;\n","protected":false},"author":2,"featured_media":13113,"comment_status":"","ping_status":"","sticky":false,"template":"","format":"standard","meta":{"footnotes":""},"categories":[2819],"tags":[5943,1111,11,5942,1777,674,1011,27,12,2401,882,25,5944],"class_list":{"0":"post-13112","1":"post","2":"type-post","3":"status-publish","4":"format-standard","5":"has-post-thumbnail","7":"category-nice","8":"tag-abattu","9":"tag-actu","10":"tag-actualites","11":"tag-defense-des-animaux","12":"tag-eu","13":"tag-europe","14":"tag-fr","15":"tag-france","16":"tag-news","17":"tag-nice","18":"tag-provence-alpes-cote-dazur","19":"tag-republique-francaise","20":"tag-une-enfant"},"share_on_mastodon":{"url":"https:\/\/pubeurope.com\/@fr\/114309063202319014","error":""},"_links":{"self":[{"href":"https:\/\/www.europesays.com\/fr\/wp-json\/wp\/v2\/posts\/13112","targetHints":{"allow":["GET"]}}],"collection":[{"href":"https:\/\/www.europesays.com\/fr\/wp-json\/wp\/v2\/posts"}],"about":[{"href":"https:\/\/www.europesays.com\/fr\/wp-json\/wp\/v2\/types\/post"}],"author":[{"embeddable":true,"href":"https:\/\/www.europesays.com\/fr\/wp-json\/wp\/v2\/users\/2"}],"replies":[{"embeddable":true,"href":"https:\/\/www.europesays.com\/fr\/wp-json\/wp\/v2\/comments?post=13112"}],"version-history":[{"count":0,"href":"https:\/\/www.europesays.com\/fr\/wp-json\/wp\/v2\/posts\/13112\/revisions"}],"wp:featuredmedia":[{"embeddable":true,"href":"https:\/\/www.europesays.com\/fr\/wp-json\/wp\/v2\/media\/13113"}],"wp:attachment":[{"href":"https:\/\/www.europesays.com\/fr\/wp-json\/wp\/v2\/media?parent=13112"}],"wp:term":[{"taxonomy":"category","embeddable":true,"href":"https:\/\/www.europesays.com\/fr\/wp-json\/wp\/v2\/categories?post=13112"},{"taxonomy":"post_tag","embeddable":true,"href":"https:\/\/www.europesays.com\/fr\/wp-json\/wp\/v2\/tags?post=13112"}],"curies":[{"name":"wp","href":"https:\/\/api.w.org\/{rel}","templated":true}]}}